{"id":131,"date":"2019-06-06T09:44:09","date_gmt":"2019-06-06T06:44:09","guid":{"rendered":"https:\/\/itameriprojekti.fi\/?p=131"},"modified":"2019-06-06T09:44:09","modified_gmt":"2019-06-06T06:44:09","slug":"saara-kankaanrinta-rakkaudesta-itamereen","status":"publish","type":"post","link":"https:\/\/itameriprojekti.fi\/en\/uutinen\/saara-kankaanrinta-rakkaudesta-itamereen\/","title":{"rendered":"Saara Kankaanrinta \u2013 Rakkaudesta It\u00e4mereen"},"content":{"rendered":"<p><strong>It\u00e4meri ei voi hyvin. Se on yksi maailman saastuneimmista merist\u00e4 ja sen pelastamiseksi tarvitaan vaikuttavia tekoja \u2013 ja pian. Saara Kankaanrinnalle meri on syd\u00e4men asia ja h\u00e4n on omistanut el\u00e4m\u00e4ns\u00e4 It\u00e4meren ja luonnon hyvinvoinnille.<\/strong><\/p>\n<p><a href=\"https:\/\/www.alandsbanken.fi\/blog\/saara-kankaanrinta\" target=\"_blank\" rel=\"noopener\">Lue t\u00e4st\u00e4 \u00c5landsbankenin asiakaslehdess\u00e4 julkaistu artikkeli ymp\u00e4rist\u00f6vaikuttaja Saara Kankaanrinnasta ja h\u00e4nen suhteesta It\u00e4mereen!<\/a><\/p>\n","protected":false},"excerpt":{"rendered":"<p>It\u00e4meri ei voi hyvin. Se on yksi maailman saastuneimmista merist\u00e4 ja sen pelastamiseksi tarvitaan vaikuttavia tekoja \u2013 ja pian. Saara Kankaanrinnalle meri on syd\u00e4men asia ja h\u00e4n on omistanut el\u00e4m\u00e4ns\u00e4 It\u00e4meren ja luonnon hyvinvoinnille.<\/p>\n","protected":false},"author":2,"featured_media":132,"comment_status":"closed","ping_status":"open","sticky":false,"template":"","format":"standard","meta":{"footnotes":""},"categories":[3],"tags":[],"class_list":["post-131","post","type-post","status-publish","format-standard","has-post-thumbnail","hentry","category-uutinen"],"yoast_head":"<!-- This site is optimized with the Yoast SEO plugin v27.0 - https:\/\/yoast.com\/product\/yoast-seo-wordpress\/ -->\n<title>Saara Kankaanrinta \u2013 Rakkaudesta It\u00e4mereen - Baltic Sea Project<\/title>\n<meta name=\"robots\" content=\"index, follow, max-snippet:-1, max-image-preview:large, max-video-preview:-1\" \/>\n<link rel=\"canonical\" href=\"https:\/\/itameriprojekti.fi\/en\/uutinen\/saara-kankaanrinta-rakkaudesta-itamereen\/\" \/>\n<meta property=\"og:locale\" content=\"en_US\" \/>\n<meta property=\"og:type\" content=\"article\" \/>\n<meta property=\"og:title\" content=\"Saara Kankaanrinta \u2013 Rakkaudesta It\u00e4mereen - Baltic Sea Project\" \/>\n<meta property=\"og:description\" content=\"It\u00e4meri ei voi hyvin. Se on yksi maailman saastuneimmista merist\u00e4 ja sen pelastamiseksi tarvitaan vaikuttavia tekoja \u2013 ja pian. Saara Kankaanrinnalle meri on syd\u00e4men asia ja h\u00e4n on omistanut el\u00e4m\u00e4ns\u00e4 It\u00e4meren ja luonnon hyvinvoinnille.\" \/>\n<meta property=\"og:url\" content=\"https:\/\/itameriprojekti.fi\/en\/uutinen\/saara-kankaanrinta-rakkaudesta-itamereen\/\" \/>\n<meta property=\"og:site_name\" content=\"Baltic Sea Project\" \/>\n<meta property=\"article:published_time\" content=\"2019-06-06T06:44:09+00:00\" \/>\n<meta property=\"og:image\" content=\"https:\/\/itameriprojekti.fi\/wp-content\/uploads\/2020\/07\/saara-kankaanrinta.png\" \/>\n\t<meta property=\"og:image:width\" content=\"800\" \/>\n\t<meta property=\"og:image:height\" content=\"329\" \/>\n\t<meta property=\"og:image:type\" content=\"image\/png\" \/>\n<meta name=\"author\" content=\"markus\" \/>\n<meta name=\"twitter:card\" content=\"summary_large_image\" \/>\n<meta name=\"twitter:label1\" content=\"Written by\" \/>\n\t<meta name=\"twitter:data1\" content=\"markus\" \/>\n<script type=\"application\/ld+json\" class=\"yoast-schema-graph\">{\"@context\":\"https:\/\/schema.org\",\"@graph\":[{\"@type\":\"Article\",\"@id\":\"https:\/\/itameriprojekti.fi\/en\/uutinen\/saara-kankaanrinta-rakkaudesta-itamereen\/#article\",\"isPartOf\":{\"@id\":\"https:\/\/itameriprojekti.fi\/en\/uutinen\/saara-kankaanrinta-rakkaudesta-itamereen\/\"},\"author\":{\"name\":\"markus\",\"@id\":\"https:\/\/itameriprojekti.fi\/en\/#\/schema\/person\/5df17dada753df630ffc92ce3276ece8\"},\"headline\":\"Saara Kankaanrinta \u2013 Rakkaudesta It\u00e4mereen\",\"datePublished\":\"2019-06-06T06:44:09+00:00\",\"mainEntityOfPage\":{\"@id\":\"https:\/\/itameriprojekti.fi\/en\/uutinen\/saara-kankaanrinta-rakkaudesta-itamereen\/\"},\"wordCount\":62,\"image\":{\"@id\":\"https:\/\/itameriprojekti.fi\/en\/uutinen\/saara-kankaanrinta-rakkaudesta-itamereen\/#primaryimage\"},\"thumbnailUrl\":\"https:\/\/itameriprojekti.fi\/wp-content\/uploads\/2020\/07\/saara-kankaanrinta.png\",\"articleSection\":[\"Uutinen\"],\"inLanguage\":\"en-US\"},{\"@type\":\"WebPage\",\"@id\":\"https:\/\/itameriprojekti.fi\/en\/uutinen\/saara-kankaanrinta-rakkaudesta-itamereen\/\",\"url\":\"https:\/\/itameriprojekti.fi\/en\/uutinen\/saara-kankaanrinta-rakkaudesta-itamereen\/\",\"name\":\"Saara Kankaanrinta \u2013 Rakkaudesta It\u00e4mereen - Baltic Sea Project\",\"isPartOf\":{\"@id\":\"https:\/\/itameriprojekti.fi\/en\/#website\"},\"primaryImageOfPage\":{\"@id\":\"https:\/\/itameriprojekti.fi\/en\/uutinen\/saara-kankaanrinta-rakkaudesta-itamereen\/#primaryimage\"},\"image\":{\"@id\":\"https:\/\/itameriprojekti.fi\/en\/uutinen\/saara-kankaanrinta-rakkaudesta-itamereen\/#primaryimage\"},\"thumbnailUrl\":\"https:\/\/itameriprojekti.fi\/wp-content\/uploads\/2020\/07\/saara-kankaanrinta.png\",\"datePublished\":\"2019-06-06T06:44:09+00:00\",\"author\":{\"@id\":\"https:\/\/itameriprojekti.fi\/en\/#\/schema\/person\/5df17dada753df630ffc92ce3276ece8\"},\"breadcrumb\":{\"@id\":\"https:\/\/itameriprojekti.fi\/en\/uutinen\/saara-kankaanrinta-rakkaudesta-itamereen\/#breadcrumb\"},\"inLanguage\":\"en-US\",\"potentialAction\":[{\"@type\":\"ReadAction\",\"target\":[\"https:\/\/itameriprojekti.fi\/en\/uutinen\/saara-kankaanrinta-rakkaudesta-itamereen\/\"]}]},{\"@type\":\"ImageObject\",\"inLanguage\":\"en-US\",\"@id\":\"https:\/\/itameriprojekti.fi\/en\/uutinen\/saara-kankaanrinta-rakkaudesta-itamereen\/#primaryimage\",\"url\":\"https:\/\/itameriprojekti.fi\/wp-content\/uploads\/2020\/07\/saara-kankaanrinta.png\",\"contentUrl\":\"https:\/\/itameriprojekti.fi\/wp-content\/uploads\/2020\/07\/saara-kankaanrinta.png\",\"width\":800,\"height\":329},{\"@type\":\"BreadcrumbList\",\"@id\":\"https:\/\/itameriprojekti.fi\/en\/uutinen\/saara-kankaanrinta-rakkaudesta-itamereen\/#breadcrumb\",\"itemListElement\":[{\"@type\":\"ListItem\",\"position\":1,\"name\":\"Home\",\"item\":\"https:\/\/itameriprojekti.fi\/en\/\"},{\"@type\":\"ListItem\",\"position\":2,\"name\":\"Saara Kankaanrinta \u2013 Rakkaudesta It\u00e4mereen\"}]},{\"@type\":\"WebSite\",\"@id\":\"https:\/\/itameriprojekti.fi\/en\/#website\",\"url\":\"https:\/\/itameriprojekti.fi\/en\/\",\"name\":\"Baltic Sea Project\",\"description\":\"\u00c5landsbankenin It\u00e4meriprojekti parantaa It\u00e4meren tilaa\",\"potentialAction\":[{\"@type\":\"SearchAction\",\"target\":{\"@type\":\"EntryPoint\",\"urlTemplate\":\"https:\/\/itameriprojekti.fi\/en\/?s={search_term_string}\"},\"query-input\":{\"@type\":\"PropertyValueSpecification\",\"valueRequired\":true,\"valueName\":\"search_term_string\"}}],\"inLanguage\":\"en-US\"},{\"@type\":\"Person\",\"@id\":\"https:\/\/itameriprojekti.fi\/en\/#\/schema\/person\/5df17dada753df630ffc92ce3276ece8\",\"name\":\"markus\"}]}<\/script>\n<!-- \/ Yoast SEO plugin. -->","yoast_head_json":{"title":"Saara Kankaanrinta \u2013 Rakkaudesta It\u00e4mereen - Baltic Sea Project","robots":{"index":"index","follow":"follow","max-snippet":"max-snippet:-1","max-image-preview":"max-image-preview:large","max-video-preview":"max-video-preview:-1"},"canonical":"https:\/\/itameriprojekti.fi\/en\/uutinen\/saara-kankaanrinta-rakkaudesta-itamereen\/","og_locale":"en_US","og_type":"article","og_title":"Saara Kankaanrinta \u2013 Rakkaudesta It\u00e4mereen - Baltic Sea Project","og_description":"It\u00e4meri ei voi hyvin. Se on yksi maailman saastuneimmista merist\u00e4 ja sen pelastamiseksi tarvitaan vaikuttavia tekoja \u2013 ja pian. Saara Kankaanrinnalle meri on syd\u00e4men asia ja h\u00e4n on omistanut el\u00e4m\u00e4ns\u00e4 It\u00e4meren ja luonnon hyvinvoinnille.","og_url":"https:\/\/itameriprojekti.fi\/en\/uutinen\/saara-kankaanrinta-rakkaudesta-itamereen\/","og_site_name":"Baltic Sea Project","article_published_time":"2019-06-06T06:44:09+00:00","og_image":[{"width":800,"height":329,"url":"https:\/\/itameriprojekti.fi\/wp-content\/uploads\/2020\/07\/saara-kankaanrinta.png","type":"image\/png"}],"author":"markus","twitter_card":"summary_large_image","twitter_misc":{"Written by":"markus"},"schema":{"@context":"https:\/\/schema.org","@graph":[{"@type":"Article","@id":"https:\/\/itameriprojekti.fi\/en\/uutinen\/saara-kankaanrinta-rakkaudesta-itamereen\/#article","isPartOf":{"@id":"https:\/\/itameriprojekti.fi\/en\/uutinen\/saara-kankaanrinta-rakkaudesta-itamereen\/"},"author":{"name":"markus","@id":"https:\/\/itameriprojekti.fi\/en\/#\/schema\/person\/5df17dada753df630ffc92ce3276ece8"},"headline":"Saara Kankaanrinta \u2013 Rakkaudesta It\u00e4mereen","datePublished":"2019-06-06T06:44:09+00:00","mainEntityOfPage":{"@id":"https:\/\/itameriprojekti.fi\/en\/uutinen\/saara-kankaanrinta-rakkaudesta-itamereen\/"},"wordCount":62,"image":{"@id":"https:\/\/itameriprojekti.fi\/en\/uutinen\/saara-kankaanrinta-rakkaudesta-itamereen\/#primaryimage"},"thumbnailUrl":"https:\/\/itameriprojekti.fi\/wp-content\/uploads\/2020\/07\/saara-kankaanrinta.png","articleSection":["Uutinen"],"inLanguage":"en-US"},{"@type":"WebPage","@id":"https:\/\/itameriprojekti.fi\/en\/uutinen\/saara-kankaanrinta-rakkaudesta-itamereen\/","url":"https:\/\/itameriprojekti.fi\/en\/uutinen\/saara-kankaanrinta-rakkaudesta-itamereen\/","name":"Saara Kankaanrinta \u2013 Rakkaudesta It\u00e4mereen - Baltic Sea Project","isPartOf":{"@id":"https:\/\/itameriprojekti.fi\/en\/#website"},"primaryImageOfPage":{"@id":"https:\/\/itameriprojekti.fi\/en\/uutinen\/saara-kankaanrinta-rakkaudesta-itamereen\/#primaryimage"},"image":{"@id":"https:\/\/itameriprojekti.fi\/en\/uutinen\/saara-kankaanrinta-rakkaudesta-itamereen\/#primaryimage"},"thumbnailUrl":"https:\/\/itameriprojekti.fi\/wp-content\/uploads\/2020\/07\/saara-kankaanrinta.png","datePublished":"2019-06-06T06:44:09+00:00","author":{"@id":"https:\/\/itameriprojekti.fi\/en\/#\/schema\/person\/5df17dada753df630ffc92ce3276ece8"},"breadcrumb":{"@id":"https:\/\/itameriprojekti.fi\/en\/uutinen\/saara-kankaanrinta-rakkaudesta-itamereen\/#breadcrumb"},"inLanguage":"en-US","potentialAction":[{"@type":"ReadAction","target":["https:\/\/itameriprojekti.fi\/en\/uutinen\/saara-kankaanrinta-rakkaudesta-itamereen\/"]}]},{"@type":"ImageObject","inLanguage":"en-US","@id":"https:\/\/itameriprojekti.fi\/en\/uutinen\/saara-kankaanrinta-rakkaudesta-itamereen\/#primaryimage","url":"https:\/\/itameriprojekti.fi\/wp-content\/uploads\/2020\/07\/saara-kankaanrinta.png","contentUrl":"https:\/\/itameriprojekti.fi\/wp-content\/uploads\/2020\/07\/saara-kankaanrinta.png","width":800,"height":329},{"@type":"BreadcrumbList","@id":"https:\/\/itameriprojekti.fi\/en\/uutinen\/saara-kankaanrinta-rakkaudesta-itamereen\/#breadcrumb","itemListElement":[{"@type":"ListItem","position":1,"name":"Home","item":"https:\/\/itameriprojekti.fi\/en\/"},{"@type":"ListItem","position":2,"name":"Saara Kankaanrinta \u2013 Rakkaudesta It\u00e4mereen"}]},{"@type":"WebSite","@id":"https:\/\/itameriprojekti.fi\/en\/#website","url":"https:\/\/itameriprojekti.fi\/en\/","name":"Baltic Sea Project","description":"\u00c5landsbankenin It\u00e4meriprojekti parantaa It\u00e4meren tilaa","potentialAction":[{"@type":"SearchAction","target":{"@type":"EntryPoint","urlTemplate":"https:\/\/itameriprojekti.fi\/en\/?s={search_term_string}"},"query-input":{"@type":"PropertyValueSpecification","valueRequired":true,"valueName":"search_term_string"}}],"inLanguage":"en-US"},{"@type":"Person","@id":"https:\/\/itameriprojekti.fi\/en\/#\/schema\/person\/5df17dada753df630ffc92ce3276ece8","name":"markus"}]}},"_links":{"self":[{"href":"https:\/\/itameriprojekti.fi\/en\/wp-json\/wp\/v2\/posts\/131","targetHints":{"allow":["GET"]}}],"collection":[{"href":"https:\/\/itameriprojekti.fi\/en\/wp-json\/wp\/v2\/posts"}],"about":[{"href":"https:\/\/itameriprojekti.fi\/en\/wp-json\/wp\/v2\/types\/post"}],"author":[{"embeddable":true,"href":"https:\/\/itameriprojekti.fi\/en\/wp-json\/wp\/v2\/users\/2"}],"replies":[{"embeddable":true,"href":"https:\/\/itameriprojekti.fi\/en\/wp-json\/wp\/v2\/comments?post=131"}],"version-history":[{"count":0,"href":"https:\/\/itameriprojekti.fi\/en\/wp-json\/wp\/v2\/posts\/131\/revisions"}],"wp:featuredmedia":[{"embeddable":true,"href":"https:\/\/itameriprojekti.fi\/en\/wp-json\/wp\/v2\/media\/132"}],"wp:attachment":[{"href":"https:\/\/itameriprojekti.fi\/en\/wp-json\/wp\/v2\/media?parent=131"}],"wp:term":[{"taxonomy":"category","embeddable":true,"href":"https:\/\/itameriprojekti.fi\/en\/wp-json\/wp\/v2\/categories?post=131"},{"taxonomy":"post_tag","embeddable":true,"href":"https:\/\/itameriprojekti.fi\/en\/wp-json\/wp\/v2\/tags?post=131"}],"curies":[{"name":"wp","href":"https:\/\/api.w.org\/{rel}","templated":true}]}}