{"id":133,"date":"2019-02-11T10:46:15","date_gmt":"2019-02-11T08:46:15","guid":{"rendered":"https:\/\/itameriprojekti.fi\/?p=133"},"modified":"2019-02-11T10:46:15","modified_gmt":"2019-02-11T08:46:15","slug":"tuuli-petaja-siren-tyopaikkana-itameri","status":"publish","type":"post","link":"https:\/\/itameriprojekti.fi\/en\/uutinen\/tuuli-petaja-siren-tyopaikkana-itameri\/","title":{"rendered":"Tuuli Pet\u00e4j\u00e4-Sir\u00e9n \u2013 Ty\u00f6paikkana It\u00e4meri"},"content":{"rendered":"<p><strong>Olympiamitalisti Tuuli Pet\u00e4j\u00e4-Sir\u00e9nin silmiss\u00e4 siint\u00e4\u00e4 Tokio 2020. Kolminkertainen olympiak\u00e4vij\u00e4 on n\u00e4hnyt ja kokenut paljon uransa aikana, mutta mist\u00e4 kaikki alkoi, mink\u00e4lainen on kilpapurjehtijan olympiadi ja mit\u00e4 It\u00e4meriprojektin kummi toivoisi meid\u00e4n tekev\u00e4n luonnon hyv\u00e4ksi?<\/strong><\/p>\n<p><a href=\"https:\/\/www.alandsbanken.fi\/blog\/tuuli-petaja-siren\" target=\"_blank\" rel=\"noopener\">Lue t\u00e4st\u00e4 \u00c5landsbankenin asiakaslehdess\u00e4 julkaistu artikkeli Tuulista ja h\u00e4nen ty\u00f6st\u00e4\u00e4n It\u00e4merell\u00e4!<\/a><\/p>\n","protected":false},"excerpt":{"rendered":"<p>Olympiamitalisti Tuuli Pet\u00e4j\u00e4-Sir\u00e9nin silmiss\u00e4 siint\u00e4\u00e4 Tokio 2020. Kolminkertainen olympiak\u00e4vij\u00e4 on n\u00e4hnyt ja kokenut paljon uransa aikana, mutta mist\u00e4 kaikki alkoi, mink\u00e4lainen on kilpapurjehtijan olympiadi ja mit\u00e4 It\u00e4meriprojektin kummi toivoisi meid\u00e4n tekev\u00e4n luonnon hyv\u00e4ksi?<\/p>\n","protected":false},"author":2,"featured_media":134,"comment_status":"closed","ping_status":"open","sticky":false,"template":"","format":"standard","meta":{"footnotes":""},"categories":[3],"tags":[],"class_list":["post-133","post","type-post","status-publish","format-standard","has-post-thumbnail","hentry","category-uutinen"],"yoast_head":"<!-- This site is optimized with the Yoast SEO plugin v27.0 - https:\/\/yoast.com\/product\/yoast-seo-wordpress\/ -->\n<title>Tuuli Pet\u00e4j\u00e4-Sir\u00e9n \u2013 Ty\u00f6paikkana It\u00e4meri - Baltic Sea Project<\/title>\n<meta name=\"robots\" content=\"index, follow, max-snippet:-1, max-image-preview:large, max-video-preview:-1\" \/>\n<link rel=\"canonical\" href=\"https:\/\/itameriprojekti.fi\/en\/uutinen\/tuuli-petaja-siren-tyopaikkana-itameri\/\" \/>\n<meta property=\"og:locale\" content=\"en_US\" \/>\n<meta property=\"og:type\" content=\"article\" \/>\n<meta property=\"og:title\" content=\"Tuuli Pet\u00e4j\u00e4-Sir\u00e9n \u2013 Ty\u00f6paikkana It\u00e4meri - Baltic Sea Project\" \/>\n<meta property=\"og:description\" content=\"Olympiamitalisti Tuuli Pet\u00e4j\u00e4-Sir\u00e9nin silmiss\u00e4 siint\u00e4\u00e4 Tokio 2020. Kolminkertainen olympiak\u00e4vij\u00e4 on n\u00e4hnyt ja kokenut paljon uransa aikana, mutta mist\u00e4 kaikki alkoi, mink\u00e4lainen on kilpapurjehtijan olympiadi ja mit\u00e4 It\u00e4meriprojektin kummi toivoisi meid\u00e4n tekev\u00e4n luonnon hyv\u00e4ksi?\" \/>\n<meta property=\"og:url\" content=\"https:\/\/itameriprojekti.fi\/en\/uutinen\/tuuli-petaja-siren-tyopaikkana-itameri\/\" \/>\n<meta property=\"og:site_name\" content=\"Baltic Sea Project\" \/>\n<meta property=\"article:published_time\" content=\"2019-02-11T08:46:15+00:00\" \/>\n<meta property=\"og:image\" content=\"https:\/\/itameriprojekti.fi\/wp-content\/uploads\/2020\/07\/tuuli-petajasiren.jpg\" \/>\n\t<meta property=\"og:image:width\" content=\"800\" \/>\n\t<meta property=\"og:image:height\" content=\"316\" \/>\n\t<meta property=\"og:image:type\" content=\"image\/jpeg\" \/>\n<meta name=\"author\" content=\"markus\" \/>\n<meta name=\"twitter:card\" content=\"summary_large_image\" \/>\n<meta name=\"twitter:label1\" content=\"Written by\" \/>\n\t<meta name=\"twitter:data1\" content=\"markus\" \/>\n<script type=\"application\/ld+json\" class=\"yoast-schema-graph\">{\"@context\":\"https:\/\/schema.org\",\"@graph\":[{\"@type\":\"Article\",\"@id\":\"https:\/\/itameriprojekti.fi\/en\/uutinen\/tuuli-petaja-siren-tyopaikkana-itameri\/#article\",\"isPartOf\":{\"@id\":\"https:\/\/itameriprojekti.fi\/en\/uutinen\/tuuli-petaja-siren-tyopaikkana-itameri\/\"},\"author\":{\"name\":\"markus\",\"@id\":\"https:\/\/itameriprojekti.fi\/en\/#\/schema\/person\/5df17dada753df630ffc92ce3276ece8\"},\"headline\":\"Tuuli Pet\u00e4j\u00e4-Sir\u00e9n \u2013 Ty\u00f6paikkana It\u00e4meri\",\"datePublished\":\"2019-02-11T08:46:15+00:00\",\"mainEntityOfPage\":{\"@id\":\"https:\/\/itameriprojekti.fi\/en\/uutinen\/tuuli-petaja-siren-tyopaikkana-itameri\/\"},\"wordCount\":67,\"image\":{\"@id\":\"https:\/\/itameriprojekti.fi\/en\/uutinen\/tuuli-petaja-siren-tyopaikkana-itameri\/#primaryimage\"},\"thumbnailUrl\":\"https:\/\/itameriprojekti.fi\/wp-content\/uploads\/2020\/07\/tuuli-petajasiren.jpg\",\"articleSection\":[\"Uutinen\"],\"inLanguage\":\"en-US\"},{\"@type\":\"WebPage\",\"@id\":\"https:\/\/itameriprojekti.fi\/en\/uutinen\/tuuli-petaja-siren-tyopaikkana-itameri\/\",\"url\":\"https:\/\/itameriprojekti.fi\/en\/uutinen\/tuuli-petaja-siren-tyopaikkana-itameri\/\",\"name\":\"Tuuli Pet\u00e4j\u00e4-Sir\u00e9n \u2013 Ty\u00f6paikkana It\u00e4meri - Baltic Sea Project\",\"isPartOf\":{\"@id\":\"https:\/\/itameriprojekti.fi\/en\/#website\"},\"primaryImageOfPage\":{\"@id\":\"https:\/\/itameriprojekti.fi\/en\/uutinen\/tuuli-petaja-siren-tyopaikkana-itameri\/#primaryimage\"},\"image\":{\"@id\":\"https:\/\/itameriprojekti.fi\/en\/uutinen\/tuuli-petaja-siren-tyopaikkana-itameri\/#primaryimage\"},\"thumbnailUrl\":\"https:\/\/itameriprojekti.fi\/wp-content\/uploads\/2020\/07\/tuuli-petajasiren.jpg\",\"datePublished\":\"2019-02-11T08:46:15+00:00\",\"author\":{\"@id\":\"https:\/\/itameriprojekti.fi\/en\/#\/schema\/person\/5df17dada753df630ffc92ce3276ece8\"},\"breadcrumb\":{\"@id\":\"https:\/\/itameriprojekti.fi\/en\/uutinen\/tuuli-petaja-siren-tyopaikkana-itameri\/#breadcrumb\"},\"inLanguage\":\"en-US\",\"potentialAction\":[{\"@type\":\"ReadAction\",\"target\":[\"https:\/\/itameriprojekti.fi\/en\/uutinen\/tuuli-petaja-siren-tyopaikkana-itameri\/\"]}]},{\"@type\":\"ImageObject\",\"inLanguage\":\"en-US\",\"@id\":\"https:\/\/itameriprojekti.fi\/en\/uutinen\/tuuli-petaja-siren-tyopaikkana-itameri\/#primaryimage\",\"url\":\"https:\/\/itameriprojekti.fi\/wp-content\/uploads\/2020\/07\/tuuli-petajasiren.jpg\",\"contentUrl\":\"https:\/\/itameriprojekti.fi\/wp-content\/uploads\/2020\/07\/tuuli-petajasiren.jpg\",\"width\":800,\"height\":316},{\"@type\":\"BreadcrumbList\",\"@id\":\"https:\/\/itameriprojekti.fi\/en\/uutinen\/tuuli-petaja-siren-tyopaikkana-itameri\/#breadcrumb\",\"itemListElement\":[{\"@type\":\"ListItem\",\"position\":1,\"name\":\"Home\",\"item\":\"https:\/\/itameriprojekti.fi\/en\/\"},{\"@type\":\"ListItem\",\"position\":2,\"name\":\"Tuuli Pet\u00e4j\u00e4-Sir\u00e9n \u2013 Ty\u00f6paikkana It\u00e4meri\"}]},{\"@type\":\"WebSite\",\"@id\":\"https:\/\/itameriprojekti.fi\/en\/#website\",\"url\":\"https:\/\/itameriprojekti.fi\/en\/\",\"name\":\"Baltic Sea Project\",\"description\":\"\u00c5landsbankenin It\u00e4meriprojekti parantaa It\u00e4meren tilaa\",\"potentialAction\":[{\"@type\":\"SearchAction\",\"target\":{\"@type\":\"EntryPoint\",\"urlTemplate\":\"https:\/\/itameriprojekti.fi\/en\/?s={search_term_string}\"},\"query-input\":{\"@type\":\"PropertyValueSpecification\",\"valueRequired\":true,\"valueName\":\"search_term_string\"}}],\"inLanguage\":\"en-US\"},{\"@type\":\"Person\",\"@id\":\"https:\/\/itameriprojekti.fi\/en\/#\/schema\/person\/5df17dada753df630ffc92ce3276ece8\",\"name\":\"markus\"}]}<\/script>\n<!-- \/ Yoast SEO plugin. -->","yoast_head_json":{"title":"Tuuli Pet\u00e4j\u00e4-Sir\u00e9n \u2013 Ty\u00f6paikkana It\u00e4meri - Baltic Sea Project","robots":{"index":"index","follow":"follow","max-snippet":"max-snippet:-1","max-image-preview":"max-image-preview:large","max-video-preview":"max-video-preview:-1"},"canonical":"https:\/\/itameriprojekti.fi\/en\/uutinen\/tuuli-petaja-siren-tyopaikkana-itameri\/","og_locale":"en_US","og_type":"article","og_title":"Tuuli Pet\u00e4j\u00e4-Sir\u00e9n \u2013 Ty\u00f6paikkana It\u00e4meri - Baltic Sea Project","og_description":"Olympiamitalisti Tuuli Pet\u00e4j\u00e4-Sir\u00e9nin silmiss\u00e4 siint\u00e4\u00e4 Tokio 2020. Kolminkertainen olympiak\u00e4vij\u00e4 on n\u00e4hnyt ja kokenut paljon uransa aikana, mutta mist\u00e4 kaikki alkoi, mink\u00e4lainen on kilpapurjehtijan olympiadi ja mit\u00e4 It\u00e4meriprojektin kummi toivoisi meid\u00e4n tekev\u00e4n luonnon hyv\u00e4ksi?","og_url":"https:\/\/itameriprojekti.fi\/en\/uutinen\/tuuli-petaja-siren-tyopaikkana-itameri\/","og_site_name":"Baltic Sea Project","article_published_time":"2019-02-11T08:46:15+00:00","og_image":[{"width":800,"height":316,"url":"https:\/\/itameriprojekti.fi\/wp-content\/uploads\/2020\/07\/tuuli-petajasiren.jpg","type":"image\/jpeg"}],"author":"markus","twitter_card":"summary_large_image","twitter_misc":{"Written by":"markus"},"schema":{"@context":"https:\/\/schema.org","@graph":[{"@type":"Article","@id":"https:\/\/itameriprojekti.fi\/en\/uutinen\/tuuli-petaja-siren-tyopaikkana-itameri\/#article","isPartOf":{"@id":"https:\/\/itameriprojekti.fi\/en\/uutinen\/tuuli-petaja-siren-tyopaikkana-itameri\/"},"author":{"name":"markus","@id":"https:\/\/itameriprojekti.fi\/en\/#\/schema\/person\/5df17dada753df630ffc92ce3276ece8"},"headline":"Tuuli Pet\u00e4j\u00e4-Sir\u00e9n \u2013 Ty\u00f6paikkana It\u00e4meri","datePublished":"2019-02-11T08:46:15+00:00","mainEntityOfPage":{"@id":"https:\/\/itameriprojekti.fi\/en\/uutinen\/tuuli-petaja-siren-tyopaikkana-itameri\/"},"wordCount":67,"image":{"@id":"https:\/\/itameriprojekti.fi\/en\/uutinen\/tuuli-petaja-siren-tyopaikkana-itameri\/#primaryimage"},"thumbnailUrl":"https:\/\/itameriprojekti.fi\/wp-content\/uploads\/2020\/07\/tuuli-petajasiren.jpg","articleSection":["Uutinen"],"inLanguage":"en-US"},{"@type":"WebPage","@id":"https:\/\/itameriprojekti.fi\/en\/uutinen\/tuuli-petaja-siren-tyopaikkana-itameri\/","url":"https:\/\/itameriprojekti.fi\/en\/uutinen\/tuuli-petaja-siren-tyopaikkana-itameri\/","name":"Tuuli Pet\u00e4j\u00e4-Sir\u00e9n \u2013 Ty\u00f6paikkana It\u00e4meri - Baltic Sea Project","isPartOf":{"@id":"https:\/\/itameriprojekti.fi\/en\/#website"},"primaryImageOfPage":{"@id":"https:\/\/itameriprojekti.fi\/en\/uutinen\/tuuli-petaja-siren-tyopaikkana-itameri\/#primaryimage"},"image":{"@id":"https:\/\/itameriprojekti.fi\/en\/uutinen\/tuuli-petaja-siren-tyopaikkana-itameri\/#primaryimage"},"thumbnailUrl":"https:\/\/itameriprojekti.fi\/wp-content\/uploads\/2020\/07\/tuuli-petajasiren.jpg","datePublished":"2019-02-11T08:46:15+00:00","author":{"@id":"https:\/\/itameriprojekti.fi\/en\/#\/schema\/person\/5df17dada753df630ffc92ce3276ece8"},"breadcrumb":{"@id":"https:\/\/itameriprojekti.fi\/en\/uutinen\/tuuli-petaja-siren-tyopaikkana-itameri\/#breadcrumb"},"inLanguage":"en-US","potentialAction":[{"@type":"ReadAction","target":["https:\/\/itameriprojekti.fi\/en\/uutinen\/tuuli-petaja-siren-tyopaikkana-itameri\/"]}]},{"@type":"ImageObject","inLanguage":"en-US","@id":"https:\/\/itameriprojekti.fi\/en\/uutinen\/tuuli-petaja-siren-tyopaikkana-itameri\/#primaryimage","url":"https:\/\/itameriprojekti.fi\/wp-content\/uploads\/2020\/07\/tuuli-petajasiren.jpg","contentUrl":"https:\/\/itameriprojekti.fi\/wp-content\/uploads\/2020\/07\/tuuli-petajasiren.jpg","width":800,"height":316},{"@type":"BreadcrumbList","@id":"https:\/\/itameriprojekti.fi\/en\/uutinen\/tuuli-petaja-siren-tyopaikkana-itameri\/#breadcrumb","itemListElement":[{"@type":"ListItem","position":1,"name":"Home","item":"https:\/\/itameriprojekti.fi\/en\/"},{"@type":"ListItem","position":2,"name":"Tuuli Pet\u00e4j\u00e4-Sir\u00e9n \u2013 Ty\u00f6paikkana It\u00e4meri"}]},{"@type":"WebSite","@id":"https:\/\/itameriprojekti.fi\/en\/#website","url":"https:\/\/itameriprojekti.fi\/en\/","name":"Baltic Sea Project","description":"\u00c5landsbankenin It\u00e4meriprojekti parantaa It\u00e4meren tilaa","potentialAction":[{"@type":"SearchAction","target":{"@type":"EntryPoint","urlTemplate":"https:\/\/itameriprojekti.fi\/en\/?s={search_term_string}"},"query-input":{"@type":"PropertyValueSpecification","valueRequired":true,"valueName":"search_term_string"}}],"inLanguage":"en-US"},{"@type":"Person","@id":"https:\/\/itameriprojekti.fi\/en\/#\/schema\/person\/5df17dada753df630ffc92ce3276ece8","name":"markus"}]}},"_links":{"self":[{"href":"https:\/\/itameriprojekti.fi\/en\/wp-json\/wp\/v2\/posts\/133","targetHints":{"allow":["GET"]}}],"collection":[{"href":"https:\/\/itameriprojekti.fi\/en\/wp-json\/wp\/v2\/posts"}],"about":[{"href":"https:\/\/itameriprojekti.fi\/en\/wp-json\/wp\/v2\/types\/post"}],"author":[{"embeddable":true,"href":"https:\/\/itameriprojekti.fi\/en\/wp-json\/wp\/v2\/users\/2"}],"replies":[{"embeddable":true,"href":"https:\/\/itameriprojekti.fi\/en\/wp-json\/wp\/v2\/comments?post=133"}],"version-history":[{"count":0,"href":"https:\/\/itameriprojekti.fi\/en\/wp-json\/wp\/v2\/posts\/133\/revisions"}],"wp:featuredmedia":[{"embeddable":true,"href":"https:\/\/itameriprojekti.fi\/en\/wp-json\/wp\/v2\/media\/134"}],"wp:attachment":[{"href":"https:\/\/itameriprojekti.fi\/en\/wp-json\/wp\/v2\/media?parent=133"}],"wp:term":[{"taxonomy":"category","embeddable":true,"href":"https:\/\/itameriprojekti.fi\/en\/wp-json\/wp\/v2\/categories?post=133"},{"taxonomy":"post_tag","embeddable":true,"href":"https:\/\/itameriprojekti.fi\/en\/wp-json\/wp\/v2\/tags?post=133"}],"curies":[{"name":"wp","href":"https:\/\/api.w.org\/{rel}","templated":true}]}}