{"id":143,"date":"2021-03-03T12:44:13","date_gmt":"2021-03-03T10:44:13","guid":{"rendered":"https:\/\/itameriprojekti.fi\/?p=143"},"modified":"2021-03-03T12:44:13","modified_gmt":"2021-03-03T10:44:13","slug":"innovaatioita-puhtaamman-itameren-hyvaksi-vastuullisuuswebinaari-perjantaina-12-3","status":"publish","type":"post","link":"https:\/\/itameriprojekti.fi\/en\/uutinen\/innovaatioita-puhtaamman-itameren-hyvaksi-vastuullisuuswebinaari-perjantaina-12-3\/","title":{"rendered":"Innovaatioita puhtaamman It\u00e4meren hyv\u00e4ksi -vastuullisuuswebinaari perjantaina 12.3."},"content":{"rendered":"<p>Pian on aika julkaista It\u00e4meriprojektin voittajat. Vuonna 2020 \u00c5landsbankenin It\u00e4meriprojekti sai enn\u00e4tysm\u00e4\u00e4r\u00e4n 168 hakemusta. Vuosien aikana \u00c5landsbanken on lahjoittanut jo l\u00e4hes 2 800 000 euroa ymp\u00e4rist\u00f6n hyv\u00e4ksi.<\/p>\n<p><strong>Webinaarissa keskustelemme It\u00e4meren tilasta, ratkaisuista sen parantamiseksi, yritysvastuusta ja innovaatioista ilmaston muutoksen hillitsemiseksi. Vieraanamme webinaarissa ovat Ilkka Herlin (Baltic Sea Action Group), Pasi Vainikka (Solar Foods) ja Marko K\u00e4rkk\u00e4inen (Clewat).<\/strong><\/p>\n<p>Ilkka Herlin, BSAG:n hallituksen j\u00e4sen, kertoo meille miksi It\u00e4meren tilan parantaminen on t\u00e4rke\u00e4\u00e4 ja mit\u00e4 kaikkea voimme saavuttaa yhteisty\u00f6ll\u00e4 &#8211; yhten\u00e4 esimerkkin\u00e4 It\u00e4meriprojektin rahoittama\u00a0<em>El\u00e4v\u00e4 It\u00e4meri<\/em>\u00a0yhteisty\u00f6hanke.<\/p>\n<p>Lis\u00e4ksi meill\u00e4 on mukana kaksi eritt\u00e4in innovatiivista suomalaista startup-yrityst\u00e4, jotka ovat saaneet rahoitusta It\u00e4meriprojektilta aikaisempina vuosina. Solar Foods tuottaa proteiinia ilmasta, ja nousi vuonna 2019 Talousel\u00e4m\u00e4n Suomen 10 lupaavimman startup-yrityksen joukkoon. Clewat perustettiin It\u00e4meriprojektin rahoituksen avulla vuonna 2018. Vesist\u00f6n-puhdistusaluksilla puhdistetaan vesist\u00f6ist\u00e4 muoviroskaa, haittakasvillisuutta ja \u00f6ljy\u00e4, ja yritys on jo n\u00e4ytt\u00e4nyt taitonsa niin Suomessa kuin maailmalla. Molemmat yritykset kertovat inspiroivasta matkastaan.<\/p>\n<p>Tervetuloa tutustumaan huomisen innovaatioihin ja ratkaisuihin terveemm\u00e4n It\u00e4meren puolesta perjantaina 12.3.2021 klo 10.00!<\/p>\n<h3><strong>Ohjelma<\/strong><\/h3>\n<p><strong>It\u00e4meriprojektin tulosten julkistus<br \/>\n<\/strong><em>Anne-Maria Salonius, johataja \u00c5landsbanken Suomi<\/em><\/p>\n<p><em><strong>Yhteisty\u00f6t\u00e4 tarvitaan It\u00e4meren pelastamiseksi<br \/>\n<\/strong><\/em><em>Ilkka Herlin, Baltic Sea Action Group<\/em><\/p>\n<p><em><strong>Food Out of Thin Air &#8211; ruokaa ilmasta<br \/>\n<\/strong><\/em><em>Pasi Vainikka, toimitusjohtaja ja perustajaj\u00e4sen, Solar Foods<\/em><\/p>\n<p><em><strong>Innovaatiot It\u00e4meren pelastamiseksi<br \/>\n<\/strong><\/em><em>Marko K\u00e4rkk\u00e4inen, kaupallinen johtaja, Clewat<\/em><\/p>\n<p>&nbsp;<\/p>\n<p>Ilmoittaudu mukaan webinaariin <a href=\"https:\/\/www.anpdm.com\/public\/event\/RegistrationForm\/42445F4770424A5F467840?utm_campaign=unspecified&amp;utm_content=unspecified&amp;utm_medium=email&amp;utm_source=newsletter\"><strong>t\u00e4st\u00e4 linkist\u00e4<\/strong><\/a>.<\/p>\n","protected":false},"excerpt":{"rendered":"<p>Pian on aika julkaista It\u00e4meriprojektin voittajat. Vuonna 2020 \u00c5landsbankenin It\u00e4meriprojekti sai enn\u00e4tysm\u00e4\u00e4r\u00e4n 168 hakemusta. Vuosien aikana \u00c5landsbanken on lahjoittanut jo [&hellip;]<\/p>\n","protected":false},"author":2,"featured_media":140,"comment_status":"closed","ping_status":"open","sticky":false,"template":"","format":"standard","meta":{"footnotes":""},"categories":[3],"tags":[],"class_list":["post-143","post","type-post","status-publish","format-standard","has-post-thumbnail","hentry","category-uutinen"],"yoast_head":"<!-- This site is optimized with the Yoast SEO plugin v27.0 - https:\/\/yoast.com\/product\/yoast-seo-wordpress\/ -->\n<title>Innovaatioita puhtaamman It\u00e4meren hyv\u00e4ksi -vastuullisuuswebinaari perjantaina 12.3. - Baltic Sea Project<\/title>\n<meta name=\"robots\" content=\"index, follow, max-snippet:-1, max-image-preview:large, max-video-preview:-1\" \/>\n<link rel=\"canonical\" href=\"https:\/\/itameriprojekti.fi\/en\/uutinen\/innovaatioita-puhtaamman-itameren-hyvaksi-vastuullisuuswebinaari-perjantaina-12-3\/\" \/>\n<meta property=\"og:locale\" content=\"en_US\" \/>\n<meta property=\"og:type\" content=\"article\" \/>\n<meta property=\"og:title\" content=\"Innovaatioita puhtaamman It\u00e4meren hyv\u00e4ksi -vastuullisuuswebinaari perjantaina 12.3. - Baltic Sea Project\" \/>\n<meta property=\"og:description\" content=\"Pian on aika julkaista It\u00e4meriprojektin voittajat. Vuonna 2020 \u00c5landsbankenin It\u00e4meriprojekti sai enn\u00e4tysm\u00e4\u00e4r\u00e4n 168 hakemusta. Vuosien aikana \u00c5landsbanken on lahjoittanut jo [&hellip;]\" \/>\n<meta property=\"og:url\" content=\"https:\/\/itameriprojekti.fi\/en\/uutinen\/innovaatioita-puhtaamman-itameren-hyvaksi-vastuullisuuswebinaari-perjantaina-12-3\/\" \/>\n<meta property=\"og:site_name\" content=\"Baltic Sea Project\" \/>\n<meta property=\"article:published_time\" content=\"2021-03-03T10:44:13+00:00\" \/>\n<meta property=\"og:image\" content=\"https:\/\/itameriprojekti.fi\/wp-content\/uploads\/2020\/09\/itameri_kuva-scaled.jpg\" \/>\n\t<meta property=\"og:image:width\" content=\"2560\" \/>\n\t<meta property=\"og:image:height\" content=\"1568\" \/>\n\t<meta property=\"og:image:type\" content=\"image\/jpeg\" \/>\n<meta name=\"author\" content=\"markus\" \/>\n<meta name=\"twitter:card\" content=\"summary_large_image\" \/>\n<meta name=\"twitter:label1\" content=\"Written by\" \/>\n\t<meta name=\"twitter:data1\" content=\"markus\" \/>\n\t<meta name=\"twitter:label2\" content=\"Est. reading time\" \/>\n\t<meta name=\"twitter:data2\" content=\"1 minute\" \/>\n<script type=\"application\/ld+json\" class=\"yoast-schema-graph\">{\"@context\":\"https:\/\/schema.org\",\"@graph\":[{\"@type\":\"Article\",\"@id\":\"https:\/\/itameriprojekti.fi\/en\/uutinen\/innovaatioita-puhtaamman-itameren-hyvaksi-vastuullisuuswebinaari-perjantaina-12-3\/#article\",\"isPartOf\":{\"@id\":\"https:\/\/itameriprojekti.fi\/en\/uutinen\/innovaatioita-puhtaamman-itameren-hyvaksi-vastuullisuuswebinaari-perjantaina-12-3\/\"},\"author\":{\"name\":\"markus\",\"@id\":\"https:\/\/itameriprojekti.fi\/en\/#\/schema\/person\/5df17dada753df630ffc92ce3276ece8\"},\"headline\":\"Innovaatioita puhtaamman It\u00e4meren hyv\u00e4ksi -vastuullisuuswebinaari perjantaina 12.3.\",\"datePublished\":\"2021-03-03T10:44:13+00:00\",\"mainEntityOfPage\":{\"@id\":\"https:\/\/itameriprojekti.fi\/en\/uutinen\/innovaatioita-puhtaamman-itameren-hyvaksi-vastuullisuuswebinaari-perjantaina-12-3\/\"},\"wordCount\":244,\"image\":{\"@id\":\"https:\/\/itameriprojekti.fi\/en\/uutinen\/innovaatioita-puhtaamman-itameren-hyvaksi-vastuullisuuswebinaari-perjantaina-12-3\/#primaryimage\"},\"thumbnailUrl\":\"https:\/\/itameriprojekti.fi\/wp-content\/uploads\/2020\/09\/itameri_kuva-scaled.jpg\",\"articleSection\":[\"Uutinen\"],\"inLanguage\":\"en-US\"},{\"@type\":\"WebPage\",\"@id\":\"https:\/\/itameriprojekti.fi\/en\/uutinen\/innovaatioita-puhtaamman-itameren-hyvaksi-vastuullisuuswebinaari-perjantaina-12-3\/\",\"url\":\"https:\/\/itameriprojekti.fi\/en\/uutinen\/innovaatioita-puhtaamman-itameren-hyvaksi-vastuullisuuswebinaari-perjantaina-12-3\/\",\"name\":\"Innovaatioita puhtaamman It\u00e4meren hyv\u00e4ksi -vastuullisuuswebinaari perjantaina 12.3. - Baltic Sea Project\",\"isPartOf\":{\"@id\":\"https:\/\/itameriprojekti.fi\/en\/#website\"},\"primaryImageOfPage\":{\"@id\":\"https:\/\/itameriprojekti.fi\/en\/uutinen\/innovaatioita-puhtaamman-itameren-hyvaksi-vastuullisuuswebinaari-perjantaina-12-3\/#primaryimage\"},\"image\":{\"@id\":\"https:\/\/itameriprojekti.fi\/en\/uutinen\/innovaatioita-puhtaamman-itameren-hyvaksi-vastuullisuuswebinaari-perjantaina-12-3\/#primaryimage\"},\"thumbnailUrl\":\"https:\/\/itameriprojekti.fi\/wp-content\/uploads\/2020\/09\/itameri_kuva-scaled.jpg\",\"datePublished\":\"2021-03-03T10:44:13+00:00\",\"author\":{\"@id\":\"https:\/\/itameriprojekti.fi\/en\/#\/schema\/person\/5df17dada753df630ffc92ce3276ece8\"},\"breadcrumb\":{\"@id\":\"https:\/\/itameriprojekti.fi\/en\/uutinen\/innovaatioita-puhtaamman-itameren-hyvaksi-vastuullisuuswebinaari-perjantaina-12-3\/#breadcrumb\"},\"inLanguage\":\"en-US\",\"potentialAction\":[{\"@type\":\"ReadAction\",\"target\":[\"https:\/\/itameriprojekti.fi\/en\/uutinen\/innovaatioita-puhtaamman-itameren-hyvaksi-vastuullisuuswebinaari-perjantaina-12-3\/\"]}]},{\"@type\":\"ImageObject\",\"inLanguage\":\"en-US\",\"@id\":\"https:\/\/itameriprojekti.fi\/en\/uutinen\/innovaatioita-puhtaamman-itameren-hyvaksi-vastuullisuuswebinaari-perjantaina-12-3\/#primaryimage\",\"url\":\"https:\/\/itameriprojekti.fi\/wp-content\/uploads\/2020\/09\/itameri_kuva-scaled.jpg\",\"contentUrl\":\"https:\/\/itameriprojekti.fi\/wp-content\/uploads\/2020\/09\/itameri_kuva-scaled.jpg\",\"width\":2560,\"height\":1568},{\"@type\":\"BreadcrumbList\",\"@id\":\"https:\/\/itameriprojekti.fi\/en\/uutinen\/innovaatioita-puhtaamman-itameren-hyvaksi-vastuullisuuswebinaari-perjantaina-12-3\/#breadcrumb\",\"itemListElement\":[{\"@type\":\"ListItem\",\"position\":1,\"name\":\"Home\",\"item\":\"https:\/\/itameriprojekti.fi\/en\/\"},{\"@type\":\"ListItem\",\"position\":2,\"name\":\"Innovaatioita puhtaamman It\u00e4meren hyv\u00e4ksi -vastuullisuuswebinaari perjantaina 12.3.\"}]},{\"@type\":\"WebSite\",\"@id\":\"https:\/\/itameriprojekti.fi\/en\/#website\",\"url\":\"https:\/\/itameriprojekti.fi\/en\/\",\"name\":\"Baltic Sea Project\",\"description\":\"\u00c5landsbankenin It\u00e4meriprojekti parantaa It\u00e4meren tilaa\",\"potentialAction\":[{\"@type\":\"SearchAction\",\"target\":{\"@type\":\"EntryPoint\",\"urlTemplate\":\"https:\/\/itameriprojekti.fi\/en\/?s={search_term_string}\"},\"query-input\":{\"@type\":\"PropertyValueSpecification\",\"valueRequired\":true,\"valueName\":\"search_term_string\"}}],\"inLanguage\":\"en-US\"},{\"@type\":\"Person\",\"@id\":\"https:\/\/itameriprojekti.fi\/en\/#\/schema\/person\/5df17dada753df630ffc92ce3276ece8\",\"name\":\"markus\"}]}<\/script>\n<!-- \/ Yoast SEO plugin. -->","yoast_head_json":{"title":"Innovaatioita puhtaamman It\u00e4meren hyv\u00e4ksi -vastuullisuuswebinaari perjantaina 12.3. - Baltic Sea Project","robots":{"index":"index","follow":"follow","max-snippet":"max-snippet:-1","max-image-preview":"max-image-preview:large","max-video-preview":"max-video-preview:-1"},"canonical":"https:\/\/itameriprojekti.fi\/en\/uutinen\/innovaatioita-puhtaamman-itameren-hyvaksi-vastuullisuuswebinaari-perjantaina-12-3\/","og_locale":"en_US","og_type":"article","og_title":"Innovaatioita puhtaamman It\u00e4meren hyv\u00e4ksi -vastuullisuuswebinaari perjantaina 12.3. - Baltic Sea Project","og_description":"Pian on aika julkaista It\u00e4meriprojektin voittajat. Vuonna 2020 \u00c5landsbankenin It\u00e4meriprojekti sai enn\u00e4tysm\u00e4\u00e4r\u00e4n 168 hakemusta. Vuosien aikana \u00c5landsbanken on lahjoittanut jo [&hellip;]","og_url":"https:\/\/itameriprojekti.fi\/en\/uutinen\/innovaatioita-puhtaamman-itameren-hyvaksi-vastuullisuuswebinaari-perjantaina-12-3\/","og_site_name":"Baltic Sea Project","article_published_time":"2021-03-03T10:44:13+00:00","og_image":[{"width":2560,"height":1568,"url":"https:\/\/itameriprojekti.fi\/wp-content\/uploads\/2020\/09\/itameri_kuva-scaled.jpg","type":"image\/jpeg"}],"author":"markus","twitter_card":"summary_large_image","twitter_misc":{"Written by":"markus","Est. reading time":"1 minute"},"schema":{"@context":"https:\/\/schema.org","@graph":[{"@type":"Article","@id":"https:\/\/itameriprojekti.fi\/en\/uutinen\/innovaatioita-puhtaamman-itameren-hyvaksi-vastuullisuuswebinaari-perjantaina-12-3\/#article","isPartOf":{"@id":"https:\/\/itameriprojekti.fi\/en\/uutinen\/innovaatioita-puhtaamman-itameren-hyvaksi-vastuullisuuswebinaari-perjantaina-12-3\/"},"author":{"name":"markus","@id":"https:\/\/itameriprojekti.fi\/en\/#\/schema\/person\/5df17dada753df630ffc92ce3276ece8"},"headline":"Innovaatioita puhtaamman It\u00e4meren hyv\u00e4ksi -vastuullisuuswebinaari perjantaina 12.3.","datePublished":"2021-03-03T10:44:13+00:00","mainEntityOfPage":{"@id":"https:\/\/itameriprojekti.fi\/en\/uutinen\/innovaatioita-puhtaamman-itameren-hyvaksi-vastuullisuuswebinaari-perjantaina-12-3\/"},"wordCount":244,"image":{"@id":"https:\/\/itameriprojekti.fi\/en\/uutinen\/innovaatioita-puhtaamman-itameren-hyvaksi-vastuullisuuswebinaari-perjantaina-12-3\/#primaryimage"},"thumbnailUrl":"https:\/\/itameriprojekti.fi\/wp-content\/uploads\/2020\/09\/itameri_kuva-scaled.jpg","articleSection":["Uutinen"],"inLanguage":"en-US"},{"@type":"WebPage","@id":"https:\/\/itameriprojekti.fi\/en\/uutinen\/innovaatioita-puhtaamman-itameren-hyvaksi-vastuullisuuswebinaari-perjantaina-12-3\/","url":"https:\/\/itameriprojekti.fi\/en\/uutinen\/innovaatioita-puhtaamman-itameren-hyvaksi-vastuullisuuswebinaari-perjantaina-12-3\/","name":"Innovaatioita puhtaamman It\u00e4meren hyv\u00e4ksi -vastuullisuuswebinaari perjantaina 12.3. - Baltic Sea Project","isPartOf":{"@id":"https:\/\/itameriprojekti.fi\/en\/#website"},"primaryImageOfPage":{"@id":"https:\/\/itameriprojekti.fi\/en\/uutinen\/innovaatioita-puhtaamman-itameren-hyvaksi-vastuullisuuswebinaari-perjantaina-12-3\/#primaryimage"},"image":{"@id":"https:\/\/itameriprojekti.fi\/en\/uutinen\/innovaatioita-puhtaamman-itameren-hyvaksi-vastuullisuuswebinaari-perjantaina-12-3\/#primaryimage"},"thumbnailUrl":"https:\/\/itameriprojekti.fi\/wp-content\/uploads\/2020\/09\/itameri_kuva-scaled.jpg","datePublished":"2021-03-03T10:44:13+00:00","author":{"@id":"https:\/\/itameriprojekti.fi\/en\/#\/schema\/person\/5df17dada753df630ffc92ce3276ece8"},"breadcrumb":{"@id":"https:\/\/itameriprojekti.fi\/en\/uutinen\/innovaatioita-puhtaamman-itameren-hyvaksi-vastuullisuuswebinaari-perjantaina-12-3\/#breadcrumb"},"inLanguage":"en-US","potentialAction":[{"@type":"ReadAction","target":["https:\/\/itameriprojekti.fi\/en\/uutinen\/innovaatioita-puhtaamman-itameren-hyvaksi-vastuullisuuswebinaari-perjantaina-12-3\/"]}]},{"@type":"ImageObject","inLanguage":"en-US","@id":"https:\/\/itameriprojekti.fi\/en\/uutinen\/innovaatioita-puhtaamman-itameren-hyvaksi-vastuullisuuswebinaari-perjantaina-12-3\/#primaryimage","url":"https:\/\/itameriprojekti.fi\/wp-content\/uploads\/2020\/09\/itameri_kuva-scaled.jpg","contentUrl":"https:\/\/itameriprojekti.fi\/wp-content\/uploads\/2020\/09\/itameri_kuva-scaled.jpg","width":2560,"height":1568},{"@type":"BreadcrumbList","@id":"https:\/\/itameriprojekti.fi\/en\/uutinen\/innovaatioita-puhtaamman-itameren-hyvaksi-vastuullisuuswebinaari-perjantaina-12-3\/#breadcrumb","itemListElement":[{"@type":"ListItem","position":1,"name":"Home","item":"https:\/\/itameriprojekti.fi\/en\/"},{"@type":"ListItem","position":2,"name":"Innovaatioita puhtaamman It\u00e4meren hyv\u00e4ksi -vastuullisuuswebinaari perjantaina 12.3."}]},{"@type":"WebSite","@id":"https:\/\/itameriprojekti.fi\/en\/#website","url":"https:\/\/itameriprojekti.fi\/en\/","name":"Baltic Sea Project","description":"\u00c5landsbankenin It\u00e4meriprojekti parantaa It\u00e4meren tilaa","potentialAction":[{"@type":"SearchAction","target":{"@type":"EntryPoint","urlTemplate":"https:\/\/itameriprojekti.fi\/en\/?s={search_term_string}"},"query-input":{"@type":"PropertyValueSpecification","valueRequired":true,"valueName":"search_term_string"}}],"inLanguage":"en-US"},{"@type":"Person","@id":"https:\/\/itameriprojekti.fi\/en\/#\/schema\/person\/5df17dada753df630ffc92ce3276ece8","name":"markus"}]}},"_links":{"self":[{"href":"https:\/\/itameriprojekti.fi\/en\/wp-json\/wp\/v2\/posts\/143","targetHints":{"allow":["GET"]}}],"collection":[{"href":"https:\/\/itameriprojekti.fi\/en\/wp-json\/wp\/v2\/posts"}],"about":[{"href":"https:\/\/itameriprojekti.fi\/en\/wp-json\/wp\/v2\/types\/post"}],"author":[{"embeddable":true,"href":"https:\/\/itameriprojekti.fi\/en\/wp-json\/wp\/v2\/users\/2"}],"replies":[{"embeddable":true,"href":"https:\/\/itameriprojekti.fi\/en\/wp-json\/wp\/v2\/comments?post=143"}],"version-history":[{"count":0,"href":"https:\/\/itameriprojekti.fi\/en\/wp-json\/wp\/v2\/posts\/143\/revisions"}],"wp:featuredmedia":[{"embeddable":true,"href":"https:\/\/itameriprojekti.fi\/en\/wp-json\/wp\/v2\/media\/140"}],"wp:attachment":[{"href":"https:\/\/itameriprojekti.fi\/en\/wp-json\/wp\/v2\/media?parent=143"}],"wp:term":[{"taxonomy":"category","embeddable":true,"href":"https:\/\/itameriprojekti.fi\/en\/wp-json\/wp\/v2\/categories?post=143"},{"taxonomy":"post_tag","embeddable":true,"href":"https:\/\/itameriprojekti.fi\/en\/wp-json\/wp\/v2\/tags?post=143"}],"curies":[{"name":"wp","href":"https:\/\/api.w.org\/{rel}","templated":true}]}}