{"id":154,"date":"2022-12-15T10:00:27","date_gmt":"2022-12-15T08:00:27","guid":{"rendered":"https:\/\/itameriprojekti.fi\/?p=154"},"modified":"2022-12-15T10:00:27","modified_gmt":"2022-12-15T08:00:27","slug":"alandsbankenin-itameriprojektin-tukema-hanke-sai-pohjoismaiden-neuvoston-ymparistopalkinnon-rahoitus-muutti-sanat-teoiksi","status":"publish","type":"post","link":"https:\/\/itameriprojekti.fi\/en\/uutinen\/alandsbankenin-itameriprojektin-tukema-hanke-sai-pohjoismaiden-neuvoston-ymparistopalkinnon-rahoitus-muutti-sanat-teoiksi\/","title":{"rendered":"\u00c5landsbankenin It\u00e4meriprojektin tukema hanke sai Pohjoismaiden neuvoston ymp\u00e4rist\u00f6palkinnon &#8211; \u201cRahoitus muutti sanat teoiksi\u201d\u00a0"},"content":{"rendered":"<p>Maarianhaminan kaupunki sai Pohjoismaiden neuvoston vuoden 2022 ymp\u00e4rist\u00f6palkinnon Nabbenin kaupunkikosteikon toteuttamisesta.<\/p>\n<p>Ymp\u00e4rist\u00f6palkinnon t\u00e4m\u00e4n vuoden teemana oli Luontopohjaiset ratkaisut \u2013 monipuolinen vastaus yhteiskunnan suuriin ymp\u00e4rist\u00f6haasteisiin.<\/p>\n<p>Palkintolautakunta perusteli kosteikkohankkeen muun muassa puhdistavan vesiymp\u00e4rist\u00f6\u00e4 ja vaikuttavan my\u00f6nteisesti kasvistoon ja el\u00e4imist\u00f6\u00f6n. Lis\u00e4ksi se tuo luonnon ja el\u00e4imet l\u00e4hemm\u00e4s kaupunkilaisia, toimii kaupunkilaisten virkistysalueena ja edist\u00e4\u00e4 n\u00e4in my\u00f6s ihmisten sosiaalista hyvinvointia.<\/p>\n<p>Pohjoismaiden neuvosto on virallisen pohjoismaisen yhteisty\u00f6n parlamentaarinen elin, joka perustettiin vuonna 1952. Siihen kuuluu 87 valittua j\u00e4sent\u00e4 Suomesta, Ruotsista, Norjasta, Islannista, Tanskasta sek\u00e4 Ahvenanmaalta, F\u00e4rsaarilta ja Gr\u00f6nlannista.<\/p>\n<p>&nbsp;<\/p>\n<p><strong>Rahoitus muuttaa sanat teoiksi<\/strong><\/p>\n<p>\u00c5landsbankenissa tieto voitosta her\u00e4tti erityisen suurta iloa, sill\u00e4 pankki on It\u00e4meriprojektin kautta rahoittanut Maarianhaminan kaupungin ymp\u00e4rist\u00f6ty\u00f6t\u00e4 toistuvasti: vuonna 2020 Svibyn kosteikkoa 80 000 eurolla ja vuonna 2017 Nabbenin kosteikkoa 35 000 eurolla.<\/p>\n<p>&#8211; Rahoituksen saaminen \u00c5landsbankenilta tarkoitti projektin siirtymist\u00e4 sanoista tekoihin, kertoo Maarianhaminan kaupungin ymp\u00e4rist\u00f6koordinaattori <strong>Ulf <\/strong><strong>Simolin<\/strong><strong>.\u00a0<\/strong><\/p>\n<p>Slemmernin lahdelle toteutettiin muun muassa It\u00e4meriprojektin rahoituksella nyt palkittu Nabbenin kosteikkoalue siihen kuuluvine altaineen ja j\u00e4lkipuhdistuksineen, mik\u00e4 luo edellytykset mikromuovien, ravintoaineiden ja muiden saasteiden erottelulle. Kaupungin toisella puolella sijaitsevaan Svibyhyn puolestaan rakennetaan kosteikon lis\u00e4ksi my\u00f6s viheralueita ja patikointipolkuja.<\/p>\n<p>Hankkeet ovat olleet keskeisi\u00e4 Maarianhaminan ymp\u00e4rist\u00f6n vedenlaadun parantamisessa ja laajemminkin It\u00e4merell\u00e4.<\/p>\n<p>&#8211; Olemme ylpeit\u00e4, ett\u00e4 It\u00e4meriprojektin rahoittama hanke saa osakseen n\u00e4in arvovaltaisen tunnustuksen.\u00a0 Se osoittaa, ett\u00e4 yhdess\u00e4 voimme vaikuttaa ja parantaa asioita, sanoo \u00c5landsbankenin johtaja <strong>Anne-Maria Salonius.<\/strong><\/p>\n<p>&#8211; Juuri t\u00e4st\u00e4 It\u00e4meriprojektissa on kyse \u2013 ideoista, jotka voivat parhaimmillaan kasvaa, inspiroida uusia hankkeita, liitty\u00e4 toisiinsa ja lopulta yhdess\u00e4 edist\u00e4\u00e4 It\u00e4meren tilaa.<\/p>\n<p>&nbsp;<\/p>\n<p><em>\u00c5landsbankenin It\u00e4meriprojektin rahoitushaku 2022 on nyt auki ja p\u00e4\u00e4ttyy 15.2.2023.\u00a0 Kyseess\u00e4 on osa \u00c5landsbankenin ymp\u00e4rist\u00f6ty\u00f6t\u00e4, jonka tavoitteena on l\u00f6yt\u00e4\u00e4 uusia ideoita ja innovaatioita It\u00e4meren tilan parantamiseksi. Haku j\u00e4rjestet\u00e4\u00e4n nyt kahdeksatta kertaa ja jaossa t\u00e4n\u00e4 vuonna on 550 000 euroa.\u00a0<\/em><\/p>\n<p>&nbsp;<\/p>\n<p>Lis\u00e4\u00e4 tietoa:<br \/>\nAnne-Maria Salonius, johtaja<br \/>\n\u00c5landsbanken Finland<br \/>\nTel. +358 40 733 1106<br \/>\nanne-maria.salonius@alandsbanken.fi<\/p>\n<p>&nbsp;<\/p>\n<p>Lis\u00e4\u00e4 tietoa It\u00e4meriprojektista <a href=\"https:\/\/itameriprojekti.fi\/\">https:\/\/itameriprojekti.fi\/<\/a><\/p>\n<p>Linkki rahoitushakuun <a href=\"https:\/\/itameriprojekti.fi\/hae-rahoitusta-itameriprojektilta\/\">https:\/\/itameriprojekti.fi\/hae-rahoitusta-itameriprojektilta\/<\/a><\/p>\n<p>&nbsp;<\/p>\n","protected":false},"excerpt":{"rendered":"<p>Maarianhaminan kaupunki sai Pohjoismaiden neuvoston vuoden 2022 ymp\u00e4rist\u00f6palkinnon Nabbenin kaupunkikosteikon toteuttamisesta. Ymp\u00e4rist\u00f6palkinnon t\u00e4m\u00e4n vuoden teemana oli Luontopohjaiset ratkaisut \u2013 monipuolinen [&hellip;]<\/p>\n","protected":false},"author":2,"featured_media":155,"comment_status":"closed","ping_status":"open","sticky":false,"template":"","format":"standard","meta":{"footnotes":""},"categories":[3,7],"tags":[],"class_list":["post-154","post","type-post","status-publish","format-standard","has-post-thumbnail","hentry","category-uutinen","category-rahoituksen-saajat"],"yoast_head":"<!-- This site is optimized with the Yoast SEO plugin v27.0 - https:\/\/yoast.com\/product\/yoast-seo-wordpress\/ -->\n<title>\u00c5landsbankenin It\u00e4meriprojektin tukema hanke sai Pohjoismaiden neuvoston ymp\u00e4rist\u00f6palkinnon - \u201cRahoitus muutti sanat teoiksi\u201d\u00a0 - Baltic Sea Project<\/title>\n<meta name=\"robots\" content=\"index, follow, max-snippet:-1, max-image-preview:large, max-video-preview:-1\" \/>\n<link rel=\"canonical\" href=\"https:\/\/itameriprojekti.fi\/en\/uutinen\/alandsbankenin-itameriprojektin-tukema-hanke-sai-pohjoismaiden-neuvoston-ymparistopalkinnon-rahoitus-muutti-sanat-teoiksi\/\" \/>\n<meta property=\"og:locale\" content=\"en_US\" \/>\n<meta property=\"og:type\" content=\"article\" \/>\n<meta property=\"og:title\" content=\"\u00c5landsbankenin It\u00e4meriprojektin tukema hanke sai Pohjoismaiden neuvoston ymp\u00e4rist\u00f6palkinnon - \u201cRahoitus muutti sanat teoiksi\u201d\u00a0 - Baltic Sea Project\" \/>\n<meta property=\"og:description\" content=\"Maarianhaminan kaupunki sai Pohjoismaiden neuvoston vuoden 2022 ymp\u00e4rist\u00f6palkinnon Nabbenin kaupunkikosteikon toteuttamisesta. Ymp\u00e4rist\u00f6palkinnon t\u00e4m\u00e4n vuoden teemana oli Luontopohjaiset ratkaisut \u2013 monipuolinen [&hellip;]\" \/>\n<meta property=\"og:url\" content=\"https:\/\/itameriprojekti.fi\/en\/uutinen\/alandsbankenin-itameriprojektin-tukema-hanke-sai-pohjoismaiden-neuvoston-ymparistopalkinnon-rahoitus-muutti-sanat-teoiksi\/\" \/>\n<meta property=\"og:site_name\" content=\"Baltic Sea Project\" \/>\n<meta property=\"article:published_time\" content=\"2022-12-15T08:00:27+00:00\" \/>\n<meta property=\"og:image\" content=\"https:\/\/itameriprojekti.fi\/wp-content\/uploads\/2020\/09\/kuvaJohnNurmisenSaatio.jpg\" \/>\n\t<meta property=\"og:image:width\" content=\"800\" \/>\n\t<meta property=\"og:image:height\" content=\"368\" \/>\n\t<meta property=\"og:image:type\" content=\"image\/jpeg\" \/>\n<meta name=\"author\" content=\"markus\" \/>\n<meta name=\"twitter:card\" content=\"summary_large_image\" \/>\n<meta name=\"twitter:label1\" content=\"Written by\" \/>\n\t<meta name=\"twitter:data1\" content=\"markus\" \/>\n\t<meta name=\"twitter:label2\" content=\"Est. reading time\" \/>\n\t<meta name=\"twitter:data2\" content=\"2 minutes\" \/>\n<script type=\"application\/ld+json\" class=\"yoast-schema-graph\">{\"@context\":\"https:\/\/schema.org\",\"@graph\":[{\"@type\":\"Article\",\"@id\":\"https:\/\/itameriprojekti.fi\/en\/uutinen\/alandsbankenin-itameriprojektin-tukema-hanke-sai-pohjoismaiden-neuvoston-ymparistopalkinnon-rahoitus-muutti-sanat-teoiksi\/#article\",\"isPartOf\":{\"@id\":\"https:\/\/itameriprojekti.fi\/en\/uutinen\/alandsbankenin-itameriprojektin-tukema-hanke-sai-pohjoismaiden-neuvoston-ymparistopalkinnon-rahoitus-muutti-sanat-teoiksi\/\"},\"author\":{\"name\":\"markus\",\"@id\":\"https:\/\/itameriprojekti.fi\/en\/#\/schema\/person\/5df17dada753df630ffc92ce3276ece8\"},\"headline\":\"\u00c5landsbankenin It\u00e4meriprojektin tukema hanke sai Pohjoismaiden neuvoston ymp\u00e4rist\u00f6palkinnon &#8211; \u201cRahoitus muutti sanat teoiksi\u201d\u00a0\",\"datePublished\":\"2022-12-15T08:00:27+00:00\",\"mainEntityOfPage\":{\"@id\":\"https:\/\/itameriprojekti.fi\/en\/uutinen\/alandsbankenin-itameriprojektin-tukema-hanke-sai-pohjoismaiden-neuvoston-ymparistopalkinnon-rahoitus-muutti-sanat-teoiksi\/\"},\"wordCount\":352,\"image\":{\"@id\":\"https:\/\/itameriprojekti.fi\/en\/uutinen\/alandsbankenin-itameriprojektin-tukema-hanke-sai-pohjoismaiden-neuvoston-ymparistopalkinnon-rahoitus-muutti-sanat-teoiksi\/#primaryimage\"},\"thumbnailUrl\":\"https:\/\/itameriprojekti.fi\/wp-content\/uploads\/2020\/09\/kuvaJohnNurmisenSaatio.jpg\",\"articleSection\":[\"Uutinen\",\"Rahoituksen saajat\"],\"inLanguage\":\"en-US\"},{\"@type\":\"WebPage\",\"@id\":\"https:\/\/itameriprojekti.fi\/en\/uutinen\/alandsbankenin-itameriprojektin-tukema-hanke-sai-pohjoismaiden-neuvoston-ymparistopalkinnon-rahoitus-muutti-sanat-teoiksi\/\",\"url\":\"https:\/\/itameriprojekti.fi\/en\/uutinen\/alandsbankenin-itameriprojektin-tukema-hanke-sai-pohjoismaiden-neuvoston-ymparistopalkinnon-rahoitus-muutti-sanat-teoiksi\/\",\"name\":\"\u00c5landsbankenin It\u00e4meriprojektin tukema hanke sai Pohjoismaiden neuvoston ymp\u00e4rist\u00f6palkinnon - \u201cRahoitus muutti sanat teoiksi\u201d\u00a0 - Baltic Sea Project\",\"isPartOf\":{\"@id\":\"https:\/\/itameriprojekti.fi\/en\/#website\"},\"primaryImageOfPage\":{\"@id\":\"https:\/\/itameriprojekti.fi\/en\/uutinen\/alandsbankenin-itameriprojektin-tukema-hanke-sai-pohjoismaiden-neuvoston-ymparistopalkinnon-rahoitus-muutti-sanat-teoiksi\/#primaryimage\"},\"image\":{\"@id\":\"https:\/\/itameriprojekti.fi\/en\/uutinen\/alandsbankenin-itameriprojektin-tukema-hanke-sai-pohjoismaiden-neuvoston-ymparistopalkinnon-rahoitus-muutti-sanat-teoiksi\/#primaryimage\"},\"thumbnailUrl\":\"https:\/\/itameriprojekti.fi\/wp-content\/uploads\/2020\/09\/kuvaJohnNurmisenSaatio.jpg\",\"datePublished\":\"2022-12-15T08:00:27+00:00\",\"author\":{\"@id\":\"https:\/\/itameriprojekti.fi\/en\/#\/schema\/person\/5df17dada753df630ffc92ce3276ece8\"},\"breadcrumb\":{\"@id\":\"https:\/\/itameriprojekti.fi\/en\/uutinen\/alandsbankenin-itameriprojektin-tukema-hanke-sai-pohjoismaiden-neuvoston-ymparistopalkinnon-rahoitus-muutti-sanat-teoiksi\/#breadcrumb\"},\"inLanguage\":\"en-US\",\"potentialAction\":[{\"@type\":\"ReadAction\",\"target\":[\"https:\/\/itameriprojekti.fi\/en\/uutinen\/alandsbankenin-itameriprojektin-tukema-hanke-sai-pohjoismaiden-neuvoston-ymparistopalkinnon-rahoitus-muutti-sanat-teoiksi\/\"]}]},{\"@type\":\"ImageObject\",\"inLanguage\":\"en-US\",\"@id\":\"https:\/\/itameriprojekti.fi\/en\/uutinen\/alandsbankenin-itameriprojektin-tukema-hanke-sai-pohjoismaiden-neuvoston-ymparistopalkinnon-rahoitus-muutti-sanat-teoiksi\/#primaryimage\",\"url\":\"https:\/\/itameriprojekti.fi\/wp-content\/uploads\/2020\/09\/kuvaJohnNurmisenSaatio.jpg\",\"contentUrl\":\"https:\/\/itameriprojekti.fi\/wp-content\/uploads\/2020\/09\/kuvaJohnNurmisenSaatio.jpg\",\"width\":800,\"height\":368},{\"@type\":\"BreadcrumbList\",\"@id\":\"https:\/\/itameriprojekti.fi\/en\/uutinen\/alandsbankenin-itameriprojektin-tukema-hanke-sai-pohjoismaiden-neuvoston-ymparistopalkinnon-rahoitus-muutti-sanat-teoiksi\/#breadcrumb\",\"itemListElement\":[{\"@type\":\"ListItem\",\"position\":1,\"name\":\"Home\",\"item\":\"https:\/\/itameriprojekti.fi\/en\/\"},{\"@type\":\"ListItem\",\"position\":2,\"name\":\"\u00c5landsbankenin It\u00e4meriprojektin tukema hanke sai Pohjoismaiden neuvoston ymp\u00e4rist\u00f6palkinnon &#8211; \u201cRahoitus muutti sanat teoiksi\u201d\u00a0\"}]},{\"@type\":\"WebSite\",\"@id\":\"https:\/\/itameriprojekti.fi\/en\/#website\",\"url\":\"https:\/\/itameriprojekti.fi\/en\/\",\"name\":\"Baltic Sea Project\",\"description\":\"\u00c5landsbankenin It\u00e4meriprojekti parantaa It\u00e4meren tilaa\",\"potentialAction\":[{\"@type\":\"SearchAction\",\"target\":{\"@type\":\"EntryPoint\",\"urlTemplate\":\"https:\/\/itameriprojekti.fi\/en\/?s={search_term_string}\"},\"query-input\":{\"@type\":\"PropertyValueSpecification\",\"valueRequired\":true,\"valueName\":\"search_term_string\"}}],\"inLanguage\":\"en-US\"},{\"@type\":\"Person\",\"@id\":\"https:\/\/itameriprojekti.fi\/en\/#\/schema\/person\/5df17dada753df630ffc92ce3276ece8\",\"name\":\"markus\"}]}<\/script>\n<!-- \/ Yoast SEO plugin. -->","yoast_head_json":{"title":"\u00c5landsbankenin It\u00e4meriprojektin tukema hanke sai Pohjoismaiden neuvoston ymp\u00e4rist\u00f6palkinnon - \u201cRahoitus muutti sanat teoiksi\u201d\u00a0 - Baltic Sea Project","robots":{"index":"index","follow":"follow","max-snippet":"max-snippet:-1","max-image-preview":"max-image-preview:large","max-video-preview":"max-video-preview:-1"},"canonical":"https:\/\/itameriprojekti.fi\/en\/uutinen\/alandsbankenin-itameriprojektin-tukema-hanke-sai-pohjoismaiden-neuvoston-ymparistopalkinnon-rahoitus-muutti-sanat-teoiksi\/","og_locale":"en_US","og_type":"article","og_title":"\u00c5landsbankenin It\u00e4meriprojektin tukema hanke sai Pohjoismaiden neuvoston ymp\u00e4rist\u00f6palkinnon - \u201cRahoitus muutti sanat teoiksi\u201d\u00a0 - Baltic Sea Project","og_description":"Maarianhaminan kaupunki sai Pohjoismaiden neuvoston vuoden 2022 ymp\u00e4rist\u00f6palkinnon Nabbenin kaupunkikosteikon toteuttamisesta. Ymp\u00e4rist\u00f6palkinnon t\u00e4m\u00e4n vuoden teemana oli Luontopohjaiset ratkaisut \u2013 monipuolinen [&hellip;]","og_url":"https:\/\/itameriprojekti.fi\/en\/uutinen\/alandsbankenin-itameriprojektin-tukema-hanke-sai-pohjoismaiden-neuvoston-ymparistopalkinnon-rahoitus-muutti-sanat-teoiksi\/","og_site_name":"Baltic Sea Project","article_published_time":"2022-12-15T08:00:27+00:00","og_image":[{"width":800,"height":368,"url":"https:\/\/itameriprojekti.fi\/wp-content\/uploads\/2020\/09\/kuvaJohnNurmisenSaatio.jpg","type":"image\/jpeg"}],"author":"markus","twitter_card":"summary_large_image","twitter_misc":{"Written by":"markus","Est. reading time":"2 minutes"},"schema":{"@context":"https:\/\/schema.org","@graph":[{"@type":"Article","@id":"https:\/\/itameriprojekti.fi\/en\/uutinen\/alandsbankenin-itameriprojektin-tukema-hanke-sai-pohjoismaiden-neuvoston-ymparistopalkinnon-rahoitus-muutti-sanat-teoiksi\/#article","isPartOf":{"@id":"https:\/\/itameriprojekti.fi\/en\/uutinen\/alandsbankenin-itameriprojektin-tukema-hanke-sai-pohjoismaiden-neuvoston-ymparistopalkinnon-rahoitus-muutti-sanat-teoiksi\/"},"author":{"name":"markus","@id":"https:\/\/itameriprojekti.fi\/en\/#\/schema\/person\/5df17dada753df630ffc92ce3276ece8"},"headline":"\u00c5landsbankenin It\u00e4meriprojektin tukema hanke sai Pohjoismaiden neuvoston ymp\u00e4rist\u00f6palkinnon &#8211; \u201cRahoitus muutti sanat teoiksi\u201d\u00a0","datePublished":"2022-12-15T08:00:27+00:00","mainEntityOfPage":{"@id":"https:\/\/itameriprojekti.fi\/en\/uutinen\/alandsbankenin-itameriprojektin-tukema-hanke-sai-pohjoismaiden-neuvoston-ymparistopalkinnon-rahoitus-muutti-sanat-teoiksi\/"},"wordCount":352,"image":{"@id":"https:\/\/itameriprojekti.fi\/en\/uutinen\/alandsbankenin-itameriprojektin-tukema-hanke-sai-pohjoismaiden-neuvoston-ymparistopalkinnon-rahoitus-muutti-sanat-teoiksi\/#primaryimage"},"thumbnailUrl":"https:\/\/itameriprojekti.fi\/wp-content\/uploads\/2020\/09\/kuvaJohnNurmisenSaatio.jpg","articleSection":["Uutinen","Rahoituksen saajat"],"inLanguage":"en-US"},{"@type":"WebPage","@id":"https:\/\/itameriprojekti.fi\/en\/uutinen\/alandsbankenin-itameriprojektin-tukema-hanke-sai-pohjoismaiden-neuvoston-ymparistopalkinnon-rahoitus-muutti-sanat-teoiksi\/","url":"https:\/\/itameriprojekti.fi\/en\/uutinen\/alandsbankenin-itameriprojektin-tukema-hanke-sai-pohjoismaiden-neuvoston-ymparistopalkinnon-rahoitus-muutti-sanat-teoiksi\/","name":"\u00c5landsbankenin It\u00e4meriprojektin tukema hanke sai Pohjoismaiden neuvoston ymp\u00e4rist\u00f6palkinnon - \u201cRahoitus muutti sanat teoiksi\u201d\u00a0 - Baltic Sea Project","isPartOf":{"@id":"https:\/\/itameriprojekti.fi\/en\/#website"},"primaryImageOfPage":{"@id":"https:\/\/itameriprojekti.fi\/en\/uutinen\/alandsbankenin-itameriprojektin-tukema-hanke-sai-pohjoismaiden-neuvoston-ymparistopalkinnon-rahoitus-muutti-sanat-teoiksi\/#primaryimage"},"image":{"@id":"https:\/\/itameriprojekti.fi\/en\/uutinen\/alandsbankenin-itameriprojektin-tukema-hanke-sai-pohjoismaiden-neuvoston-ymparistopalkinnon-rahoitus-muutti-sanat-teoiksi\/#primaryimage"},"thumbnailUrl":"https:\/\/itameriprojekti.fi\/wp-content\/uploads\/2020\/09\/kuvaJohnNurmisenSaatio.jpg","datePublished":"2022-12-15T08:00:27+00:00","author":{"@id":"https:\/\/itameriprojekti.fi\/en\/#\/schema\/person\/5df17dada753df630ffc92ce3276ece8"},"breadcrumb":{"@id":"https:\/\/itameriprojekti.fi\/en\/uutinen\/alandsbankenin-itameriprojektin-tukema-hanke-sai-pohjoismaiden-neuvoston-ymparistopalkinnon-rahoitus-muutti-sanat-teoiksi\/#breadcrumb"},"inLanguage":"en-US","potentialAction":[{"@type":"ReadAction","target":["https:\/\/itameriprojekti.fi\/en\/uutinen\/alandsbankenin-itameriprojektin-tukema-hanke-sai-pohjoismaiden-neuvoston-ymparistopalkinnon-rahoitus-muutti-sanat-teoiksi\/"]}]},{"@type":"ImageObject","inLanguage":"en-US","@id":"https:\/\/itameriprojekti.fi\/en\/uutinen\/alandsbankenin-itameriprojektin-tukema-hanke-sai-pohjoismaiden-neuvoston-ymparistopalkinnon-rahoitus-muutti-sanat-teoiksi\/#primaryimage","url":"https:\/\/itameriprojekti.fi\/wp-content\/uploads\/2020\/09\/kuvaJohnNurmisenSaatio.jpg","contentUrl":"https:\/\/itameriprojekti.fi\/wp-content\/uploads\/2020\/09\/kuvaJohnNurmisenSaatio.jpg","width":800,"height":368},{"@type":"BreadcrumbList","@id":"https:\/\/itameriprojekti.fi\/en\/uutinen\/alandsbankenin-itameriprojektin-tukema-hanke-sai-pohjoismaiden-neuvoston-ymparistopalkinnon-rahoitus-muutti-sanat-teoiksi\/#breadcrumb","itemListElement":[{"@type":"ListItem","position":1,"name":"Home","item":"https:\/\/itameriprojekti.fi\/en\/"},{"@type":"ListItem","position":2,"name":"\u00c5landsbankenin It\u00e4meriprojektin tukema hanke sai Pohjoismaiden neuvoston ymp\u00e4rist\u00f6palkinnon &#8211; \u201cRahoitus muutti sanat teoiksi\u201d\u00a0"}]},{"@type":"WebSite","@id":"https:\/\/itameriprojekti.fi\/en\/#website","url":"https:\/\/itameriprojekti.fi\/en\/","name":"Baltic Sea Project","description":"\u00c5landsbankenin It\u00e4meriprojekti parantaa It\u00e4meren tilaa","potentialAction":[{"@type":"SearchAction","target":{"@type":"EntryPoint","urlTemplate":"https:\/\/itameriprojekti.fi\/en\/?s={search_term_string}"},"query-input":{"@type":"PropertyValueSpecification","valueRequired":true,"valueName":"search_term_string"}}],"inLanguage":"en-US"},{"@type":"Person","@id":"https:\/\/itameriprojekti.fi\/en\/#\/schema\/person\/5df17dada753df630ffc92ce3276ece8","name":"markus"}]}},"_links":{"self":[{"href":"https:\/\/itameriprojekti.fi\/en\/wp-json\/wp\/v2\/posts\/154","targetHints":{"allow":["GET"]}}],"collection":[{"href":"https:\/\/itameriprojekti.fi\/en\/wp-json\/wp\/v2\/posts"}],"about":[{"href":"https:\/\/itameriprojekti.fi\/en\/wp-json\/wp\/v2\/types\/post"}],"author":[{"embeddable":true,"href":"https:\/\/itameriprojekti.fi\/en\/wp-json\/wp\/v2\/users\/2"}],"replies":[{"embeddable":true,"href":"https:\/\/itameriprojekti.fi\/en\/wp-json\/wp\/v2\/comments?post=154"}],"version-history":[{"count":0,"href":"https:\/\/itameriprojekti.fi\/en\/wp-json\/wp\/v2\/posts\/154\/revisions"}],"wp:featuredmedia":[{"embeddable":true,"href":"https:\/\/itameriprojekti.fi\/en\/wp-json\/wp\/v2\/media\/155"}],"wp:attachment":[{"href":"https:\/\/itameriprojekti.fi\/en\/wp-json\/wp\/v2\/media?parent=154"}],"wp:term":[{"taxonomy":"category","embeddable":true,"href":"https:\/\/itameriprojekti.fi\/en\/wp-json\/wp\/v2\/categories?post=154"},{"taxonomy":"post_tag","embeddable":true,"href":"https:\/\/itameriprojekti.fi\/en\/wp-json\/wp\/v2\/tags?post=154"}],"curies":[{"name":"wp","href":"https:\/\/api.w.org\/{rel}","templated":true}]}}