{"id":160,"date":"2023-06-16T07:55:24","date_gmt":"2023-06-16T04:55:24","guid":{"rendered":"https:\/\/itameriprojekti.fi\/?p=160"},"modified":"2023-06-16T07:55:24","modified_gmt":"2023-06-16T04:55:24","slug":"esittelyssa-itameriprojektin-rahoitushaun-saajat-hailia-nordicin-idealla-syodaan-itameri-puhtaaksi","status":"publish","type":"post","link":"https:\/\/itameriprojekti.fi\/en\/uutinen\/esittelyssa-itameriprojektin-rahoitushaun-saajat-hailia-nordicin-idealla-syodaan-itameri-puhtaaksi\/","title":{"rendered":"Esittelyss\u00e4 It\u00e4meriprojektin rahoitushaun saajat \u2013 Hailia Nordicin idealla sy\u00f6d\u00e4\u00e4n It\u00e4meri puhtaaksi"},"content":{"rendered":"<p>Esittelemme kes\u00e4n aikana verkkosivuillamme ja sosiaalisessa mediassa It\u00e4meriprojektin rahoitusta saaneita projekteja. Ensimm\u00e4isen\u00e4 vuorossa on Hailia Nordic ja toimitusjohtaja <strong>Michaela Lindstr\u00f6min<\/strong> haastattelu.<\/p>\n<p><strong><br \/>\n\u201cSy\u00f6d\u00e4\u00e4n It\u00e4meri puhtaaksi\u201d &#8211; Hailia Nordic Oy.<br \/>\n<\/strong><\/p>\n<p>&nbsp;<\/p>\n<p><img decoding=\"async\" class=\"alignnone wp-image-2031\" src=\"https:\/\/itameriprojekti.fi\/wp-content\/uploads\/2023\/06\/Hailia_Michaela-Lindstrom-ja-Otto-Kaukonen.png\" alt=\"\" width=\"652\" height=\"434\" \/><\/p>\n<p>&nbsp;<\/p>\n<p><strong>Kerro ensin, millainen on sinun It\u00e4meresi? Mit\u00e4 It\u00e4meri merkitsee sinulle?<\/strong><\/p>\n<p>Kasvoin saaristossa ja It\u00e4meri on minulle elint\u00e4rke\u00e4. Olen viett\u00e4nyt kes\u00e4ni meren \u00e4\u00e4rell\u00e4 lapsesta asti ja se on edelleen paikka, jossa tunnen oloni parhaaksi. L\u00e4hell\u00e4 merta.<\/p>\n<p>Vuosien varrella olen n\u00e4hnyt konkreettisia muutoksia It\u00e4meren tilassa, mutta my\u00f6s siin\u00e4, miten suhtaudumme mereen. Tutkimuksen ansiosta tietoisuus on lis\u00e4\u00e4ntynyt ja t\u00e4n\u00e4 p\u00e4iv\u00e4n\u00e4 monille on itsest\u00e4\u00e4n selv\u00e4\u00e4 tehd\u00e4 valintoja, jotka hy\u00f6dytt\u00e4v\u00e4t It\u00e4merta.<\/p>\n<p><strong>It\u00e4meriprojekti rahoittaa hyvi\u00e4 ideoita ja toimintaa It\u00e4meren tilan parantamiseksi. Mik\u00e4 on teid\u00e4n projektinne idea? Miten se edist\u00e4\u00e4 It\u00e4meren tilaa?<\/strong><\/p>\n<p>Sill\u00e4 mit\u00e4 sy\u00f6mme, on suora vaikutus ymp\u00e4rist\u00f6\u00f6n. Yksinkertaisilla valinnoilla jokap\u00e4iv\u00e4isess\u00e4 el\u00e4m\u00e4ss\u00e4 voimme saada aikaan suuren muutoksen. Meid\u00e4n ideamme on, ett\u00e4 sy\u00f6d\u00e4\u00e4n It\u00e4meri puhtaaksi. Keskim\u00e4\u00e4rin noin 60 prosenttia suomalaisten ravinnekuormituksesta It\u00e4mereen johtuu ruokailutottumuksistamme. Lihantuotannon tiedet\u00e4\u00e4n aiheuttavan paljon ravinnep\u00e4\u00e4st\u00f6j\u00e4 ja tuontikalan kuljetukset aiheuttavat puolestaan hiilidioksidip\u00e4\u00e4st\u00f6j\u00e4. Nykyinen tapa kuluttaa ja el\u00e4\u00e4 ei ole kest\u00e4v\u00e4.<\/p>\n<p>Samalla tied\u00e4mme, ett\u00e4 silakan hiilijalanj\u00e4lki on hyvin pieni ja ennen kaikkea: silakkasaaliiden my\u00f6t\u00e4 It\u00e4merest\u00e4 poistuu merkitt\u00e4vi\u00e4 m\u00e4\u00e4ri\u00e4 merta kuormittavia ravinteita. Kala itsess\u00e4\u00e4n on my\u00f6s terveellist\u00e4: siin\u00e4 on runsaasti omega-3- ja D-vitamiinia. \u00a0Suomen silakkasaalis on noin 100 miljoonaa kiloa vuodessa. T\u00e4m\u00e4 vastaa Suomessa tuotetun naudan- ja broilerin vuosituotantoa. Silakka on siis sek\u00e4 kilogrammoina ett\u00e4 euroina mitattuna t\u00e4rkein saaliimme kalataloudessa. Valitettavasti vain 3 % silakkasaaliista p\u00e4\u00e4tyy suomalaisten ruokap\u00f6ytiin. Suurin osa silakkasaaliista p\u00e4\u00e4tyy turkisel\u00e4inten rehuksi.<\/p>\n<p>Hailia Nordic Oy on elintarviketeknologian startup, jonka p\u00e4\u00e4teht\u00e4v\u00e4n\u00e4 on tarjota kotimainen, kest\u00e4v\u00e4, terveellinen ja maukas kalatuote alihy\u00f6dynnetyst\u00e4 pikkukalasta niin ammattikeitti\u00f6ille ja ravintoloille kuin kotikeitti\u00f6ille. Ideamme keski\u00f6ss\u00e4 on uudenlainen tuotantoteknologia, jolla pikkukala saadaan elintarviketeollisuuden k\u00e4ytt\u00f6\u00f6n. It\u00e4meriprojektin rahoituksen avulla tuotantoteknologia skaalataan tehdasmittakaavaan tarpeisiin.<\/p>\n<p><img decoding=\"async\" class=\"alignnone wp-image-2033\" src=\"https:\/\/itameriprojekti.fi\/wp-content\/uploads\/2023\/06\/Pikkukalapasta_Hailia.png\" alt=\"\" width=\"537\" height=\"354\" \/><\/p>\n<p>&nbsp;<\/p>\n<p><strong>Mit\u00e4 It\u00e4meriprojektin rahoitus sinulle merkitsee?<\/strong><\/p>\n<p>Se on ennen kaikkea tunnustus siit\u00e4, ett\u00e4 olemme oikealla tiell\u00e4 ja kannustus jatkaa ty\u00f6t\u00e4, jonka uskomme olevan hyv\u00e4ksi It\u00e4merelle. Olemme eritt\u00e4in ylpeit\u00e4 saamastamme rahoituksesta, sill\u00e4 se auttaa meit\u00e4 saavuttamaan asettamamme konkreettiset tavoitteet.<\/p>\n<p><strong><br \/>\nOletko tutustunut It\u00e4meriprojektin muihin hankkeisiin, jotka saivat rahoituksen t\u00e4n\u00e4 vuonna?<\/strong> <strong>L\u00e4het\u00e4 tervehdys suosikkiprojektillesi!<\/strong><\/p>\n<p>Yht\u00e4 hanketta on mahdotonta valita, koska ne kaikki toimivat It\u00e4meren hyv\u00e4ksi. On my\u00f6s olemassa laaja valikoima erilaisia l\u00e4hestymistapoja. Haluan kuitenkin mainita BSAG:n, koska olen seurannut heid\u00e4n ty\u00f6t\u00e4\u00e4n useita vuosia ja ihailen heid\u00e4n tekem\u00e4\u00e4ns\u00e4 ty\u00f6t\u00e4 kest\u00e4v\u00e4n maatalouden kehitt\u00e4miseksi ja kest\u00e4v\u00e4n ruoantuotannon varmistamiseksi.<\/p>\n<p>Haastateltu: Michaela Lindstr\u00f6m<br \/>\nTitteli: Toimitusjohtaja, Hailia Nordic Oy<br \/>\nRahoitus: 60 000 euroa<\/p>\n","protected":false},"excerpt":{"rendered":"<p>Esittelemme kes\u00e4n aikana verkkosivuillamme ja sosiaalisessa mediassa It\u00e4meriprojektin rahoitusta saaneita projekteja. Ensimm\u00e4isen\u00e4 vuorossa on Hailia Nordic ja toimitusjohtaja Michaela Lindstr\u00f6min [&hellip;]<\/p>\n","protected":false},"author":2,"featured_media":161,"comment_status":"closed","ping_status":"open","sticky":false,"template":"","format":"standard","meta":{"footnotes":""},"categories":[3,7],"tags":[],"class_list":["post-160","post","type-post","status-publish","format-standard","has-post-thumbnail","hentry","category-uutinen","category-rahoituksen-saajat"],"yoast_head":"<!-- This site is optimized with the Yoast SEO plugin v27.0 - https:\/\/yoast.com\/product\/yoast-seo-wordpress\/ -->\n<title>Esittelyss\u00e4 It\u00e4meriprojektin rahoitushaun saajat \u2013 Hailia Nordicin idealla sy\u00f6d\u00e4\u00e4n It\u00e4meri puhtaaksi - Baltic Sea Project<\/title>\n<meta name=\"robots\" content=\"index, follow, max-snippet:-1, max-image-preview:large, max-video-preview:-1\" \/>\n<link rel=\"canonical\" href=\"https:\/\/itameriprojekti.fi\/en\/uutinen\/esittelyssa-itameriprojektin-rahoitushaun-saajat-hailia-nordicin-idealla-syodaan-itameri-puhtaaksi\/\" \/>\n<meta property=\"og:locale\" content=\"en_US\" \/>\n<meta property=\"og:type\" content=\"article\" \/>\n<meta property=\"og:title\" content=\"Esittelyss\u00e4 It\u00e4meriprojektin rahoitushaun saajat \u2013 Hailia Nordicin idealla sy\u00f6d\u00e4\u00e4n It\u00e4meri puhtaaksi - Baltic Sea Project\" \/>\n<meta property=\"og:description\" content=\"Esittelemme kes\u00e4n aikana verkkosivuillamme ja sosiaalisessa mediassa It\u00e4meriprojektin rahoitusta saaneita projekteja. Ensimm\u00e4isen\u00e4 vuorossa on Hailia Nordic ja toimitusjohtaja Michaela Lindstr\u00f6min [&hellip;]\" \/>\n<meta property=\"og:url\" content=\"https:\/\/itameriprojekti.fi\/en\/uutinen\/esittelyssa-itameriprojektin-rahoitushaun-saajat-hailia-nordicin-idealla-syodaan-itameri-puhtaaksi\/\" \/>\n<meta property=\"og:site_name\" content=\"Baltic Sea Project\" \/>\n<meta property=\"article:published_time\" content=\"2023-06-16T04:55:24+00:00\" \/>\n<meta property=\"og:image\" content=\"https:\/\/itameriprojekti.fi\/wp-content\/uploads\/2023\/06\/Hailia_kuva.jpg\" \/>\n\t<meta property=\"og:image:width\" content=\"1500\" \/>\n\t<meta property=\"og:image:height\" content=\"826\" \/>\n\t<meta property=\"og:image:type\" content=\"image\/jpeg\" \/>\n<meta name=\"author\" content=\"markus\" \/>\n<meta name=\"twitter:card\" content=\"summary_large_image\" \/>\n<meta name=\"twitter:label1\" content=\"Written by\" \/>\n\t<meta name=\"twitter:data1\" content=\"markus\" \/>\n\t<meta name=\"twitter:label2\" content=\"Est. reading time\" \/>\n\t<meta name=\"twitter:data2\" content=\"2 minutes\" \/>\n<script type=\"application\/ld+json\" class=\"yoast-schema-graph\">{\"@context\":\"https:\/\/schema.org\",\"@graph\":[{\"@type\":\"Article\",\"@id\":\"https:\/\/itameriprojekti.fi\/en\/uutinen\/esittelyssa-itameriprojektin-rahoitushaun-saajat-hailia-nordicin-idealla-syodaan-itameri-puhtaaksi\/#article\",\"isPartOf\":{\"@id\":\"https:\/\/itameriprojekti.fi\/en\/uutinen\/esittelyssa-itameriprojektin-rahoitushaun-saajat-hailia-nordicin-idealla-syodaan-itameri-puhtaaksi\/\"},\"author\":{\"name\":\"markus\",\"@id\":\"https:\/\/itameriprojekti.fi\/en\/#\/schema\/person\/5df17dada753df630ffc92ce3276ece8\"},\"headline\":\"Esittelyss\u00e4 It\u00e4meriprojektin rahoitushaun saajat \u2013 Hailia Nordicin idealla sy\u00f6d\u00e4\u00e4n It\u00e4meri puhtaaksi\",\"datePublished\":\"2023-06-16T04:55:24+00:00\",\"mainEntityOfPage\":{\"@id\":\"https:\/\/itameriprojekti.fi\/en\/uutinen\/esittelyssa-itameriprojektin-rahoitushaun-saajat-hailia-nordicin-idealla-syodaan-itameri-puhtaaksi\/\"},\"wordCount\":491,\"image\":{\"@id\":\"https:\/\/itameriprojekti.fi\/en\/uutinen\/esittelyssa-itameriprojektin-rahoitushaun-saajat-hailia-nordicin-idealla-syodaan-itameri-puhtaaksi\/#primaryimage\"},\"thumbnailUrl\":\"https:\/\/itameriprojekti.fi\/wp-content\/uploads\/2023\/06\/Hailia_kuva.jpg\",\"articleSection\":[\"Uutinen\",\"Rahoituksen saajat\"],\"inLanguage\":\"en-US\"},{\"@type\":\"WebPage\",\"@id\":\"https:\/\/itameriprojekti.fi\/en\/uutinen\/esittelyssa-itameriprojektin-rahoitushaun-saajat-hailia-nordicin-idealla-syodaan-itameri-puhtaaksi\/\",\"url\":\"https:\/\/itameriprojekti.fi\/en\/uutinen\/esittelyssa-itameriprojektin-rahoitushaun-saajat-hailia-nordicin-idealla-syodaan-itameri-puhtaaksi\/\",\"name\":\"Esittelyss\u00e4 It\u00e4meriprojektin rahoitushaun saajat \u2013 Hailia Nordicin idealla sy\u00f6d\u00e4\u00e4n It\u00e4meri puhtaaksi - Baltic Sea Project\",\"isPartOf\":{\"@id\":\"https:\/\/itameriprojekti.fi\/en\/#website\"},\"primaryImageOfPage\":{\"@id\":\"https:\/\/itameriprojekti.fi\/en\/uutinen\/esittelyssa-itameriprojektin-rahoitushaun-saajat-hailia-nordicin-idealla-syodaan-itameri-puhtaaksi\/#primaryimage\"},\"image\":{\"@id\":\"https:\/\/itameriprojekti.fi\/en\/uutinen\/esittelyssa-itameriprojektin-rahoitushaun-saajat-hailia-nordicin-idealla-syodaan-itameri-puhtaaksi\/#primaryimage\"},\"thumbnailUrl\":\"https:\/\/itameriprojekti.fi\/wp-content\/uploads\/2023\/06\/Hailia_kuva.jpg\",\"datePublished\":\"2023-06-16T04:55:24+00:00\",\"author\":{\"@id\":\"https:\/\/itameriprojekti.fi\/en\/#\/schema\/person\/5df17dada753df630ffc92ce3276ece8\"},\"breadcrumb\":{\"@id\":\"https:\/\/itameriprojekti.fi\/en\/uutinen\/esittelyssa-itameriprojektin-rahoitushaun-saajat-hailia-nordicin-idealla-syodaan-itameri-puhtaaksi\/#breadcrumb\"},\"inLanguage\":\"en-US\",\"potentialAction\":[{\"@type\":\"ReadAction\",\"target\":[\"https:\/\/itameriprojekti.fi\/en\/uutinen\/esittelyssa-itameriprojektin-rahoitushaun-saajat-hailia-nordicin-idealla-syodaan-itameri-puhtaaksi\/\"]}]},{\"@type\":\"ImageObject\",\"inLanguage\":\"en-US\",\"@id\":\"https:\/\/itameriprojekti.fi\/en\/uutinen\/esittelyssa-itameriprojektin-rahoitushaun-saajat-hailia-nordicin-idealla-syodaan-itameri-puhtaaksi\/#primaryimage\",\"url\":\"https:\/\/itameriprojekti.fi\/wp-content\/uploads\/2023\/06\/Hailia_kuva.jpg\",\"contentUrl\":\"https:\/\/itameriprojekti.fi\/wp-content\/uploads\/2023\/06\/Hailia_kuva.jpg\",\"width\":1500,\"height\":826},{\"@type\":\"BreadcrumbList\",\"@id\":\"https:\/\/itameriprojekti.fi\/en\/uutinen\/esittelyssa-itameriprojektin-rahoitushaun-saajat-hailia-nordicin-idealla-syodaan-itameri-puhtaaksi\/#breadcrumb\",\"itemListElement\":[{\"@type\":\"ListItem\",\"position\":1,\"name\":\"Home\",\"item\":\"https:\/\/itameriprojekti.fi\/en\/\"},{\"@type\":\"ListItem\",\"position\":2,\"name\":\"Esittelyss\u00e4 It\u00e4meriprojektin rahoitushaun saajat \u2013 Hailia Nordicin idealla sy\u00f6d\u00e4\u00e4n It\u00e4meri puhtaaksi\"}]},{\"@type\":\"WebSite\",\"@id\":\"https:\/\/itameriprojekti.fi\/en\/#website\",\"url\":\"https:\/\/itameriprojekti.fi\/en\/\",\"name\":\"Baltic Sea Project\",\"description\":\"\u00c5landsbankenin It\u00e4meriprojekti parantaa It\u00e4meren tilaa\",\"potentialAction\":[{\"@type\":\"SearchAction\",\"target\":{\"@type\":\"EntryPoint\",\"urlTemplate\":\"https:\/\/itameriprojekti.fi\/en\/?s={search_term_string}\"},\"query-input\":{\"@type\":\"PropertyValueSpecification\",\"valueRequired\":true,\"valueName\":\"search_term_string\"}}],\"inLanguage\":\"en-US\"},{\"@type\":\"Person\",\"@id\":\"https:\/\/itameriprojekti.fi\/en\/#\/schema\/person\/5df17dada753df630ffc92ce3276ece8\",\"name\":\"markus\"}]}<\/script>\n<!-- \/ Yoast SEO plugin. -->","yoast_head_json":{"title":"Esittelyss\u00e4 It\u00e4meriprojektin rahoitushaun saajat \u2013 Hailia Nordicin idealla sy\u00f6d\u00e4\u00e4n It\u00e4meri puhtaaksi - Baltic Sea Project","robots":{"index":"index","follow":"follow","max-snippet":"max-snippet:-1","max-image-preview":"max-image-preview:large","max-video-preview":"max-video-preview:-1"},"canonical":"https:\/\/itameriprojekti.fi\/en\/uutinen\/esittelyssa-itameriprojektin-rahoitushaun-saajat-hailia-nordicin-idealla-syodaan-itameri-puhtaaksi\/","og_locale":"en_US","og_type":"article","og_title":"Esittelyss\u00e4 It\u00e4meriprojektin rahoitushaun saajat \u2013 Hailia Nordicin idealla sy\u00f6d\u00e4\u00e4n It\u00e4meri puhtaaksi - Baltic Sea Project","og_description":"Esittelemme kes\u00e4n aikana verkkosivuillamme ja sosiaalisessa mediassa It\u00e4meriprojektin rahoitusta saaneita projekteja. Ensimm\u00e4isen\u00e4 vuorossa on Hailia Nordic ja toimitusjohtaja Michaela Lindstr\u00f6min [&hellip;]","og_url":"https:\/\/itameriprojekti.fi\/en\/uutinen\/esittelyssa-itameriprojektin-rahoitushaun-saajat-hailia-nordicin-idealla-syodaan-itameri-puhtaaksi\/","og_site_name":"Baltic Sea Project","article_published_time":"2023-06-16T04:55:24+00:00","og_image":[{"width":1500,"height":826,"url":"https:\/\/itameriprojekti.fi\/wp-content\/uploads\/2023\/06\/Hailia_kuva.jpg","type":"image\/jpeg"}],"author":"markus","twitter_card":"summary_large_image","twitter_misc":{"Written by":"markus","Est. reading time":"2 minutes"},"schema":{"@context":"https:\/\/schema.org","@graph":[{"@type":"Article","@id":"https:\/\/itameriprojekti.fi\/en\/uutinen\/esittelyssa-itameriprojektin-rahoitushaun-saajat-hailia-nordicin-idealla-syodaan-itameri-puhtaaksi\/#article","isPartOf":{"@id":"https:\/\/itameriprojekti.fi\/en\/uutinen\/esittelyssa-itameriprojektin-rahoitushaun-saajat-hailia-nordicin-idealla-syodaan-itameri-puhtaaksi\/"},"author":{"name":"markus","@id":"https:\/\/itameriprojekti.fi\/en\/#\/schema\/person\/5df17dada753df630ffc92ce3276ece8"},"headline":"Esittelyss\u00e4 It\u00e4meriprojektin rahoitushaun saajat \u2013 Hailia Nordicin idealla sy\u00f6d\u00e4\u00e4n It\u00e4meri puhtaaksi","datePublished":"2023-06-16T04:55:24+00:00","mainEntityOfPage":{"@id":"https:\/\/itameriprojekti.fi\/en\/uutinen\/esittelyssa-itameriprojektin-rahoitushaun-saajat-hailia-nordicin-idealla-syodaan-itameri-puhtaaksi\/"},"wordCount":491,"image":{"@id":"https:\/\/itameriprojekti.fi\/en\/uutinen\/esittelyssa-itameriprojektin-rahoitushaun-saajat-hailia-nordicin-idealla-syodaan-itameri-puhtaaksi\/#primaryimage"},"thumbnailUrl":"https:\/\/itameriprojekti.fi\/wp-content\/uploads\/2023\/06\/Hailia_kuva.jpg","articleSection":["Uutinen","Rahoituksen saajat"],"inLanguage":"en-US"},{"@type":"WebPage","@id":"https:\/\/itameriprojekti.fi\/en\/uutinen\/esittelyssa-itameriprojektin-rahoitushaun-saajat-hailia-nordicin-idealla-syodaan-itameri-puhtaaksi\/","url":"https:\/\/itameriprojekti.fi\/en\/uutinen\/esittelyssa-itameriprojektin-rahoitushaun-saajat-hailia-nordicin-idealla-syodaan-itameri-puhtaaksi\/","name":"Esittelyss\u00e4 It\u00e4meriprojektin rahoitushaun saajat \u2013 Hailia Nordicin idealla sy\u00f6d\u00e4\u00e4n It\u00e4meri puhtaaksi - Baltic Sea Project","isPartOf":{"@id":"https:\/\/itameriprojekti.fi\/en\/#website"},"primaryImageOfPage":{"@id":"https:\/\/itameriprojekti.fi\/en\/uutinen\/esittelyssa-itameriprojektin-rahoitushaun-saajat-hailia-nordicin-idealla-syodaan-itameri-puhtaaksi\/#primaryimage"},"image":{"@id":"https:\/\/itameriprojekti.fi\/en\/uutinen\/esittelyssa-itameriprojektin-rahoitushaun-saajat-hailia-nordicin-idealla-syodaan-itameri-puhtaaksi\/#primaryimage"},"thumbnailUrl":"https:\/\/itameriprojekti.fi\/wp-content\/uploads\/2023\/06\/Hailia_kuva.jpg","datePublished":"2023-06-16T04:55:24+00:00","author":{"@id":"https:\/\/itameriprojekti.fi\/en\/#\/schema\/person\/5df17dada753df630ffc92ce3276ece8"},"breadcrumb":{"@id":"https:\/\/itameriprojekti.fi\/en\/uutinen\/esittelyssa-itameriprojektin-rahoitushaun-saajat-hailia-nordicin-idealla-syodaan-itameri-puhtaaksi\/#breadcrumb"},"inLanguage":"en-US","potentialAction":[{"@type":"ReadAction","target":["https:\/\/itameriprojekti.fi\/en\/uutinen\/esittelyssa-itameriprojektin-rahoitushaun-saajat-hailia-nordicin-idealla-syodaan-itameri-puhtaaksi\/"]}]},{"@type":"ImageObject","inLanguage":"en-US","@id":"https:\/\/itameriprojekti.fi\/en\/uutinen\/esittelyssa-itameriprojektin-rahoitushaun-saajat-hailia-nordicin-idealla-syodaan-itameri-puhtaaksi\/#primaryimage","url":"https:\/\/itameriprojekti.fi\/wp-content\/uploads\/2023\/06\/Hailia_kuva.jpg","contentUrl":"https:\/\/itameriprojekti.fi\/wp-content\/uploads\/2023\/06\/Hailia_kuva.jpg","width":1500,"height":826},{"@type":"BreadcrumbList","@id":"https:\/\/itameriprojekti.fi\/en\/uutinen\/esittelyssa-itameriprojektin-rahoitushaun-saajat-hailia-nordicin-idealla-syodaan-itameri-puhtaaksi\/#breadcrumb","itemListElement":[{"@type":"ListItem","position":1,"name":"Home","item":"https:\/\/itameriprojekti.fi\/en\/"},{"@type":"ListItem","position":2,"name":"Esittelyss\u00e4 It\u00e4meriprojektin rahoitushaun saajat \u2013 Hailia Nordicin idealla sy\u00f6d\u00e4\u00e4n It\u00e4meri puhtaaksi"}]},{"@type":"WebSite","@id":"https:\/\/itameriprojekti.fi\/en\/#website","url":"https:\/\/itameriprojekti.fi\/en\/","name":"Baltic Sea Project","description":"\u00c5landsbankenin It\u00e4meriprojekti parantaa It\u00e4meren tilaa","potentialAction":[{"@type":"SearchAction","target":{"@type":"EntryPoint","urlTemplate":"https:\/\/itameriprojekti.fi\/en\/?s={search_term_string}"},"query-input":{"@type":"PropertyValueSpecification","valueRequired":true,"valueName":"search_term_string"}}],"inLanguage":"en-US"},{"@type":"Person","@id":"https:\/\/itameriprojekti.fi\/en\/#\/schema\/person\/5df17dada753df630ffc92ce3276ece8","name":"markus"}]}},"_links":{"self":[{"href":"https:\/\/itameriprojekti.fi\/en\/wp-json\/wp\/v2\/posts\/160","targetHints":{"allow":["GET"]}}],"collection":[{"href":"https:\/\/itameriprojekti.fi\/en\/wp-json\/wp\/v2\/posts"}],"about":[{"href":"https:\/\/itameriprojekti.fi\/en\/wp-json\/wp\/v2\/types\/post"}],"author":[{"embeddable":true,"href":"https:\/\/itameriprojekti.fi\/en\/wp-json\/wp\/v2\/users\/2"}],"replies":[{"embeddable":true,"href":"https:\/\/itameriprojekti.fi\/en\/wp-json\/wp\/v2\/comments?post=160"}],"version-history":[{"count":0,"href":"https:\/\/itameriprojekti.fi\/en\/wp-json\/wp\/v2\/posts\/160\/revisions"}],"wp:featuredmedia":[{"embeddable":true,"href":"https:\/\/itameriprojekti.fi\/en\/wp-json\/wp\/v2\/media\/161"}],"wp:attachment":[{"href":"https:\/\/itameriprojekti.fi\/en\/wp-json\/wp\/v2\/media?parent=160"}],"wp:term":[{"taxonomy":"category","embeddable":true,"href":"https:\/\/itameriprojekti.fi\/en\/wp-json\/wp\/v2\/categories?post=160"},{"taxonomy":"post_tag","embeddable":true,"href":"https:\/\/itameriprojekti.fi\/en\/wp-json\/wp\/v2\/tags?post=160"}],"curies":[{"name":"wp","href":"https:\/\/api.w.org\/{rel}","templated":true}]}}