{"id":165,"date":"2023-06-16T08:30:34","date_gmt":"2023-06-16T05:30:34","guid":{"rendered":"https:\/\/itameriprojekti.fi\/?p=165"},"modified":"2023-06-16T08:30:34","modified_gmt":"2023-06-16T05:30:34","slug":"joukolla-itamerta-parantamaan-itameriprojektin-rahoittama-projekti-bjorskar-tuo-asiantuntijatason-osaamisen-yhteen","status":"publish","type":"post","link":"https:\/\/itameriprojekti.fi\/en\/uutinen\/joukolla-itamerta-parantamaan-itameriprojektin-rahoittama-projekti-bjorskar-tuo-asiantuntijatason-osaamisen-yhteen\/","title":{"rendered":"Joukolla It\u00e4merta parantamaan \u2013 It\u00e4meriprojektin rahoittama Projekti Bj\u00f6rsk\u00e4r tuo asiantuntijatason osaamisen yhteen"},"content":{"rendered":"<p>Vuoden 2022 rahoitusta saaneiden tahojen esittelyt jatkuvat! T\u00e4ll\u00e4 kertaa meill\u00e4 oli ilo haastatella Projekti Bj\u00f6rsk\u00e4rin Lotta Nummelinia, Magnus Hanst\u00e9nia ja Joel Lindholmia. Heid\u00e4n yhteisty\u00f6hankkeensa t\u00e4ht\u00e4\u00e4 It\u00e4meren monimuotoisuuden lis\u00e4\u00e4miseen.<\/p>\n<p>&nbsp;<\/p>\n<p><img decoding=\"async\" class=\"alignnone wp-image-2036\" src=\"https:\/\/itameriprojekti.fi\/wp-content\/uploads\/2023\/06\/b_B0I8927.jpg\" alt=\"\" width=\"476\" height=\"317\" \/><\/p>\n<p>&nbsp;<\/p>\n<p><strong>\u201cIt\u00e4meren ravinnekuorma toimii lev\u00e4viljelyn raaka-aineena&#8221; &#8211; Projekti Bj\u00f6rsk\u00e4r (OX2, Nemo Seafarms, Under Ytan)<\/strong><\/p>\n<p>Miten projektinne parantaa It\u00e4meren tilaa?<\/p>\n<p>Projekti-ideamme alkoi aikaisemmin, kuin olimme edes tavanneet. Olimme kaikki yhti\u00f6iss\u00e4mme p\u00e4\u00e4tt\u00e4neet investoida It\u00e4meren luonnon monimuotoisuuden lis\u00e4\u00e4miseen ja rehev\u00f6itymisen v\u00e4hent\u00e4miseen. Meill\u00e4 oli erilaisia ajatuksia siit\u00e4, miten se pit\u00e4isi tehd\u00e4, mutta kun kokoonnuimme ja aloimme keskustella ajatuksistamme, palaset loksahtivat paikoilleen. Projektissamme tutkimme erilaisia merenalaisia viljelyolosuhteita ja -pintoja eri lajeille, erityisesti leville. Makrolev\u00e4t imev\u00e4t itseens\u00e4 tehokkaasti ravinteita merest\u00e4. Projektissamme It\u00e4meren ravinnekuorma toimii lev\u00e4viljelyn raaka-aineena. Bj\u00f6rsk\u00e4rin saarelle ja merituulivoimapuiston yhteyteen sijoittuva tutkimus edesauttaa sen ymm\u00e4rt\u00e4mist\u00e4, miten merituulivoimapuistojen infrastruktuuria voitaisiin k\u00e4ytt\u00e4\u00e4 meriviljelyn keinoin It\u00e4meren biodiversiteetin lis\u00e4\u00e4miseksi ja ravinnekuorman v\u00e4hent\u00e4miseksi.<\/p>\n<p>Projektissa yhdist\u00e4mme toimialamme monitoimialueiksi, jotka tuottavat fossiilitonta energiaa ja luovat lis\u00e4arvoa meriymp\u00e4rist\u00f6llemme, samalla kun v\u00e4henn\u00e4mme rehev\u00f6itymist\u00e4 muun muassa merilevien ja simpukoiden avulla. Tarkoituksena on my\u00f6s edist\u00e4\u00e4 kalakantojen toipumista. Se on jotain, jota ei ole aiemmin testattu, mutta visiossamme siit\u00e4 tulee itsest\u00e4\u00e4nselvyys tulevaisuudessa.<\/p>\n<p><img decoding=\"async\" class=\"alignnone wp-image-2037\" src=\"https:\/\/itameriprojekti.fi\/wp-content\/uploads\/2023\/06\/b_B0I9842.jpg\" alt=\"\" width=\"512\" height=\"341\" \/><\/p>\n<p><strong><br \/>\nMit\u00e4 It\u00e4meriprojektin rahoitus merkitsee teille?<\/strong><\/p>\n<p>Rahoituksen merkitys on meille suuri. T\u00e4m\u00e4 tarkoittaa, ett\u00e4 meill\u00e4 on mahdollisuus laajentaa useita It\u00e4meren parannustoimenpiteit\u00e4. Rahoituksen avulla voimme parantaa It\u00e4meren tilaa nopeammin ja oppia lis\u00e4\u00e4 sen arvokkaasta ja herk\u00e4st\u00e4 ekosysteemist\u00e4.<\/p>\n<p>&nbsp;<\/p>\n<p><strong>Oletteko tutustuneet It\u00e4meriprojektin muihin hankkeisiin, jotka saivat rahoitusta t\u00e4n\u00e4 vuonna?<\/strong> <strong>L\u00e4het\u00e4 tervehdys suosikkiprojektillesi!<\/strong><\/p>\n<p>N\u00e4emme eri hankkeiden v\u00e4lill\u00e4 monia synergioita. Toivomme saavamme mahdollisuuden yhteisty\u00f6h\u00f6n tulevaisuudessa. Toivotamme OY Lykkan AB:n ja heid\u00e4n uudistavat maataloushankkeensa l\u00e4mpim\u00e4sti tervetulleiksi. Meill\u00e4 on useita erilaisia yhteisty\u00f6ideoita sek\u00e4 maan ett\u00e4 meren k\u00e4yt\u00f6st\u00e4 regeneratiivisin menetelmin ja toivomme, ett\u00e4 meill\u00e4 on mahdollisuus tavata vaihtaaksemme ajatuksia siit\u00e4, miten voimme parhaiten yhdist\u00e4\u00e4 toimintamme, menetelm\u00e4mme ja tulevat tuotteemme.<\/p>\n<p>&nbsp;<\/p>\n<p><img decoding=\"async\" class=\"alignnone wp-image-2038\" src=\"https:\/\/itameriprojekti.fi\/wp-content\/uploads\/2023\/06\/bDJI_0285.jpg\" alt=\"\" width=\"568\" height=\"320\" \/><\/p>\n<p>&nbsp;<\/p>\n<p>Haastateltavina<strong> Lotta Nummelin, Magnus Hanst\u00e9n ja Joel Lindholm<\/strong><br \/>\nBj\u00f6rsk\u00e4r-projekti on OX2:n, Nemo Seafarms:n ja Pinnan alla:n yhteishanke.<\/p>\n<p>Rahoitus: 70 000 euroa<\/p>\n","protected":false},"excerpt":{"rendered":"<p>Vuoden 2022 rahoitusta saaneiden tahojen esittelyt jatkuvat! T\u00e4ll\u00e4 kertaa meill\u00e4 oli ilo haastatella Projekti Bj\u00f6rsk\u00e4rin Lotta Nummelinia, Magnus Hanst\u00e9nia ja [&hellip;]<\/p>\n","protected":false},"author":2,"featured_media":162,"comment_status":"closed","ping_status":"open","sticky":false,"template":"","format":"standard","meta":{"footnotes":""},"categories":[3,7],"tags":[],"class_list":["post-165","post","type-post","status-publish","format-standard","has-post-thumbnail","hentry","category-uutinen","category-rahoituksen-saajat"],"yoast_head":"<!-- This site is optimized with the Yoast SEO plugin v27.0 - https:\/\/yoast.com\/product\/yoast-seo-wordpress\/ -->\n<title>Joukolla It\u00e4merta parantamaan \u2013 It\u00e4meriprojektin rahoittama Projekti Bj\u00f6rsk\u00e4r tuo asiantuntijatason osaamisen yhteen - Baltic Sea Project<\/title>\n<meta name=\"robots\" content=\"index, follow, max-snippet:-1, max-image-preview:large, max-video-preview:-1\" \/>\n<link rel=\"canonical\" href=\"https:\/\/itameriprojekti.fi\/en\/uutinen\/joukolla-itamerta-parantamaan-itameriprojektin-rahoittama-projekti-bjorskar-tuo-asiantuntijatason-osaamisen-yhteen\/\" \/>\n<meta property=\"og:locale\" content=\"en_US\" \/>\n<meta property=\"og:type\" content=\"article\" \/>\n<meta property=\"og:title\" content=\"Joukolla It\u00e4merta parantamaan \u2013 It\u00e4meriprojektin rahoittama Projekti Bj\u00f6rsk\u00e4r tuo asiantuntijatason osaamisen yhteen - Baltic Sea Project\" \/>\n<meta property=\"og:description\" content=\"Vuoden 2022 rahoitusta saaneiden tahojen esittelyt jatkuvat! T\u00e4ll\u00e4 kertaa meill\u00e4 oli ilo haastatella Projekti Bj\u00f6rsk\u00e4rin Lotta Nummelinia, Magnus Hanst\u00e9nia ja [&hellip;]\" \/>\n<meta property=\"og:url\" content=\"https:\/\/itameriprojekti.fi\/en\/uutinen\/joukolla-itamerta-parantamaan-itameriprojektin-rahoittama-projekti-bjorskar-tuo-asiantuntijatason-osaamisen-yhteen\/\" \/>\n<meta property=\"og:site_name\" content=\"Baltic Sea Project\" \/>\n<meta property=\"article:published_time\" content=\"2023-06-16T05:30:34+00:00\" \/>\n<meta property=\"og:image\" content=\"https:\/\/itameriprojekti.fi\/wp-content\/uploads\/2023\/06\/b_B0I8927.jpg\" \/>\n\t<meta property=\"og:image:width\" content=\"1000\" \/>\n\t<meta property=\"og:image:height\" content=\"667\" \/>\n\t<meta property=\"og:image:type\" content=\"image\/jpeg\" \/>\n<meta name=\"author\" content=\"markus\" \/>\n<meta name=\"twitter:card\" content=\"summary_large_image\" \/>\n<meta name=\"twitter:label1\" content=\"Written by\" \/>\n\t<meta name=\"twitter:data1\" content=\"markus\" \/>\n\t<meta name=\"twitter:label2\" content=\"Est. reading time\" \/>\n\t<meta name=\"twitter:data2\" content=\"2 minutes\" \/>\n<script type=\"application\/ld+json\" class=\"yoast-schema-graph\">{\"@context\":\"https:\/\/schema.org\",\"@graph\":[{\"@type\":\"Article\",\"@id\":\"https:\/\/itameriprojekti.fi\/en\/uutinen\/joukolla-itamerta-parantamaan-itameriprojektin-rahoittama-projekti-bjorskar-tuo-asiantuntijatason-osaamisen-yhteen\/#article\",\"isPartOf\":{\"@id\":\"https:\/\/itameriprojekti.fi\/en\/uutinen\/joukolla-itamerta-parantamaan-itameriprojektin-rahoittama-projekti-bjorskar-tuo-asiantuntijatason-osaamisen-yhteen\/\"},\"author\":{\"name\":\"markus\",\"@id\":\"https:\/\/itameriprojekti.fi\/en\/#\/schema\/person\/5df17dada753df630ffc92ce3276ece8\"},\"headline\":\"Joukolla It\u00e4merta parantamaan \u2013 It\u00e4meriprojektin rahoittama Projekti Bj\u00f6rsk\u00e4r tuo asiantuntijatason osaamisen yhteen\",\"datePublished\":\"2023-06-16T05:30:34+00:00\",\"mainEntityOfPage\":{\"@id\":\"https:\/\/itameriprojekti.fi\/en\/uutinen\/joukolla-itamerta-parantamaan-itameriprojektin-rahoittama-projekti-bjorskar-tuo-asiantuntijatason-osaamisen-yhteen\/\"},\"wordCount\":382,\"image\":{\"@id\":\"https:\/\/itameriprojekti.fi\/en\/uutinen\/joukolla-itamerta-parantamaan-itameriprojektin-rahoittama-projekti-bjorskar-tuo-asiantuntijatason-osaamisen-yhteen\/#primaryimage\"},\"thumbnailUrl\":\"https:\/\/itameriprojekti.fi\/wp-content\/uploads\/2023\/06\/b_B0I8927.jpg\",\"articleSection\":[\"Uutinen\",\"Rahoituksen saajat\"],\"inLanguage\":\"en-US\"},{\"@type\":\"WebPage\",\"@id\":\"https:\/\/itameriprojekti.fi\/en\/uutinen\/joukolla-itamerta-parantamaan-itameriprojektin-rahoittama-projekti-bjorskar-tuo-asiantuntijatason-osaamisen-yhteen\/\",\"url\":\"https:\/\/itameriprojekti.fi\/en\/uutinen\/joukolla-itamerta-parantamaan-itameriprojektin-rahoittama-projekti-bjorskar-tuo-asiantuntijatason-osaamisen-yhteen\/\",\"name\":\"Joukolla It\u00e4merta parantamaan \u2013 It\u00e4meriprojektin rahoittama Projekti Bj\u00f6rsk\u00e4r tuo asiantuntijatason osaamisen yhteen - Baltic Sea Project\",\"isPartOf\":{\"@id\":\"https:\/\/itameriprojekti.fi\/en\/#website\"},\"primaryImageOfPage\":{\"@id\":\"https:\/\/itameriprojekti.fi\/en\/uutinen\/joukolla-itamerta-parantamaan-itameriprojektin-rahoittama-projekti-bjorskar-tuo-asiantuntijatason-osaamisen-yhteen\/#primaryimage\"},\"image\":{\"@id\":\"https:\/\/itameriprojekti.fi\/en\/uutinen\/joukolla-itamerta-parantamaan-itameriprojektin-rahoittama-projekti-bjorskar-tuo-asiantuntijatason-osaamisen-yhteen\/#primaryimage\"},\"thumbnailUrl\":\"https:\/\/itameriprojekti.fi\/wp-content\/uploads\/2023\/06\/b_B0I8927.jpg\",\"datePublished\":\"2023-06-16T05:30:34+00:00\",\"author\":{\"@id\":\"https:\/\/itameriprojekti.fi\/en\/#\/schema\/person\/5df17dada753df630ffc92ce3276ece8\"},\"breadcrumb\":{\"@id\":\"https:\/\/itameriprojekti.fi\/en\/uutinen\/joukolla-itamerta-parantamaan-itameriprojektin-rahoittama-projekti-bjorskar-tuo-asiantuntijatason-osaamisen-yhteen\/#breadcrumb\"},\"inLanguage\":\"en-US\",\"potentialAction\":[{\"@type\":\"ReadAction\",\"target\":[\"https:\/\/itameriprojekti.fi\/en\/uutinen\/joukolla-itamerta-parantamaan-itameriprojektin-rahoittama-projekti-bjorskar-tuo-asiantuntijatason-osaamisen-yhteen\/\"]}]},{\"@type\":\"ImageObject\",\"inLanguage\":\"en-US\",\"@id\":\"https:\/\/itameriprojekti.fi\/en\/uutinen\/joukolla-itamerta-parantamaan-itameriprojektin-rahoittama-projekti-bjorskar-tuo-asiantuntijatason-osaamisen-yhteen\/#primaryimage\",\"url\":\"https:\/\/itameriprojekti.fi\/wp-content\/uploads\/2023\/06\/b_B0I8927.jpg\",\"contentUrl\":\"https:\/\/itameriprojekti.fi\/wp-content\/uploads\/2023\/06\/b_B0I8927.jpg\",\"width\":1000,\"height\":667},{\"@type\":\"BreadcrumbList\",\"@id\":\"https:\/\/itameriprojekti.fi\/en\/uutinen\/joukolla-itamerta-parantamaan-itameriprojektin-rahoittama-projekti-bjorskar-tuo-asiantuntijatason-osaamisen-yhteen\/#breadcrumb\",\"itemListElement\":[{\"@type\":\"ListItem\",\"position\":1,\"name\":\"Home\",\"item\":\"https:\/\/itameriprojekti.fi\/en\/\"},{\"@type\":\"ListItem\",\"position\":2,\"name\":\"Joukolla It\u00e4merta parantamaan \u2013 It\u00e4meriprojektin rahoittama Projekti Bj\u00f6rsk\u00e4r tuo asiantuntijatason osaamisen yhteen\"}]},{\"@type\":\"WebSite\",\"@id\":\"https:\/\/itameriprojekti.fi\/en\/#website\",\"url\":\"https:\/\/itameriprojekti.fi\/en\/\",\"name\":\"Baltic Sea Project\",\"description\":\"\u00c5landsbankenin It\u00e4meriprojekti parantaa It\u00e4meren tilaa\",\"potentialAction\":[{\"@type\":\"SearchAction\",\"target\":{\"@type\":\"EntryPoint\",\"urlTemplate\":\"https:\/\/itameriprojekti.fi\/en\/?s={search_term_string}\"},\"query-input\":{\"@type\":\"PropertyValueSpecification\",\"valueRequired\":true,\"valueName\":\"search_term_string\"}}],\"inLanguage\":\"en-US\"},{\"@type\":\"Person\",\"@id\":\"https:\/\/itameriprojekti.fi\/en\/#\/schema\/person\/5df17dada753df630ffc92ce3276ece8\",\"name\":\"markus\"}]}<\/script>\n<!-- \/ Yoast SEO plugin. -->","yoast_head_json":{"title":"Joukolla It\u00e4merta parantamaan \u2013 It\u00e4meriprojektin rahoittama Projekti Bj\u00f6rsk\u00e4r tuo asiantuntijatason osaamisen yhteen - Baltic Sea Project","robots":{"index":"index","follow":"follow","max-snippet":"max-snippet:-1","max-image-preview":"max-image-preview:large","max-video-preview":"max-video-preview:-1"},"canonical":"https:\/\/itameriprojekti.fi\/en\/uutinen\/joukolla-itamerta-parantamaan-itameriprojektin-rahoittama-projekti-bjorskar-tuo-asiantuntijatason-osaamisen-yhteen\/","og_locale":"en_US","og_type":"article","og_title":"Joukolla It\u00e4merta parantamaan \u2013 It\u00e4meriprojektin rahoittama Projekti Bj\u00f6rsk\u00e4r tuo asiantuntijatason osaamisen yhteen - Baltic Sea Project","og_description":"Vuoden 2022 rahoitusta saaneiden tahojen esittelyt jatkuvat! T\u00e4ll\u00e4 kertaa meill\u00e4 oli ilo haastatella Projekti Bj\u00f6rsk\u00e4rin Lotta Nummelinia, Magnus Hanst\u00e9nia ja [&hellip;]","og_url":"https:\/\/itameriprojekti.fi\/en\/uutinen\/joukolla-itamerta-parantamaan-itameriprojektin-rahoittama-projekti-bjorskar-tuo-asiantuntijatason-osaamisen-yhteen\/","og_site_name":"Baltic Sea Project","article_published_time":"2023-06-16T05:30:34+00:00","og_image":[{"width":1000,"height":667,"url":"https:\/\/itameriprojekti.fi\/wp-content\/uploads\/2023\/06\/b_B0I8927.jpg","type":"image\/jpeg"}],"author":"markus","twitter_card":"summary_large_image","twitter_misc":{"Written by":"markus","Est. reading time":"2 minutes"},"schema":{"@context":"https:\/\/schema.org","@graph":[{"@type":"Article","@id":"https:\/\/itameriprojekti.fi\/en\/uutinen\/joukolla-itamerta-parantamaan-itameriprojektin-rahoittama-projekti-bjorskar-tuo-asiantuntijatason-osaamisen-yhteen\/#article","isPartOf":{"@id":"https:\/\/itameriprojekti.fi\/en\/uutinen\/joukolla-itamerta-parantamaan-itameriprojektin-rahoittama-projekti-bjorskar-tuo-asiantuntijatason-osaamisen-yhteen\/"},"author":{"name":"markus","@id":"https:\/\/itameriprojekti.fi\/en\/#\/schema\/person\/5df17dada753df630ffc92ce3276ece8"},"headline":"Joukolla It\u00e4merta parantamaan \u2013 It\u00e4meriprojektin rahoittama Projekti Bj\u00f6rsk\u00e4r tuo asiantuntijatason osaamisen yhteen","datePublished":"2023-06-16T05:30:34+00:00","mainEntityOfPage":{"@id":"https:\/\/itameriprojekti.fi\/en\/uutinen\/joukolla-itamerta-parantamaan-itameriprojektin-rahoittama-projekti-bjorskar-tuo-asiantuntijatason-osaamisen-yhteen\/"},"wordCount":382,"image":{"@id":"https:\/\/itameriprojekti.fi\/en\/uutinen\/joukolla-itamerta-parantamaan-itameriprojektin-rahoittama-projekti-bjorskar-tuo-asiantuntijatason-osaamisen-yhteen\/#primaryimage"},"thumbnailUrl":"https:\/\/itameriprojekti.fi\/wp-content\/uploads\/2023\/06\/b_B0I8927.jpg","articleSection":["Uutinen","Rahoituksen saajat"],"inLanguage":"en-US"},{"@type":"WebPage","@id":"https:\/\/itameriprojekti.fi\/en\/uutinen\/joukolla-itamerta-parantamaan-itameriprojektin-rahoittama-projekti-bjorskar-tuo-asiantuntijatason-osaamisen-yhteen\/","url":"https:\/\/itameriprojekti.fi\/en\/uutinen\/joukolla-itamerta-parantamaan-itameriprojektin-rahoittama-projekti-bjorskar-tuo-asiantuntijatason-osaamisen-yhteen\/","name":"Joukolla It\u00e4merta parantamaan \u2013 It\u00e4meriprojektin rahoittama Projekti Bj\u00f6rsk\u00e4r tuo asiantuntijatason osaamisen yhteen - Baltic Sea Project","isPartOf":{"@id":"https:\/\/itameriprojekti.fi\/en\/#website"},"primaryImageOfPage":{"@id":"https:\/\/itameriprojekti.fi\/en\/uutinen\/joukolla-itamerta-parantamaan-itameriprojektin-rahoittama-projekti-bjorskar-tuo-asiantuntijatason-osaamisen-yhteen\/#primaryimage"},"image":{"@id":"https:\/\/itameriprojekti.fi\/en\/uutinen\/joukolla-itamerta-parantamaan-itameriprojektin-rahoittama-projekti-bjorskar-tuo-asiantuntijatason-osaamisen-yhteen\/#primaryimage"},"thumbnailUrl":"https:\/\/itameriprojekti.fi\/wp-content\/uploads\/2023\/06\/b_B0I8927.jpg","datePublished":"2023-06-16T05:30:34+00:00","author":{"@id":"https:\/\/itameriprojekti.fi\/en\/#\/schema\/person\/5df17dada753df630ffc92ce3276ece8"},"breadcrumb":{"@id":"https:\/\/itameriprojekti.fi\/en\/uutinen\/joukolla-itamerta-parantamaan-itameriprojektin-rahoittama-projekti-bjorskar-tuo-asiantuntijatason-osaamisen-yhteen\/#breadcrumb"},"inLanguage":"en-US","potentialAction":[{"@type":"ReadAction","target":["https:\/\/itameriprojekti.fi\/en\/uutinen\/joukolla-itamerta-parantamaan-itameriprojektin-rahoittama-projekti-bjorskar-tuo-asiantuntijatason-osaamisen-yhteen\/"]}]},{"@type":"ImageObject","inLanguage":"en-US","@id":"https:\/\/itameriprojekti.fi\/en\/uutinen\/joukolla-itamerta-parantamaan-itameriprojektin-rahoittama-projekti-bjorskar-tuo-asiantuntijatason-osaamisen-yhteen\/#primaryimage","url":"https:\/\/itameriprojekti.fi\/wp-content\/uploads\/2023\/06\/b_B0I8927.jpg","contentUrl":"https:\/\/itameriprojekti.fi\/wp-content\/uploads\/2023\/06\/b_B0I8927.jpg","width":1000,"height":667},{"@type":"BreadcrumbList","@id":"https:\/\/itameriprojekti.fi\/en\/uutinen\/joukolla-itamerta-parantamaan-itameriprojektin-rahoittama-projekti-bjorskar-tuo-asiantuntijatason-osaamisen-yhteen\/#breadcrumb","itemListElement":[{"@type":"ListItem","position":1,"name":"Home","item":"https:\/\/itameriprojekti.fi\/en\/"},{"@type":"ListItem","position":2,"name":"Joukolla It\u00e4merta parantamaan \u2013 It\u00e4meriprojektin rahoittama Projekti Bj\u00f6rsk\u00e4r tuo asiantuntijatason osaamisen yhteen"}]},{"@type":"WebSite","@id":"https:\/\/itameriprojekti.fi\/en\/#website","url":"https:\/\/itameriprojekti.fi\/en\/","name":"Baltic Sea Project","description":"\u00c5landsbankenin It\u00e4meriprojekti parantaa It\u00e4meren tilaa","potentialAction":[{"@type":"SearchAction","target":{"@type":"EntryPoint","urlTemplate":"https:\/\/itameriprojekti.fi\/en\/?s={search_term_string}"},"query-input":{"@type":"PropertyValueSpecification","valueRequired":true,"valueName":"search_term_string"}}],"inLanguage":"en-US"},{"@type":"Person","@id":"https:\/\/itameriprojekti.fi\/en\/#\/schema\/person\/5df17dada753df630ffc92ce3276ece8","name":"markus"}]}},"_links":{"self":[{"href":"https:\/\/itameriprojekti.fi\/en\/wp-json\/wp\/v2\/posts\/165","targetHints":{"allow":["GET"]}}],"collection":[{"href":"https:\/\/itameriprojekti.fi\/en\/wp-json\/wp\/v2\/posts"}],"about":[{"href":"https:\/\/itameriprojekti.fi\/en\/wp-json\/wp\/v2\/types\/post"}],"author":[{"embeddable":true,"href":"https:\/\/itameriprojekti.fi\/en\/wp-json\/wp\/v2\/users\/2"}],"replies":[{"embeddable":true,"href":"https:\/\/itameriprojekti.fi\/en\/wp-json\/wp\/v2\/comments?post=165"}],"version-history":[{"count":0,"href":"https:\/\/itameriprojekti.fi\/en\/wp-json\/wp\/v2\/posts\/165\/revisions"}],"wp:featuredmedia":[{"embeddable":true,"href":"https:\/\/itameriprojekti.fi\/en\/wp-json\/wp\/v2\/media\/162"}],"wp:attachment":[{"href":"https:\/\/itameriprojekti.fi\/en\/wp-json\/wp\/v2\/media?parent=165"}],"wp:term":[{"taxonomy":"category","embeddable":true,"href":"https:\/\/itameriprojekti.fi\/en\/wp-json\/wp\/v2\/categories?post=165"},{"taxonomy":"post_tag","embeddable":true,"href":"https:\/\/itameriprojekti.fi\/en\/wp-json\/wp\/v2\/tags?post=165"}],"curies":[{"name":"wp","href":"https:\/\/api.w.org\/{rel}","templated":true}]}}