{"id":1274,"date":"2023-06-16T09:24:29","date_gmt":"2023-06-16T06:24:29","guid":{"rendered":"https:\/\/itameriprojekti.fi\/?p=1274"},"modified":"2023-12-27T13:27:46","modified_gmt":"2023-12-27T11:27:46","slug":"tanken-bakom-vart-projekt-ar-att-mojliggora-anvandningen-av-koldioxidsnala-elektriska-branslen-inom-sjotransporter-och-hamnomraden-p2x-solutions","status":"publish","type":"post","link":"https:\/\/itameriprojekti.fi\/sv\/mottagare-av-finansiering\/tanken-bakom-vart-projekt-ar-att-mojliggora-anvandningen-av-koldioxidsnala-elektriska-branslen-inom-sjotransporter-och-hamnomraden-p2x-solutions\/","title":{"rendered":"&#8221;Tanken bakom v\u00e5rt projekt \u00e4r att m\u00f6jligg\u00f6ra anv\u00e4ndningen av koldioxidsn\u00e5la elektriska br\u00e4nslen inom sj\u00f6transporter och hamnomr\u00e5den&#8221; &#8211; P2X Solutions"},"content":{"rendered":"<p><strong>Ber\u00e4tta f\u00f6rst hur ditt \u00d6stersj\u00f6n ser ut? Vad betyder \u00d6stersj\u00f6n f\u00f6r dig?<\/strong><\/p>\n<p>Nedan har vi samlat n\u00e5gra tankar om hur v\u00e5rt Greenteam ser p\u00e5 \u00d6stersj\u00f6n och vad det betyder f\u00f6r oss.<br \/>\n<span style=\"font-family: -apple-system, BlinkMacSystemFont, 'Segoe UI', Roboto, Oxygen-Sans, Ubuntu, Cantarell, 'Helvetica Neue', sans-serif;\">&#8221;\u00d6stersj\u00f6n \u00e4r ett l\u00f6fte om frihet och \u00e4ventyr.&#8221;<br \/>\n<\/span>&#8221;\u00d6stersj\u00f6n \u00e4r en vind som fladdrar i h\u00e5ret och en v\u00e5g som glittrar i \u00f6gonen ger dig kraft att forts\u00e4tta.&#8221;<br \/>\n&#8221;\u00d6stersj\u00f6n f\u00f6r in naturen i stadsmilj\u00f6n och skapar en maritim milj\u00f6 f\u00f6r vandring och motion.&#8221;<br \/>\n&#8221;\u00d6stersj\u00f6n \u00e4r ett stolt hem f\u00f6r sill.&#8221;<br \/>\n&#8221;\u00d6stersj\u00f6n f\u00f6rbinder Finland med Europa.&#8221;<br \/>\n&#8221;\u00d6stersj\u00f6n inneb\u00e4r ett sk\u00e4rg\u00e5rds\u00e4ventyr.&#8221;<\/p>\n<p><strong>\u00d6stersj\u00f6projektet finansierar goda id\u00e9er och \u00e5tg\u00e4rder f\u00f6r att fr\u00e4mja \u00d6stersj\u00f6ns tillst\u00e5nd. Vad \u00e4r er projektid\u00e9? Hur bidrar den till \u00d6stersj\u00f6ns tillst\u00e5nd?<\/strong><\/p>\n<p>Tanken med v\u00e5rt projekt \u00e4r att utforska koldioxidsn\u00e5la hamnv\u00e4rdekedjor i \u00d6stersj\u00f6n och d\u00e4rmed m\u00f6jligg\u00f6ra inf\u00f6randet av nya elektriska br\u00e4nslen med l\u00e5ga utsl\u00e4pp (gr\u00f6n v\u00e4tgas, e-metan, e-metanol och e-ammoniak) f\u00f6r b\u00e5de sj\u00f6transporter och hamnomr\u00e5den. \u00a0Inf\u00f6randet av elbr\u00e4nslen minskar koldioxidutsl\u00e4ppen och begr\u00e4nsar d\u00e4rmed klimatf\u00f6r\u00e4ndringen. Att mildra klimatf\u00f6r\u00e4ndringarna f\u00f6rb\u00e4ttrar i sin tur v\u00e4lbefinnandet f\u00f6r den \u00f6mt\u00e5liga biologiska m\u00e5ngfalden i kust- och havsomr\u00e5den.\u00a0 Vi fokuserar ocks\u00e5 p\u00e5 s\u00e4kerhets- och licensfr\u00e5gor f\u00f6r elektriska br\u00e4nslen, s\u00e5 att inf\u00f6randet av nya br\u00e4nslen kan genomf\u00f6ras p\u00e5 s\u00e4krast m\u00f6jliga s\u00e4tt f\u00f6r \u00d6stersj\u00f6n.<\/p>\n<p><strong>Vad betyder det f\u00f6r er att f\u00e5 finansiering ur \u00d6stersj\u00f6projektet?<\/strong><\/p>\n<p>Vi \u00e4r fast beslutna att fr\u00e4mja inf\u00f6randet av nya gr\u00f6na l\u00f6sningar i hela v\u00e5r v\u00e4rdekedja och \u00f6ka medvetenheten om dem \u00e4ven i samh\u00e4llet i stort. Finansieringen ur \u00d6stersj\u00f6projektet ger oss m\u00f6jlighet att forts\u00e4tta v\u00e5rt arbete med att fr\u00e4mja inf\u00f6randet av nya gr\u00f6na l\u00f6sningar och d\u00e4rmed g\u00f6ra ett konkret arbete f\u00f6r att skydda \u00d6stersj\u00f6n, som ligger oss varmt om hj\u00e4rtat.<\/p>\n<p>&nbsp;<\/p>\n<p><img decoding=\"async\" class=\"alignnone wp-image-1870\" src=\"https:\/\/ostersjoprojektet.fi\/wp-content\/uploads\/2023\/06\/P2X_tiimikuva_06062023-225x300.jpg\" alt=\"\" width=\"412\" height=\"549\" \/><\/p>\n<p>&nbsp;<\/p>\n<p><strong>Har du bekantat dig med de andra projekten som i \u00e5r fick finansiering ur \u00d6stersj\u00f6projektet? Skicka en h\u00e4lsning till ditt favoritprojekt!<\/strong><\/p>\n<p>Vi skickar en s\u00e4rskild h\u00e4lsning till de sm\u00e5 fiskarna i Hailia! F\u00f6rhoppningsvis kommer vi snart att kunna \u00e4ta \u00d6stersj\u00f6n ren \u00e4ven i v\u00e5ra lokala butiker. Grattis \u00e4ven till alla andra fantastiska projekt som f\u00e5tt finansiering!<\/p>\n<p>&nbsp;<\/p>\n<p>Namn: <strong>Jenni Borg\u00a0\u00a0<\/strong><\/p>\n<p>Titel: Specialist, P2X Solutions Oy<\/p>\n<p>Finansiering: 60 000 euro<\/p>\n<p>&nbsp;<\/p>\n","protected":false},"excerpt":{"rendered":"<p>Ber\u00e4tta f\u00f6rst hur ditt \u00d6stersj\u00f6n ser ut? Vad betyder \u00d6stersj\u00f6n f\u00f6r dig? Nedan har vi samlat n\u00e5gra tankar om hur [&hellip;]<\/p>\n","protected":false},"author":3,"featured_media":140,"comment_status":"closed","ping_status":"open","sticky":false,"template":"","format":"standard","meta":{"footnotes":""},"categories":[58,66],"tags":[],"class_list":["post-1274","post","type-post","status-publish","format-standard","has-post-thumbnail","hentry","category-mottagare-av-finansiering","category-nyheter"],"yoast_head":"<!-- This site is optimized with the Yoast SEO plugin v27.0 - https:\/\/yoast.com\/product\/yoast-seo-wordpress\/ -->\n<title>&quot;Tanken bakom v\u00e5rt projekt \u00e4r att m\u00f6jligg\u00f6ra anv\u00e4ndningen av koldioxidsn\u00e5la elektriska br\u00e4nslen inom sj\u00f6transporter och hamnomr\u00e5den&quot; - P2X Solutions - \u00d6stersj\u00f6projektet<\/title>\n<meta name=\"robots\" content=\"index, follow, max-snippet:-1, max-image-preview:large, max-video-preview:-1\" \/>\n<link rel=\"canonical\" href=\"https:\/\/itameriprojekti.fi\/sv\/mottagare-av-finansiering\/tanken-bakom-vart-projekt-ar-att-mojliggora-anvandningen-av-koldioxidsnala-elektriska-branslen-inom-sjotransporter-och-hamnomraden-p2x-solutions\/\" \/>\n<meta property=\"og:locale\" content=\"sv_SE\" \/>\n<meta property=\"og:type\" content=\"article\" \/>\n<meta property=\"og:title\" content=\"&quot;Tanken bakom v\u00e5rt projekt \u00e4r att m\u00f6jligg\u00f6ra anv\u00e4ndningen av koldioxidsn\u00e5la elektriska br\u00e4nslen inom sj\u00f6transporter och hamnomr\u00e5den&quot; - P2X Solutions - \u00d6stersj\u00f6projektet\" \/>\n<meta property=\"og:description\" content=\"Ber\u00e4tta f\u00f6rst hur ditt \u00d6stersj\u00f6n ser ut? Vad betyder \u00d6stersj\u00f6n f\u00f6r dig? Nedan har vi samlat n\u00e5gra tankar om hur [&hellip;]\" \/>\n<meta property=\"og:url\" content=\"https:\/\/itameriprojekti.fi\/sv\/mottagare-av-finansiering\/tanken-bakom-vart-projekt-ar-att-mojliggora-anvandningen-av-koldioxidsnala-elektriska-branslen-inom-sjotransporter-och-hamnomraden-p2x-solutions\/\" \/>\n<meta property=\"og:site_name\" content=\"\u00d6stersj\u00f6projektet\" \/>\n<meta property=\"article:published_time\" content=\"2023-06-16T06:24:29+00:00\" \/>\n<meta property=\"article:modified_time\" content=\"2023-12-27T11:27:46+00:00\" \/>\n<meta property=\"og:image\" content=\"https:\/\/itameriprojekti.fi\/wp-content\/uploads\/2020\/09\/itameri_kuva-scaled.jpg\" \/>\n\t<meta property=\"og:image:width\" content=\"2560\" \/>\n\t<meta property=\"og:image:height\" content=\"1568\" \/>\n\t<meta property=\"og:image:type\" content=\"image\/jpeg\" \/>\n<meta name=\"author\" content=\"Sergei Markov\" \/>\n<meta name=\"twitter:card\" content=\"summary_large_image\" \/>\n<meta name=\"twitter:label1\" content=\"Skriven av\" \/>\n\t<meta name=\"twitter:data1\" content=\"Sergei Markov\" \/>\n\t<meta name=\"twitter:label2\" content=\"Ber\u00e4knad l\u00e4stid\" \/>\n\t<meta name=\"twitter:data2\" content=\"2 minuter\" \/>\n<script type=\"application\/ld+json\" class=\"yoast-schema-graph\">{\"@context\":\"https:\/\/schema.org\",\"@graph\":[{\"@type\":\"Article\",\"@id\":\"https:\/\/itameriprojekti.fi\/sv\/mottagare-av-finansiering\/tanken-bakom-vart-projekt-ar-att-mojliggora-anvandningen-av-koldioxidsnala-elektriska-branslen-inom-sjotransporter-och-hamnomraden-p2x-solutions\/#article\",\"isPartOf\":{\"@id\":\"https:\/\/itameriprojekti.fi\/sv\/mottagare-av-finansiering\/tanken-bakom-vart-projekt-ar-att-mojliggora-anvandningen-av-koldioxidsnala-elektriska-branslen-inom-sjotransporter-och-hamnomraden-p2x-solutions\/\"},\"author\":{\"name\":\"Sergei Markov\",\"@id\":\"https:\/\/itameriprojekti.fi\/sv\/#\/schema\/person\/93841f7a17884603aea545bef5bbbe2d\"},\"headline\":\"&#8221;Tanken bakom v\u00e5rt projekt \u00e4r att m\u00f6jligg\u00f6ra anv\u00e4ndningen av koldioxidsn\u00e5la elektriska br\u00e4nslen inom sj\u00f6transporter och hamnomr\u00e5den&#8221; &#8211; P2X Solutions\",\"datePublished\":\"2023-06-16T06:24:29+00:00\",\"dateModified\":\"2023-12-27T11:27:46+00:00\",\"mainEntityOfPage\":{\"@id\":\"https:\/\/itameriprojekti.fi\/sv\/mottagare-av-finansiering\/tanken-bakom-vart-projekt-ar-att-mojliggora-anvandningen-av-koldioxidsnala-elektriska-branslen-inom-sjotransporter-och-hamnomraden-p2x-solutions\/\"},\"wordCount\":474,\"image\":{\"@id\":\"https:\/\/itameriprojekti.fi\/sv\/mottagare-av-finansiering\/tanken-bakom-vart-projekt-ar-att-mojliggora-anvandningen-av-koldioxidsnala-elektriska-branslen-inom-sjotransporter-och-hamnomraden-p2x-solutions\/#primaryimage\"},\"thumbnailUrl\":\"https:\/\/itameriprojekti.fi\/wp-content\/uploads\/2020\/09\/itameri_kuva-scaled.jpg\",\"articleSection\":[\"Mottagare av finansiering\",\"Nyheter\"],\"inLanguage\":\"sv-SE\"},{\"@type\":\"WebPage\",\"@id\":\"https:\/\/itameriprojekti.fi\/sv\/mottagare-av-finansiering\/tanken-bakom-vart-projekt-ar-att-mojliggora-anvandningen-av-koldioxidsnala-elektriska-branslen-inom-sjotransporter-och-hamnomraden-p2x-solutions\/\",\"url\":\"https:\/\/itameriprojekti.fi\/sv\/mottagare-av-finansiering\/tanken-bakom-vart-projekt-ar-att-mojliggora-anvandningen-av-koldioxidsnala-elektriska-branslen-inom-sjotransporter-och-hamnomraden-p2x-solutions\/\",\"name\":\"\\\"Tanken bakom v\u00e5rt projekt \u00e4r att m\u00f6jligg\u00f6ra anv\u00e4ndningen av koldioxidsn\u00e5la elektriska br\u00e4nslen inom sj\u00f6transporter och hamnomr\u00e5den\\\" - P2X Solutions - \u00d6stersj\u00f6projektet\",\"isPartOf\":{\"@id\":\"https:\/\/itameriprojekti.fi\/sv\/#website\"},\"primaryImageOfPage\":{\"@id\":\"https:\/\/itameriprojekti.fi\/sv\/mottagare-av-finansiering\/tanken-bakom-vart-projekt-ar-att-mojliggora-anvandningen-av-koldioxidsnala-elektriska-branslen-inom-sjotransporter-och-hamnomraden-p2x-solutions\/#primaryimage\"},\"image\":{\"@id\":\"https:\/\/itameriprojekti.fi\/sv\/mottagare-av-finansiering\/tanken-bakom-vart-projekt-ar-att-mojliggora-anvandningen-av-koldioxidsnala-elektriska-branslen-inom-sjotransporter-och-hamnomraden-p2x-solutions\/#primaryimage\"},\"thumbnailUrl\":\"https:\/\/itameriprojekti.fi\/wp-content\/uploads\/2020\/09\/itameri_kuva-scaled.jpg\",\"datePublished\":\"2023-06-16T06:24:29+00:00\",\"dateModified\":\"2023-12-27T11:27:46+00:00\",\"author\":{\"@id\":\"https:\/\/itameriprojekti.fi\/sv\/#\/schema\/person\/93841f7a17884603aea545bef5bbbe2d\"},\"breadcrumb\":{\"@id\":\"https:\/\/itameriprojekti.fi\/sv\/mottagare-av-finansiering\/tanken-bakom-vart-projekt-ar-att-mojliggora-anvandningen-av-koldioxidsnala-elektriska-branslen-inom-sjotransporter-och-hamnomraden-p2x-solutions\/#breadcrumb\"},\"inLanguage\":\"sv-SE\",\"potentialAction\":[{\"@type\":\"ReadAction\",\"target\":[\"https:\/\/itameriprojekti.fi\/sv\/mottagare-av-finansiering\/tanken-bakom-vart-projekt-ar-att-mojliggora-anvandningen-av-koldioxidsnala-elektriska-branslen-inom-sjotransporter-och-hamnomraden-p2x-solutions\/\"]}]},{\"@type\":\"ImageObject\",\"inLanguage\":\"sv-SE\",\"@id\":\"https:\/\/itameriprojekti.fi\/sv\/mottagare-av-finansiering\/tanken-bakom-vart-projekt-ar-att-mojliggora-anvandningen-av-koldioxidsnala-elektriska-branslen-inom-sjotransporter-och-hamnomraden-p2x-solutions\/#primaryimage\",\"url\":\"https:\/\/itameriprojekti.fi\/wp-content\/uploads\/2020\/09\/itameri_kuva-scaled.jpg\",\"contentUrl\":\"https:\/\/itameriprojekti.fi\/wp-content\/uploads\/2020\/09\/itameri_kuva-scaled.jpg\",\"width\":2560,\"height\":1568},{\"@type\":\"BreadcrumbList\",\"@id\":\"https:\/\/itameriprojekti.fi\/sv\/mottagare-av-finansiering\/tanken-bakom-vart-projekt-ar-att-mojliggora-anvandningen-av-koldioxidsnala-elektriska-branslen-inom-sjotransporter-och-hamnomraden-p2x-solutions\/#breadcrumb\",\"itemListElement\":[{\"@type\":\"ListItem\",\"position\":1,\"name\":\"Framsida\",\"item\":\"https:\/\/itameriprojekti.fi\/sv\/\"},{\"@type\":\"ListItem\",\"position\":2,\"name\":\"&#8221;Tanken bakom v\u00e5rt projekt \u00e4r att m\u00f6jligg\u00f6ra anv\u00e4ndningen av koldioxidsn\u00e5la elektriska br\u00e4nslen inom sj\u00f6transporter och hamnomr\u00e5den&#8221; &#8211; P2X Solutions\"}]},{\"@type\":\"WebSite\",\"@id\":\"https:\/\/itameriprojekti.fi\/sv\/#website\",\"url\":\"https:\/\/itameriprojekti.fi\/sv\/\",\"name\":\"\u00d6stersj\u00f6projektet\",\"description\":\"\u00c5landsbankenin It\u00e4meriprojekti parantaa It\u00e4meren tilaa\",\"potentialAction\":[{\"@type\":\"SearchAction\",\"target\":{\"@type\":\"EntryPoint\",\"urlTemplate\":\"https:\/\/itameriprojekti.fi\/sv\/?s={search_term_string}\"},\"query-input\":{\"@type\":\"PropertyValueSpecification\",\"valueRequired\":true,\"valueName\":\"search_term_string\"}}],\"inLanguage\":\"sv-SE\"},{\"@type\":\"Person\",\"@id\":\"https:\/\/itameriprojekti.fi\/sv\/#\/schema\/person\/93841f7a17884603aea545bef5bbbe2d\",\"name\":\"Sergei Markov\",\"sameAs\":[\"https:\/\/cron.fi\"]}]}<\/script>\n<!-- \/ Yoast SEO plugin. -->","yoast_head_json":{"title":"\"Tanken bakom v\u00e5rt projekt \u00e4r att m\u00f6jligg\u00f6ra anv\u00e4ndningen av koldioxidsn\u00e5la elektriska br\u00e4nslen inom sj\u00f6transporter och hamnomr\u00e5den\" - P2X Solutions - \u00d6stersj\u00f6projektet","robots":{"index":"index","follow":"follow","max-snippet":"max-snippet:-1","max-image-preview":"max-image-preview:large","max-video-preview":"max-video-preview:-1"},"canonical":"https:\/\/itameriprojekti.fi\/sv\/mottagare-av-finansiering\/tanken-bakom-vart-projekt-ar-att-mojliggora-anvandningen-av-koldioxidsnala-elektriska-branslen-inom-sjotransporter-och-hamnomraden-p2x-solutions\/","og_locale":"sv_SE","og_type":"article","og_title":"\"Tanken bakom v\u00e5rt projekt \u00e4r att m\u00f6jligg\u00f6ra anv\u00e4ndningen av koldioxidsn\u00e5la elektriska br\u00e4nslen inom sj\u00f6transporter och hamnomr\u00e5den\" - P2X Solutions - \u00d6stersj\u00f6projektet","og_description":"Ber\u00e4tta f\u00f6rst hur ditt \u00d6stersj\u00f6n ser ut? Vad betyder \u00d6stersj\u00f6n f\u00f6r dig? Nedan har vi samlat n\u00e5gra tankar om hur [&hellip;]","og_url":"https:\/\/itameriprojekti.fi\/sv\/mottagare-av-finansiering\/tanken-bakom-vart-projekt-ar-att-mojliggora-anvandningen-av-koldioxidsnala-elektriska-branslen-inom-sjotransporter-och-hamnomraden-p2x-solutions\/","og_site_name":"\u00d6stersj\u00f6projektet","article_published_time":"2023-06-16T06:24:29+00:00","article_modified_time":"2023-12-27T11:27:46+00:00","og_image":[{"width":2560,"height":1568,"url":"https:\/\/itameriprojekti.fi\/wp-content\/uploads\/2020\/09\/itameri_kuva-scaled.jpg","type":"image\/jpeg"}],"author":"Sergei Markov","twitter_card":"summary_large_image","twitter_misc":{"Skriven av":"Sergei Markov","Ber\u00e4knad l\u00e4stid":"2 minuter"},"schema":{"@context":"https:\/\/schema.org","@graph":[{"@type":"Article","@id":"https:\/\/itameriprojekti.fi\/sv\/mottagare-av-finansiering\/tanken-bakom-vart-projekt-ar-att-mojliggora-anvandningen-av-koldioxidsnala-elektriska-branslen-inom-sjotransporter-och-hamnomraden-p2x-solutions\/#article","isPartOf":{"@id":"https:\/\/itameriprojekti.fi\/sv\/mottagare-av-finansiering\/tanken-bakom-vart-projekt-ar-att-mojliggora-anvandningen-av-koldioxidsnala-elektriska-branslen-inom-sjotransporter-och-hamnomraden-p2x-solutions\/"},"author":{"name":"Sergei Markov","@id":"https:\/\/itameriprojekti.fi\/sv\/#\/schema\/person\/93841f7a17884603aea545bef5bbbe2d"},"headline":"&#8221;Tanken bakom v\u00e5rt projekt \u00e4r att m\u00f6jligg\u00f6ra anv\u00e4ndningen av koldioxidsn\u00e5la elektriska br\u00e4nslen inom sj\u00f6transporter och hamnomr\u00e5den&#8221; &#8211; P2X Solutions","datePublished":"2023-06-16T06:24:29+00:00","dateModified":"2023-12-27T11:27:46+00:00","mainEntityOfPage":{"@id":"https:\/\/itameriprojekti.fi\/sv\/mottagare-av-finansiering\/tanken-bakom-vart-projekt-ar-att-mojliggora-anvandningen-av-koldioxidsnala-elektriska-branslen-inom-sjotransporter-och-hamnomraden-p2x-solutions\/"},"wordCount":474,"image":{"@id":"https:\/\/itameriprojekti.fi\/sv\/mottagare-av-finansiering\/tanken-bakom-vart-projekt-ar-att-mojliggora-anvandningen-av-koldioxidsnala-elektriska-branslen-inom-sjotransporter-och-hamnomraden-p2x-solutions\/#primaryimage"},"thumbnailUrl":"https:\/\/itameriprojekti.fi\/wp-content\/uploads\/2020\/09\/itameri_kuva-scaled.jpg","articleSection":["Mottagare av finansiering","Nyheter"],"inLanguage":"sv-SE"},{"@type":"WebPage","@id":"https:\/\/itameriprojekti.fi\/sv\/mottagare-av-finansiering\/tanken-bakom-vart-projekt-ar-att-mojliggora-anvandningen-av-koldioxidsnala-elektriska-branslen-inom-sjotransporter-och-hamnomraden-p2x-solutions\/","url":"https:\/\/itameriprojekti.fi\/sv\/mottagare-av-finansiering\/tanken-bakom-vart-projekt-ar-att-mojliggora-anvandningen-av-koldioxidsnala-elektriska-branslen-inom-sjotransporter-och-hamnomraden-p2x-solutions\/","name":"\"Tanken bakom v\u00e5rt projekt \u00e4r att m\u00f6jligg\u00f6ra anv\u00e4ndningen av koldioxidsn\u00e5la elektriska br\u00e4nslen inom sj\u00f6transporter och hamnomr\u00e5den\" - P2X Solutions - \u00d6stersj\u00f6projektet","isPartOf":{"@id":"https:\/\/itameriprojekti.fi\/sv\/#website"},"primaryImageOfPage":{"@id":"https:\/\/itameriprojekti.fi\/sv\/mottagare-av-finansiering\/tanken-bakom-vart-projekt-ar-att-mojliggora-anvandningen-av-koldioxidsnala-elektriska-branslen-inom-sjotransporter-och-hamnomraden-p2x-solutions\/#primaryimage"},"image":{"@id":"https:\/\/itameriprojekti.fi\/sv\/mottagare-av-finansiering\/tanken-bakom-vart-projekt-ar-att-mojliggora-anvandningen-av-koldioxidsnala-elektriska-branslen-inom-sjotransporter-och-hamnomraden-p2x-solutions\/#primaryimage"},"thumbnailUrl":"https:\/\/itameriprojekti.fi\/wp-content\/uploads\/2020\/09\/itameri_kuva-scaled.jpg","datePublished":"2023-06-16T06:24:29+00:00","dateModified":"2023-12-27T11:27:46+00:00","author":{"@id":"https:\/\/itameriprojekti.fi\/sv\/#\/schema\/person\/93841f7a17884603aea545bef5bbbe2d"},"breadcrumb":{"@id":"https:\/\/itameriprojekti.fi\/sv\/mottagare-av-finansiering\/tanken-bakom-vart-projekt-ar-att-mojliggora-anvandningen-av-koldioxidsnala-elektriska-branslen-inom-sjotransporter-och-hamnomraden-p2x-solutions\/#breadcrumb"},"inLanguage":"sv-SE","potentialAction":[{"@type":"ReadAction","target":["https:\/\/itameriprojekti.fi\/sv\/mottagare-av-finansiering\/tanken-bakom-vart-projekt-ar-att-mojliggora-anvandningen-av-koldioxidsnala-elektriska-branslen-inom-sjotransporter-och-hamnomraden-p2x-solutions\/"]}]},{"@type":"ImageObject","inLanguage":"sv-SE","@id":"https:\/\/itameriprojekti.fi\/sv\/mottagare-av-finansiering\/tanken-bakom-vart-projekt-ar-att-mojliggora-anvandningen-av-koldioxidsnala-elektriska-branslen-inom-sjotransporter-och-hamnomraden-p2x-solutions\/#primaryimage","url":"https:\/\/itameriprojekti.fi\/wp-content\/uploads\/2020\/09\/itameri_kuva-scaled.jpg","contentUrl":"https:\/\/itameriprojekti.fi\/wp-content\/uploads\/2020\/09\/itameri_kuva-scaled.jpg","width":2560,"height":1568},{"@type":"BreadcrumbList","@id":"https:\/\/itameriprojekti.fi\/sv\/mottagare-av-finansiering\/tanken-bakom-vart-projekt-ar-att-mojliggora-anvandningen-av-koldioxidsnala-elektriska-branslen-inom-sjotransporter-och-hamnomraden-p2x-solutions\/#breadcrumb","itemListElement":[{"@type":"ListItem","position":1,"name":"Framsida","item":"https:\/\/itameriprojekti.fi\/sv\/"},{"@type":"ListItem","position":2,"name":"&#8221;Tanken bakom v\u00e5rt projekt \u00e4r att m\u00f6jligg\u00f6ra anv\u00e4ndningen av koldioxidsn\u00e5la elektriska br\u00e4nslen inom sj\u00f6transporter och hamnomr\u00e5den&#8221; &#8211; P2X Solutions"}]},{"@type":"WebSite","@id":"https:\/\/itameriprojekti.fi\/sv\/#website","url":"https:\/\/itameriprojekti.fi\/sv\/","name":"\u00d6stersj\u00f6projektet","description":"\u00c5landsbankenin It\u00e4meriprojekti parantaa It\u00e4meren tilaa","potentialAction":[{"@type":"SearchAction","target":{"@type":"EntryPoint","urlTemplate":"https:\/\/itameriprojekti.fi\/sv\/?s={search_term_string}"},"query-input":{"@type":"PropertyValueSpecification","valueRequired":true,"valueName":"search_term_string"}}],"inLanguage":"sv-SE"},{"@type":"Person","@id":"https:\/\/itameriprojekti.fi\/sv\/#\/schema\/person\/93841f7a17884603aea545bef5bbbe2d","name":"Sergei Markov","sameAs":["https:\/\/cron.fi"]}]}},"_links":{"self":[{"href":"https:\/\/itameriprojekti.fi\/sv\/wp-json\/wp\/v2\/posts\/1274","targetHints":{"allow":["GET"]}}],"collection":[{"href":"https:\/\/itameriprojekti.fi\/sv\/wp-json\/wp\/v2\/posts"}],"about":[{"href":"https:\/\/itameriprojekti.fi\/sv\/wp-json\/wp\/v2\/types\/post"}],"author":[{"embeddable":true,"href":"https:\/\/itameriprojekti.fi\/sv\/wp-json\/wp\/v2\/users\/3"}],"replies":[{"embeddable":true,"href":"https:\/\/itameriprojekti.fi\/sv\/wp-json\/wp\/v2\/comments?post=1274"}],"version-history":[{"count":1,"href":"https:\/\/itameriprojekti.fi\/sv\/wp-json\/wp\/v2\/posts\/1274\/revisions"}],"predecessor-version":[{"id":1275,"href":"https:\/\/itameriprojekti.fi\/sv\/wp-json\/wp\/v2\/posts\/1274\/revisions\/1275"}],"wp:featuredmedia":[{"embeddable":true,"href":"https:\/\/itameriprojekti.fi\/sv\/wp-json\/wp\/v2\/media\/140"}],"wp:attachment":[{"href":"https:\/\/itameriprojekti.fi\/sv\/wp-json\/wp\/v2\/media?parent=1274"}],"wp:term":[{"taxonomy":"category","embeddable":true,"href":"https:\/\/itameriprojekti.fi\/sv\/wp-json\/wp\/v2\/categories?post=1274"},{"taxonomy":"post_tag","embeddable":true,"href":"https:\/\/itameriprojekti.fi\/sv\/wp-json\/wp\/v2\/tags?post=1274"}],"curies":[{"name":"wp","href":"https:\/\/api.w.org\/{rel}","templated":true}]}}