{"id":1282,"date":"2022-12-15T10:00:27","date_gmt":"2022-12-15T08:00:27","guid":{"rendered":"https:\/\/itameriprojekti.fi\/?p=1282"},"modified":"2023-12-27T13:33:36","modified_gmt":"2023-12-27T11:33:36","slug":"nordiska-radets-miljopris-till-projekt-finansierat-av-alandsbankens-ostersjoprojekt-finansieringen-forvandlade-ord-till-handling","status":"publish","type":"post","link":"https:\/\/itameriprojekti.fi\/sv\/mottagare-av-finansiering\/nordiska-radets-miljopris-till-projekt-finansierat-av-alandsbankens-ostersjoprojekt-finansieringen-forvandlade-ord-till-handling\/","title":{"rendered":"Nordiska r\u00e5dets milj\u00f6pris till projekt finansierat av \u00c5landsbankens \u00d6stersj\u00f6projekt \u2013 \u201dFinansieringen f\u00f6rvandlade ord till handling\u201d"},"content":{"rendered":"<p>Mariehamns stad fick Nordiska r\u00e5dets milj\u00f6pris 2022 f\u00f6r Nabbens stadsv\u00e5tmark.<\/p>\n<p>Temat f\u00f6r \u00e5rets milj\u00f6pris var Naturbaserade l\u00f6sningar \u2013 ett m\u00e5ngsidigt svar p\u00e5 samh\u00e4llets stora utmaningar.<\/p>\n<p>Priskommitt\u00e9n motiverade v\u00e5tmarksprojektet med att det bland annat renar vattenmilj\u00f6n och tillf\u00f6r positiva effekter p\u00e5 v\u00e4xt- och djurlivet. Dessutom f\u00f6r det natur och djur n\u00e4rmare stadsborna, fungerar som ett rekreationsomr\u00e5de f\u00f6r stadsbor och fr\u00e4mjar d\u00e4rmed ocks\u00e5 m\u00e4nniskors sociala v\u00e4lbefinnande.<\/p>\n<p>Nordiska r\u00e5det \u00e4r det officiella nordiska samarbetets parlamentariska organ, som bildades 1952. R\u00e5det har 87 valda ledam\u00f6ter fr\u00e5n Finland, Sverige, Norge, Island, Danmark, \u00c5land, F\u00e4r\u00f6arna och Gr\u00f6nland.<\/p>\n<p><strong>Finansiering f\u00f6rvandlar ord till handling<\/strong><\/p>\n<p>Nyheten om vinsten v\u00e4ckte s\u00e4rskilt stor gl\u00e4dje hos \u00c5landsbanken, eftersom banken har finansierat Mariehamns stads milj\u00f6arbete flera g\u00e5nger via \u00d6stersj\u00f6projektet: \u00e5r 2020 tilldelades v\u00e5tmarken Sviby 80 000 euro och 2017 fick Nabbens v\u00e5tmarksprojekt 35 000 euro.<\/p>\n<p>\u2013 Att f\u00e5 finansiering fr\u00e5n \u00c5landsbanken gjorde att projektet gick fr\u00e5n ord till handling, s\u00e4ger <strong>Ulf Simolin<\/strong>, milj\u00f6samordnare p\u00e5 Mariehamns stad.<\/p>\n<p>Nabbens v\u00e5tmark vid Slemmern i Mariehamn, som nu tilldelats milj\u00f6priset, f\u00f6rverkligades genom finansiering fr\u00e5n bland annat \u00d6stersj\u00f6projektet. V\u00e5tmarksomr\u00e5det med tillh\u00f6rande dammar och naturn\u00e4ra reningsmetoder skapar f\u00f6ruts\u00e4ttningar f\u00f6r borttagning av mikroplaster, n\u00e4rings\u00e4mnen och andra f\u00f6roreningar. P\u00e5 andra sidan av staden, i Sviby, kommer man ut\u00f6ver v\u00e5tmarken \u00e4ven att bygga gr\u00f6nomr\u00e5den och vandringsleder.<\/p>\n<p>Projekten har haft en central roll i att f\u00f6rb\u00e4ttra vattenkvaliteten kring Mariehamn och \u00e4ven \u00d6stersj\u00f6n bredare.<\/p>\n<p>&#8211; Vi \u00e4r stolta \u00f6ver att ett projekt som finansierats av \u00d6stersj\u00f6projektet f\u00e5r ett s\u00e5dant prestigefyllt erk\u00e4nnande. Det visar att vi tillsammans kan p\u00e5verka och f\u00f6rb\u00e4ttra saker, s\u00e4ger <strong>Anne-Maria Salonius<\/strong>, chef \u00c5landsbanken Finland.<\/p>\n<p>&#8211; Det \u00e4r precis vad \u00d6stersj\u00f6projektet handlar om \u2013 id\u00e9er som i b\u00e4sta fall kan v\u00e4xa, inspirera till nya projekt, knyta an till varandra och i slut\u00e4ndan bidra tillsammans f\u00f6r \u00d6stersj\u00f6ns tillst\u00e5nd.<\/p>\n<p>&nbsp;<\/p>\n<p><strong>Mer information:<\/strong><br \/>\nAnne-Maria Salonius<br \/>\ndirekt\u00f6r \u00c5landsbanken Finland<br \/>\nTel. +358 40 733 1106<br \/>\nanne-maria.salonius@alandsbanken.fi<\/p>\n<p>&nbsp;<\/p>\n<p><em>Finansieringsans\u00f6kan f\u00f6r \u00c5landsbankens \u00d6stersj\u00f6projekt 2022 \u00e4r nu \u00f6ppen och avslutas 15.2.2023. \u00d6stersj\u00f6projektet \u00e4r \u00c5landsbankens milj\u00f6projekt vars syfte \u00e4r att hitta nya id\u00e9er och innovationer f\u00f6r att f\u00f6rb\u00e4ttra \u00d6stersj\u00f6ns tillst\u00e5nd. Finansieringsans\u00f6kan ordnas nu f\u00f6r \u00e5ttonde g\u00e5ngen och i \u00e5r delar \u00c5landsbanken ut upp till 550\u00a0000 euro. <\/em><\/p>\n<p>H\u00e4r kan du l\u00e4sa mer om \u00d6stersj\u00f6projektet <a href=\"https:\/\/itameriprojekti.fi\/sv\/\">https:\/\/itameriprojekti.fi\/<\/a><\/p>\n<p>Linkki rahoitushakuun <a href=\"https:\/\/ostersjoprojektet.fi\/ansok-om-finansiering\/\">https:\/\/ostersjoprojektet.fi\/ansok-om-finansiering\/<\/a><\/p>\n","protected":false},"excerpt":{"rendered":"<p>Mariehamns stad fick Nordiska r\u00e5dets milj\u00f6pris 2022 f\u00f6r Nabbens stadsv\u00e5tmark. Temat f\u00f6r \u00e5rets milj\u00f6pris var Naturbaserade l\u00f6sningar \u2013 ett m\u00e5ngsidigt [&hellip;]<\/p>\n","protected":false},"author":3,"featured_media":155,"comment_status":"closed","ping_status":"open","sticky":false,"template":"","format":"standard","meta":{"footnotes":""},"categories":[58,66],"tags":[],"class_list":["post-1282","post","type-post","status-publish","format-standard","has-post-thumbnail","hentry","category-mottagare-av-finansiering","category-nyheter"],"yoast_head":"<!-- This site is optimized with the Yoast SEO plugin v27.0 - https:\/\/yoast.com\/product\/yoast-seo-wordpress\/ -->\n<title>Nordiska r\u00e5dets milj\u00f6pris till projekt finansierat av \u00c5landsbankens \u00d6stersj\u00f6projekt \u2013 \u201dFinansieringen f\u00f6rvandlade ord till handling\u201d - \u00d6stersj\u00f6projektet<\/title>\n<meta name=\"robots\" content=\"index, follow, max-snippet:-1, max-image-preview:large, max-video-preview:-1\" \/>\n<link rel=\"canonical\" href=\"https:\/\/itameriprojekti.fi\/sv\/mottagare-av-finansiering\/nordiska-radets-miljopris-till-projekt-finansierat-av-alandsbankens-ostersjoprojekt-finansieringen-forvandlade-ord-till-handling\/\" \/>\n<meta property=\"og:locale\" content=\"sv_SE\" \/>\n<meta property=\"og:type\" content=\"article\" \/>\n<meta property=\"og:title\" content=\"Nordiska r\u00e5dets milj\u00f6pris till projekt finansierat av \u00c5landsbankens \u00d6stersj\u00f6projekt \u2013 \u201dFinansieringen f\u00f6rvandlade ord till handling\u201d - \u00d6stersj\u00f6projektet\" \/>\n<meta property=\"og:description\" content=\"Mariehamns stad fick Nordiska r\u00e5dets milj\u00f6pris 2022 f\u00f6r Nabbens stadsv\u00e5tmark. Temat f\u00f6r \u00e5rets milj\u00f6pris var Naturbaserade l\u00f6sningar \u2013 ett m\u00e5ngsidigt [&hellip;]\" \/>\n<meta property=\"og:url\" content=\"https:\/\/itameriprojekti.fi\/sv\/mottagare-av-finansiering\/nordiska-radets-miljopris-till-projekt-finansierat-av-alandsbankens-ostersjoprojekt-finansieringen-forvandlade-ord-till-handling\/\" \/>\n<meta property=\"og:site_name\" content=\"\u00d6stersj\u00f6projektet\" \/>\n<meta property=\"article:published_time\" content=\"2022-12-15T08:00:27+00:00\" \/>\n<meta property=\"article:modified_time\" content=\"2023-12-27T11:33:36+00:00\" \/>\n<meta property=\"og:image\" content=\"https:\/\/itameriprojekti.fi\/wp-content\/uploads\/2020\/09\/kuvaJohnNurmisenSaatio.jpg\" \/>\n\t<meta property=\"og:image:width\" content=\"800\" \/>\n\t<meta property=\"og:image:height\" content=\"368\" \/>\n\t<meta property=\"og:image:type\" content=\"image\/jpeg\" \/>\n<meta name=\"author\" content=\"Sergei Markov\" \/>\n<meta name=\"twitter:card\" content=\"summary_large_image\" \/>\n<meta name=\"twitter:label1\" content=\"Skriven av\" \/>\n\t<meta name=\"twitter:data1\" content=\"Sergei Markov\" \/>\n\t<meta name=\"twitter:label2\" content=\"Ber\u00e4knad l\u00e4stid\" \/>\n\t<meta name=\"twitter:data2\" content=\"2 minuter\" \/>\n<script type=\"application\/ld+json\" class=\"yoast-schema-graph\">{\"@context\":\"https:\/\/schema.org\",\"@graph\":[{\"@type\":\"Article\",\"@id\":\"https:\/\/itameriprojekti.fi\/sv\/mottagare-av-finansiering\/nordiska-radets-miljopris-till-projekt-finansierat-av-alandsbankens-ostersjoprojekt-finansieringen-forvandlade-ord-till-handling\/#article\",\"isPartOf\":{\"@id\":\"https:\/\/itameriprojekti.fi\/sv\/mottagare-av-finansiering\/nordiska-radets-miljopris-till-projekt-finansierat-av-alandsbankens-ostersjoprojekt-finansieringen-forvandlade-ord-till-handling\/\"},\"author\":{\"name\":\"Sergei Markov\",\"@id\":\"https:\/\/itameriprojekti.fi\/sv\/#\/schema\/person\/93841f7a17884603aea545bef5bbbe2d\"},\"headline\":\"Nordiska r\u00e5dets milj\u00f6pris till projekt finansierat av \u00c5landsbankens \u00d6stersj\u00f6projekt \u2013 \u201dFinansieringen f\u00f6rvandlade ord till handling\u201d\",\"datePublished\":\"2022-12-15T08:00:27+00:00\",\"dateModified\":\"2023-12-27T11:33:36+00:00\",\"mainEntityOfPage\":{\"@id\":\"https:\/\/itameriprojekti.fi\/sv\/mottagare-av-finansiering\/nordiska-radets-miljopris-till-projekt-finansierat-av-alandsbankens-ostersjoprojekt-finansieringen-forvandlade-ord-till-handling\/\"},\"wordCount\":461,\"image\":{\"@id\":\"https:\/\/itameriprojekti.fi\/sv\/mottagare-av-finansiering\/nordiska-radets-miljopris-till-projekt-finansierat-av-alandsbankens-ostersjoprojekt-finansieringen-forvandlade-ord-till-handling\/#primaryimage\"},\"thumbnailUrl\":\"https:\/\/itameriprojekti.fi\/wp-content\/uploads\/2020\/09\/kuvaJohnNurmisenSaatio.jpg\",\"articleSection\":[\"Mottagare av finansiering\",\"Nyheter\"],\"inLanguage\":\"sv-SE\"},{\"@type\":\"WebPage\",\"@id\":\"https:\/\/itameriprojekti.fi\/sv\/mottagare-av-finansiering\/nordiska-radets-miljopris-till-projekt-finansierat-av-alandsbankens-ostersjoprojekt-finansieringen-forvandlade-ord-till-handling\/\",\"url\":\"https:\/\/itameriprojekti.fi\/sv\/mottagare-av-finansiering\/nordiska-radets-miljopris-till-projekt-finansierat-av-alandsbankens-ostersjoprojekt-finansieringen-forvandlade-ord-till-handling\/\",\"name\":\"Nordiska r\u00e5dets milj\u00f6pris till projekt finansierat av \u00c5landsbankens \u00d6stersj\u00f6projekt \u2013 \u201dFinansieringen f\u00f6rvandlade ord till handling\u201d - \u00d6stersj\u00f6projektet\",\"isPartOf\":{\"@id\":\"https:\/\/itameriprojekti.fi\/sv\/#website\"},\"primaryImageOfPage\":{\"@id\":\"https:\/\/itameriprojekti.fi\/sv\/mottagare-av-finansiering\/nordiska-radets-miljopris-till-projekt-finansierat-av-alandsbankens-ostersjoprojekt-finansieringen-forvandlade-ord-till-handling\/#primaryimage\"},\"image\":{\"@id\":\"https:\/\/itameriprojekti.fi\/sv\/mottagare-av-finansiering\/nordiska-radets-miljopris-till-projekt-finansierat-av-alandsbankens-ostersjoprojekt-finansieringen-forvandlade-ord-till-handling\/#primaryimage\"},\"thumbnailUrl\":\"https:\/\/itameriprojekti.fi\/wp-content\/uploads\/2020\/09\/kuvaJohnNurmisenSaatio.jpg\",\"datePublished\":\"2022-12-15T08:00:27+00:00\",\"dateModified\":\"2023-12-27T11:33:36+00:00\",\"author\":{\"@id\":\"https:\/\/itameriprojekti.fi\/sv\/#\/schema\/person\/93841f7a17884603aea545bef5bbbe2d\"},\"breadcrumb\":{\"@id\":\"https:\/\/itameriprojekti.fi\/sv\/mottagare-av-finansiering\/nordiska-radets-miljopris-till-projekt-finansierat-av-alandsbankens-ostersjoprojekt-finansieringen-forvandlade-ord-till-handling\/#breadcrumb\"},\"inLanguage\":\"sv-SE\",\"potentialAction\":[{\"@type\":\"ReadAction\",\"target\":[\"https:\/\/itameriprojekti.fi\/sv\/mottagare-av-finansiering\/nordiska-radets-miljopris-till-projekt-finansierat-av-alandsbankens-ostersjoprojekt-finansieringen-forvandlade-ord-till-handling\/\"]}]},{\"@type\":\"ImageObject\",\"inLanguage\":\"sv-SE\",\"@id\":\"https:\/\/itameriprojekti.fi\/sv\/mottagare-av-finansiering\/nordiska-radets-miljopris-till-projekt-finansierat-av-alandsbankens-ostersjoprojekt-finansieringen-forvandlade-ord-till-handling\/#primaryimage\",\"url\":\"https:\/\/itameriprojekti.fi\/wp-content\/uploads\/2020\/09\/kuvaJohnNurmisenSaatio.jpg\",\"contentUrl\":\"https:\/\/itameriprojekti.fi\/wp-content\/uploads\/2020\/09\/kuvaJohnNurmisenSaatio.jpg\",\"width\":800,\"height\":368},{\"@type\":\"BreadcrumbList\",\"@id\":\"https:\/\/itameriprojekti.fi\/sv\/mottagare-av-finansiering\/nordiska-radets-miljopris-till-projekt-finansierat-av-alandsbankens-ostersjoprojekt-finansieringen-forvandlade-ord-till-handling\/#breadcrumb\",\"itemListElement\":[{\"@type\":\"ListItem\",\"position\":1,\"name\":\"Framsida\",\"item\":\"https:\/\/itameriprojekti.fi\/sv\/\"},{\"@type\":\"ListItem\",\"position\":2,\"name\":\"Nordiska r\u00e5dets milj\u00f6pris till projekt finansierat av \u00c5landsbankens \u00d6stersj\u00f6projekt \u2013 \u201dFinansieringen f\u00f6rvandlade ord till handling\u201d\"}]},{\"@type\":\"WebSite\",\"@id\":\"https:\/\/itameriprojekti.fi\/sv\/#website\",\"url\":\"https:\/\/itameriprojekti.fi\/sv\/\",\"name\":\"\u00d6stersj\u00f6projektet\",\"description\":\"\u00c5landsbankenin It\u00e4meriprojekti parantaa It\u00e4meren tilaa\",\"potentialAction\":[{\"@type\":\"SearchAction\",\"target\":{\"@type\":\"EntryPoint\",\"urlTemplate\":\"https:\/\/itameriprojekti.fi\/sv\/?s={search_term_string}\"},\"query-input\":{\"@type\":\"PropertyValueSpecification\",\"valueRequired\":true,\"valueName\":\"search_term_string\"}}],\"inLanguage\":\"sv-SE\"},{\"@type\":\"Person\",\"@id\":\"https:\/\/itameriprojekti.fi\/sv\/#\/schema\/person\/93841f7a17884603aea545bef5bbbe2d\",\"name\":\"Sergei Markov\",\"sameAs\":[\"https:\/\/cron.fi\"]}]}<\/script>\n<!-- \/ Yoast SEO plugin. -->","yoast_head_json":{"title":"Nordiska r\u00e5dets milj\u00f6pris till projekt finansierat av \u00c5landsbankens \u00d6stersj\u00f6projekt \u2013 \u201dFinansieringen f\u00f6rvandlade ord till handling\u201d - \u00d6stersj\u00f6projektet","robots":{"index":"index","follow":"follow","max-snippet":"max-snippet:-1","max-image-preview":"max-image-preview:large","max-video-preview":"max-video-preview:-1"},"canonical":"https:\/\/itameriprojekti.fi\/sv\/mottagare-av-finansiering\/nordiska-radets-miljopris-till-projekt-finansierat-av-alandsbankens-ostersjoprojekt-finansieringen-forvandlade-ord-till-handling\/","og_locale":"sv_SE","og_type":"article","og_title":"Nordiska r\u00e5dets milj\u00f6pris till projekt finansierat av \u00c5landsbankens \u00d6stersj\u00f6projekt \u2013 \u201dFinansieringen f\u00f6rvandlade ord till handling\u201d - \u00d6stersj\u00f6projektet","og_description":"Mariehamns stad fick Nordiska r\u00e5dets milj\u00f6pris 2022 f\u00f6r Nabbens stadsv\u00e5tmark. Temat f\u00f6r \u00e5rets milj\u00f6pris var Naturbaserade l\u00f6sningar \u2013 ett m\u00e5ngsidigt [&hellip;]","og_url":"https:\/\/itameriprojekti.fi\/sv\/mottagare-av-finansiering\/nordiska-radets-miljopris-till-projekt-finansierat-av-alandsbankens-ostersjoprojekt-finansieringen-forvandlade-ord-till-handling\/","og_site_name":"\u00d6stersj\u00f6projektet","article_published_time":"2022-12-15T08:00:27+00:00","article_modified_time":"2023-12-27T11:33:36+00:00","og_image":[{"width":800,"height":368,"url":"https:\/\/itameriprojekti.fi\/wp-content\/uploads\/2020\/09\/kuvaJohnNurmisenSaatio.jpg","type":"image\/jpeg"}],"author":"Sergei Markov","twitter_card":"summary_large_image","twitter_misc":{"Skriven av":"Sergei Markov","Ber\u00e4knad l\u00e4stid":"2 minuter"},"schema":{"@context":"https:\/\/schema.org","@graph":[{"@type":"Article","@id":"https:\/\/itameriprojekti.fi\/sv\/mottagare-av-finansiering\/nordiska-radets-miljopris-till-projekt-finansierat-av-alandsbankens-ostersjoprojekt-finansieringen-forvandlade-ord-till-handling\/#article","isPartOf":{"@id":"https:\/\/itameriprojekti.fi\/sv\/mottagare-av-finansiering\/nordiska-radets-miljopris-till-projekt-finansierat-av-alandsbankens-ostersjoprojekt-finansieringen-forvandlade-ord-till-handling\/"},"author":{"name":"Sergei Markov","@id":"https:\/\/itameriprojekti.fi\/sv\/#\/schema\/person\/93841f7a17884603aea545bef5bbbe2d"},"headline":"Nordiska r\u00e5dets milj\u00f6pris till projekt finansierat av \u00c5landsbankens \u00d6stersj\u00f6projekt \u2013 \u201dFinansieringen f\u00f6rvandlade ord till handling\u201d","datePublished":"2022-12-15T08:00:27+00:00","dateModified":"2023-12-27T11:33:36+00:00","mainEntityOfPage":{"@id":"https:\/\/itameriprojekti.fi\/sv\/mottagare-av-finansiering\/nordiska-radets-miljopris-till-projekt-finansierat-av-alandsbankens-ostersjoprojekt-finansieringen-forvandlade-ord-till-handling\/"},"wordCount":461,"image":{"@id":"https:\/\/itameriprojekti.fi\/sv\/mottagare-av-finansiering\/nordiska-radets-miljopris-till-projekt-finansierat-av-alandsbankens-ostersjoprojekt-finansieringen-forvandlade-ord-till-handling\/#primaryimage"},"thumbnailUrl":"https:\/\/itameriprojekti.fi\/wp-content\/uploads\/2020\/09\/kuvaJohnNurmisenSaatio.jpg","articleSection":["Mottagare av finansiering","Nyheter"],"inLanguage":"sv-SE"},{"@type":"WebPage","@id":"https:\/\/itameriprojekti.fi\/sv\/mottagare-av-finansiering\/nordiska-radets-miljopris-till-projekt-finansierat-av-alandsbankens-ostersjoprojekt-finansieringen-forvandlade-ord-till-handling\/","url":"https:\/\/itameriprojekti.fi\/sv\/mottagare-av-finansiering\/nordiska-radets-miljopris-till-projekt-finansierat-av-alandsbankens-ostersjoprojekt-finansieringen-forvandlade-ord-till-handling\/","name":"Nordiska r\u00e5dets milj\u00f6pris till projekt finansierat av \u00c5landsbankens \u00d6stersj\u00f6projekt \u2013 \u201dFinansieringen f\u00f6rvandlade ord till handling\u201d - \u00d6stersj\u00f6projektet","isPartOf":{"@id":"https:\/\/itameriprojekti.fi\/sv\/#website"},"primaryImageOfPage":{"@id":"https:\/\/itameriprojekti.fi\/sv\/mottagare-av-finansiering\/nordiska-radets-miljopris-till-projekt-finansierat-av-alandsbankens-ostersjoprojekt-finansieringen-forvandlade-ord-till-handling\/#primaryimage"},"image":{"@id":"https:\/\/itameriprojekti.fi\/sv\/mottagare-av-finansiering\/nordiska-radets-miljopris-till-projekt-finansierat-av-alandsbankens-ostersjoprojekt-finansieringen-forvandlade-ord-till-handling\/#primaryimage"},"thumbnailUrl":"https:\/\/itameriprojekti.fi\/wp-content\/uploads\/2020\/09\/kuvaJohnNurmisenSaatio.jpg","datePublished":"2022-12-15T08:00:27+00:00","dateModified":"2023-12-27T11:33:36+00:00","author":{"@id":"https:\/\/itameriprojekti.fi\/sv\/#\/schema\/person\/93841f7a17884603aea545bef5bbbe2d"},"breadcrumb":{"@id":"https:\/\/itameriprojekti.fi\/sv\/mottagare-av-finansiering\/nordiska-radets-miljopris-till-projekt-finansierat-av-alandsbankens-ostersjoprojekt-finansieringen-forvandlade-ord-till-handling\/#breadcrumb"},"inLanguage":"sv-SE","potentialAction":[{"@type":"ReadAction","target":["https:\/\/itameriprojekti.fi\/sv\/mottagare-av-finansiering\/nordiska-radets-miljopris-till-projekt-finansierat-av-alandsbankens-ostersjoprojekt-finansieringen-forvandlade-ord-till-handling\/"]}]},{"@type":"ImageObject","inLanguage":"sv-SE","@id":"https:\/\/itameriprojekti.fi\/sv\/mottagare-av-finansiering\/nordiska-radets-miljopris-till-projekt-finansierat-av-alandsbankens-ostersjoprojekt-finansieringen-forvandlade-ord-till-handling\/#primaryimage","url":"https:\/\/itameriprojekti.fi\/wp-content\/uploads\/2020\/09\/kuvaJohnNurmisenSaatio.jpg","contentUrl":"https:\/\/itameriprojekti.fi\/wp-content\/uploads\/2020\/09\/kuvaJohnNurmisenSaatio.jpg","width":800,"height":368},{"@type":"BreadcrumbList","@id":"https:\/\/itameriprojekti.fi\/sv\/mottagare-av-finansiering\/nordiska-radets-miljopris-till-projekt-finansierat-av-alandsbankens-ostersjoprojekt-finansieringen-forvandlade-ord-till-handling\/#breadcrumb","itemListElement":[{"@type":"ListItem","position":1,"name":"Framsida","item":"https:\/\/itameriprojekti.fi\/sv\/"},{"@type":"ListItem","position":2,"name":"Nordiska r\u00e5dets milj\u00f6pris till projekt finansierat av \u00c5landsbankens \u00d6stersj\u00f6projekt \u2013 \u201dFinansieringen f\u00f6rvandlade ord till handling\u201d"}]},{"@type":"WebSite","@id":"https:\/\/itameriprojekti.fi\/sv\/#website","url":"https:\/\/itameriprojekti.fi\/sv\/","name":"\u00d6stersj\u00f6projektet","description":"\u00c5landsbankenin It\u00e4meriprojekti parantaa It\u00e4meren tilaa","potentialAction":[{"@type":"SearchAction","target":{"@type":"EntryPoint","urlTemplate":"https:\/\/itameriprojekti.fi\/sv\/?s={search_term_string}"},"query-input":{"@type":"PropertyValueSpecification","valueRequired":true,"valueName":"search_term_string"}}],"inLanguage":"sv-SE"},{"@type":"Person","@id":"https:\/\/itameriprojekti.fi\/sv\/#\/schema\/person\/93841f7a17884603aea545bef5bbbe2d","name":"Sergei Markov","sameAs":["https:\/\/cron.fi"]}]}},"_links":{"self":[{"href":"https:\/\/itameriprojekti.fi\/sv\/wp-json\/wp\/v2\/posts\/1282","targetHints":{"allow":["GET"]}}],"collection":[{"href":"https:\/\/itameriprojekti.fi\/sv\/wp-json\/wp\/v2\/posts"}],"about":[{"href":"https:\/\/itameriprojekti.fi\/sv\/wp-json\/wp\/v2\/types\/post"}],"author":[{"embeddable":true,"href":"https:\/\/itameriprojekti.fi\/sv\/wp-json\/wp\/v2\/users\/3"}],"replies":[{"embeddable":true,"href":"https:\/\/itameriprojekti.fi\/sv\/wp-json\/wp\/v2\/comments?post=1282"}],"version-history":[{"count":1,"href":"https:\/\/itameriprojekti.fi\/sv\/wp-json\/wp\/v2\/posts\/1282\/revisions"}],"predecessor-version":[{"id":1283,"href":"https:\/\/itameriprojekti.fi\/sv\/wp-json\/wp\/v2\/posts\/1282\/revisions\/1283"}],"wp:featuredmedia":[{"embeddable":true,"href":"https:\/\/itameriprojekti.fi\/sv\/wp-json\/wp\/v2\/media\/155"}],"wp:attachment":[{"href":"https:\/\/itameriprojekti.fi\/sv\/wp-json\/wp\/v2\/media?parent=1282"}],"wp:term":[{"taxonomy":"category","embeddable":true,"href":"https:\/\/itameriprojekti.fi\/sv\/wp-json\/wp\/v2\/categories?post=1282"},{"taxonomy":"post_tag","embeddable":true,"href":"https:\/\/itameriprojekti.fi\/sv\/wp-json\/wp\/v2\/tags?post=1282"}],"curies":[{"name":"wp","href":"https:\/\/api.w.org\/{rel}","templated":true}]}}