{"id":1286,"date":"2021-08-12T12:00:56","date_gmt":"2021-08-12T09:00:56","guid":{"rendered":"https:\/\/itameriprojekti.fi\/?p=1286"},"modified":"2023-12-27T13:36:43","modified_gmt":"2023-12-27T11:36:43","slug":"ostersjoprojektets-ansokningstid-for-2021-oppnas","status":"publish","type":"post","link":"https:\/\/itameriprojekti.fi\/sv\/nyheter\/ostersjoprojektets-ansokningstid-for-2021-oppnas\/","title":{"rendered":"\u00d6stersj\u00f6projektets ans\u00f6kningstid f\u00f6r 2021 \u00f6ppnas!"},"content":{"rendered":"<p><strong>\u00d6stersj\u00f6projektets ans\u00f6kningstid f\u00f6r 2021 \u00f6ppnas<\/strong><\/p>\n<p><em>I \u00e5r<\/em><em>\u00a0finansierar \u00c5landsbanken projekt som fr\u00e4mjar \u00d6stersj\u00f6ns tillst\u00e5nd med upp till 500 000 euro.<\/em><\/p>\n<p>Ans\u00f6kningstiden f\u00f6r \u00c5landsbankens \u00d6stersj\u00f6projektet 2021 har \u00f6ppnats. \u00c5landsbanken har som m\u00e5l att m\u00f6jligg\u00f6ra projekt som p\u00e5 ett konkret s\u00e4tt p\u00e5verkar och \u00f6kar k\u00e4nnedomen om \u00d6stersj\u00f6ns tillst\u00e5nd. Huvudfokus f\u00f6r finansieringen kommer att ligga p\u00e5 startupf\u00f6retag, s\u00e4ger\u00a0<strong>Anne-Maria Salonius,\u00a0<\/strong>ordf\u00f6rande f\u00f6r \u00d6stersj\u00f6projektets jury och chef f\u00f6r \u00c5landsbanken Finland.<\/p>\n<p>\u2013 Startupf\u00f6retag har etablerat sig i finansieringen av \u00d6stersj\u00f6projektet. Deras id\u00e9er \u00e4r ofta nyskapande, med en positiv inverkan p\u00e5 \u00d6stersj\u00f6ns tillst\u00e5nd. Vi \u00e4r stolta \u00f6ver de projekt vi finansierat och vi f\u00f6ljer aktivt med deras utveckling, s\u00e4ger Salonius.<\/p>\n<p>Tidigare \u00e5r har \u00d6stersj\u00f6projektets finansiering m\u00f6jliggjort flera startupf\u00f6retags verksamhet. Exempel p\u00e5 f\u00f6retag som f\u00e5tt finansiering \u00e4r bland annat Solar Foods, som tillverkar matprotein fr\u00e5n luften, och Clewat Oy, som \u00e4r specialiserat p\u00e5 utrustning f\u00f6r insamling av plastavfall.<\/p>\n<p>\u2013 Det l\u00f6nar sig att ans\u00f6ka om medel vare sig projektet har liten eller stor betydelse f\u00f6r havet, oberoende om det sker just nu eller lite l\u00e4ngre fram i tiden, vilket var fallet f\u00f6r v\u00e5r del. F\u00f6r oss gjorde finansieringen det m\u00f6jligt att planera den f\u00f6rsta fabriken och samtidigt kunna ber\u00e4tta hur matens framtid rent konkret kunde se ut, s\u00e4ger\u00a0<strong>Pasi Vainikka,\u00a0<\/strong>vd f\u00f6r Solar Foods.<\/p>\n<p>I \u00e5r finansieras projekt som fr\u00e4mjar \u00d6stersj\u00f6ns tillst\u00e5nd med upp till 500 000 euro. Ans\u00f6kningstiden \u00e4r \u00f6ppen till slutet av september (30.9.2021).<\/p>\n<p>\u00d6stersj\u00f6projektets ans\u00f6kning \u00e4r \u00e4ven \u00f6ppen f\u00f6r f\u00f6reningar, stiftelser och forskningsprojekt som str\u00e4var till konkreta resultat. Man beh\u00f6ver inte vara en etablerad akt\u00f6r p\u00e5 marknaden, det viktigaste \u00e4r att akt\u00f6ren har en id\u00e9 som siktar p\u00e5 konkreta \u00e5tg\u00e4rder och en tydlig plan f\u00f6r att fr\u00e4mja \u00d6stersj\u00f6ns tillst\u00e5nd.<\/p>\n<p>\u2013 V\u00e5ra handlingar kan p\u00e5verka \u00d6stersj\u00f6n b\u00e5de p\u00e5 gott och ont och \u00d6stersj\u00f6n beh\u00f6ver fortfarande all hj\u00e4lp den kan f\u00e5. Med \u00d6stersj\u00f6projektet vill vi uppmuntra alla att delta i skyddsarbetet, s\u00e4ger Salonius.<\/p>\n<p>Ans\u00f6kan om finansiering ordnas nu f\u00f6r sjunde g\u00e5ngen. \u00c5landsbanken har st\u00f6ttat f\u00f6retag och olika organisationers viktiga arbete f\u00f6r milj\u00f6n med \u00f6ver 3 miljoner euro. \u00d6stersj\u00f6projektets finansiering baserar sig p\u00e5 depositioner p\u00e5 \u00c5landsbankens \u00d6stersj\u00f6konton. \u00c5landsbanken delar \u00e5rligen ut en summa som motsvarar upp till 0,2 procent av alla depositioner p\u00e5 \u00d6stersj\u00f6konton.<\/p>\n<p>\u00d6stersj\u00f6projektet finansierar och samarbetar p\u00e5 l\u00e5ng sikt med akt\u00f6rer vars fokus ligger p\u00e5 skydd av \u00d6stersj\u00f6n. Bland akt\u00f6rerna finns bland annat Baltic Sea Action Group, John Nurminens stiftelse, H\u00e5ll Sk\u00e4rg\u00e5rden Ren rf och Emmaus \u00c5land.<\/p>\n<p><strong>Mer information:<\/strong><\/p>\n<p>Anne-Maria Salonius<br \/>\nChef \u00c5landsbanken Finland<br \/>\ntel. +358 40 733 1106<br \/>\nanne-maria.salonius@alandsbanken.fi<\/p>\n<p>Crista Hietala<br \/>\nMarknads- och kommunikationschef \u00c5landsbanken Finland<br \/>\ntel. +358 40 646 3501<br \/>\ncrista.hietala@alandsbanken.fi<\/p>\n","protected":false},"excerpt":{"rendered":"<p>\u00d6stersj\u00f6projektets ans\u00f6kningstid f\u00f6r 2021 \u00f6ppnas I \u00e5r\u00a0finansierar \u00c5landsbanken projekt som fr\u00e4mjar \u00d6stersj\u00f6ns tillst\u00e5nd med upp till 500 000 euro. Ans\u00f6kningstiden [&hellip;]<\/p>\n","protected":false},"author":3,"featured_media":148,"comment_status":"closed","ping_status":"open","sticky":false,"template":"","format":"standard","meta":{"footnotes":""},"categories":[66],"tags":[70],"class_list":["post-1286","post","type-post","status-publish","format-standard","has-post-thumbnail","hentry","category-nyheter","tag-itameriprojekti-sv"],"yoast_head":"<!-- This site is optimized with the Yoast SEO plugin v27.0 - https:\/\/yoast.com\/product\/yoast-seo-wordpress\/ -->\n<title>\u00d6stersj\u00f6projektets ans\u00f6kningstid f\u00f6r 2021 \u00f6ppnas! - \u00d6stersj\u00f6projektet<\/title>\n<meta name=\"robots\" content=\"index, follow, max-snippet:-1, max-image-preview:large, max-video-preview:-1\" \/>\n<link rel=\"canonical\" href=\"https:\/\/itameriprojekti.fi\/sv\/nyheter\/ostersjoprojektets-ansokningstid-for-2021-oppnas\/\" \/>\n<meta property=\"og:locale\" content=\"sv_SE\" \/>\n<meta property=\"og:type\" content=\"article\" \/>\n<meta property=\"og:title\" content=\"\u00d6stersj\u00f6projektets ans\u00f6kningstid f\u00f6r 2021 \u00f6ppnas! - \u00d6stersj\u00f6projektet\" \/>\n<meta property=\"og:description\" content=\"\u00d6stersj\u00f6projektets ans\u00f6kningstid f\u00f6r 2021 \u00f6ppnas I \u00e5r\u00a0finansierar \u00c5landsbanken projekt som fr\u00e4mjar \u00d6stersj\u00f6ns tillst\u00e5nd med upp till 500 000 euro. Ans\u00f6kningstiden [&hellip;]\" \/>\n<meta property=\"og:url\" content=\"https:\/\/itameriprojekti.fi\/sv\/nyheter\/ostersjoprojektets-ansokningstid-for-2021-oppnas\/\" \/>\n<meta property=\"og:site_name\" content=\"\u00d6stersj\u00f6projektet\" \/>\n<meta property=\"article:published_time\" content=\"2021-08-12T09:00:56+00:00\" \/>\n<meta property=\"article:modified_time\" content=\"2023-12-27T11:36:43+00:00\" \/>\n<meta property=\"og:image\" content=\"https:\/\/itameriprojekti.fi\/wp-content\/uploads\/2021\/08\/Finland_OP_finansieringsansokan_fi_4025.jpg\" \/>\n\t<meta property=\"og:image:width\" content=\"1200\" \/>\n\t<meta property=\"og:image:height\" content=\"630\" \/>\n\t<meta property=\"og:image:type\" content=\"image\/jpeg\" \/>\n<meta name=\"author\" content=\"Sergei Markov\" \/>\n<meta name=\"twitter:card\" content=\"summary_large_image\" \/>\n<meta name=\"twitter:label1\" content=\"Skriven av\" \/>\n\t<meta name=\"twitter:data1\" content=\"Sergei Markov\" \/>\n\t<meta name=\"twitter:label2\" content=\"Ber\u00e4knad l\u00e4stid\" \/>\n\t<meta name=\"twitter:data2\" content=\"2 minuter\" \/>\n<script type=\"application\/ld+json\" class=\"yoast-schema-graph\">{\"@context\":\"https:\/\/schema.org\",\"@graph\":[{\"@type\":\"Article\",\"@id\":\"https:\/\/itameriprojekti.fi\/sv\/nyheter\/ostersjoprojektets-ansokningstid-for-2021-oppnas\/#article\",\"isPartOf\":{\"@id\":\"https:\/\/itameriprojekti.fi\/sv\/nyheter\/ostersjoprojektets-ansokningstid-for-2021-oppnas\/\"},\"author\":{\"name\":\"Sergei Markov\",\"@id\":\"https:\/\/itameriprojekti.fi\/sv\/#\/schema\/person\/93841f7a17884603aea545bef5bbbe2d\"},\"headline\":\"\u00d6stersj\u00f6projektets ans\u00f6kningstid f\u00f6r 2021 \u00f6ppnas!\",\"datePublished\":\"2021-08-12T09:00:56+00:00\",\"dateModified\":\"2023-12-27T11:36:43+00:00\",\"mainEntityOfPage\":{\"@id\":\"https:\/\/itameriprojekti.fi\/sv\/nyheter\/ostersjoprojektets-ansokningstid-for-2021-oppnas\/\"},\"wordCount\":505,\"image\":{\"@id\":\"https:\/\/itameriprojekti.fi\/sv\/nyheter\/ostersjoprojektets-ansokningstid-for-2021-oppnas\/#primaryimage\"},\"thumbnailUrl\":\"https:\/\/itameriprojekti.fi\/wp-content\/uploads\/2021\/08\/Finland_OP_finansieringsansokan_fi_4025.jpg\",\"keywords\":[\"It\u00e4meriprojekti\"],\"articleSection\":[\"Nyheter\"],\"inLanguage\":\"sv-SE\"},{\"@type\":\"WebPage\",\"@id\":\"https:\/\/itameriprojekti.fi\/sv\/nyheter\/ostersjoprojektets-ansokningstid-for-2021-oppnas\/\",\"url\":\"https:\/\/itameriprojekti.fi\/sv\/nyheter\/ostersjoprojektets-ansokningstid-for-2021-oppnas\/\",\"name\":\"\u00d6stersj\u00f6projektets ans\u00f6kningstid f\u00f6r 2021 \u00f6ppnas! - \u00d6stersj\u00f6projektet\",\"isPartOf\":{\"@id\":\"https:\/\/itameriprojekti.fi\/sv\/#website\"},\"primaryImageOfPage\":{\"@id\":\"https:\/\/itameriprojekti.fi\/sv\/nyheter\/ostersjoprojektets-ansokningstid-for-2021-oppnas\/#primaryimage\"},\"image\":{\"@id\":\"https:\/\/itameriprojekti.fi\/sv\/nyheter\/ostersjoprojektets-ansokningstid-for-2021-oppnas\/#primaryimage\"},\"thumbnailUrl\":\"https:\/\/itameriprojekti.fi\/wp-content\/uploads\/2021\/08\/Finland_OP_finansieringsansokan_fi_4025.jpg\",\"datePublished\":\"2021-08-12T09:00:56+00:00\",\"dateModified\":\"2023-12-27T11:36:43+00:00\",\"author\":{\"@id\":\"https:\/\/itameriprojekti.fi\/sv\/#\/schema\/person\/93841f7a17884603aea545bef5bbbe2d\"},\"breadcrumb\":{\"@id\":\"https:\/\/itameriprojekti.fi\/sv\/nyheter\/ostersjoprojektets-ansokningstid-for-2021-oppnas\/#breadcrumb\"},\"inLanguage\":\"sv-SE\",\"potentialAction\":[{\"@type\":\"ReadAction\",\"target\":[\"https:\/\/itameriprojekti.fi\/sv\/nyheter\/ostersjoprojektets-ansokningstid-for-2021-oppnas\/\"]}]},{\"@type\":\"ImageObject\",\"inLanguage\":\"sv-SE\",\"@id\":\"https:\/\/itameriprojekti.fi\/sv\/nyheter\/ostersjoprojektets-ansokningstid-for-2021-oppnas\/#primaryimage\",\"url\":\"https:\/\/itameriprojekti.fi\/wp-content\/uploads\/2021\/08\/Finland_OP_finansieringsansokan_fi_4025.jpg\",\"contentUrl\":\"https:\/\/itameriprojekti.fi\/wp-content\/uploads\/2021\/08\/Finland_OP_finansieringsansokan_fi_4025.jpg\",\"width\":1200,\"height\":630},{\"@type\":\"BreadcrumbList\",\"@id\":\"https:\/\/itameriprojekti.fi\/sv\/nyheter\/ostersjoprojektets-ansokningstid-for-2021-oppnas\/#breadcrumb\",\"itemListElement\":[{\"@type\":\"ListItem\",\"position\":1,\"name\":\"Framsida\",\"item\":\"https:\/\/itameriprojekti.fi\/sv\/\"},{\"@type\":\"ListItem\",\"position\":2,\"name\":\"\u00d6stersj\u00f6projektets ans\u00f6kningstid f\u00f6r 2021 \u00f6ppnas!\"}]},{\"@type\":\"WebSite\",\"@id\":\"https:\/\/itameriprojekti.fi\/sv\/#website\",\"url\":\"https:\/\/itameriprojekti.fi\/sv\/\",\"name\":\"\u00d6stersj\u00f6projektet\",\"description\":\"\u00c5landsbankenin It\u00e4meriprojekti parantaa It\u00e4meren tilaa\",\"potentialAction\":[{\"@type\":\"SearchAction\",\"target\":{\"@type\":\"EntryPoint\",\"urlTemplate\":\"https:\/\/itameriprojekti.fi\/sv\/?s={search_term_string}\"},\"query-input\":{\"@type\":\"PropertyValueSpecification\",\"valueRequired\":true,\"valueName\":\"search_term_string\"}}],\"inLanguage\":\"sv-SE\"},{\"@type\":\"Person\",\"@id\":\"https:\/\/itameriprojekti.fi\/sv\/#\/schema\/person\/93841f7a17884603aea545bef5bbbe2d\",\"name\":\"Sergei Markov\",\"sameAs\":[\"https:\/\/cron.fi\"]}]}<\/script>\n<!-- \/ Yoast SEO plugin. -->","yoast_head_json":{"title":"\u00d6stersj\u00f6projektets ans\u00f6kningstid f\u00f6r 2021 \u00f6ppnas! - \u00d6stersj\u00f6projektet","robots":{"index":"index","follow":"follow","max-snippet":"max-snippet:-1","max-image-preview":"max-image-preview:large","max-video-preview":"max-video-preview:-1"},"canonical":"https:\/\/itameriprojekti.fi\/sv\/nyheter\/ostersjoprojektets-ansokningstid-for-2021-oppnas\/","og_locale":"sv_SE","og_type":"article","og_title":"\u00d6stersj\u00f6projektets ans\u00f6kningstid f\u00f6r 2021 \u00f6ppnas! - \u00d6stersj\u00f6projektet","og_description":"\u00d6stersj\u00f6projektets ans\u00f6kningstid f\u00f6r 2021 \u00f6ppnas I \u00e5r\u00a0finansierar \u00c5landsbanken projekt som fr\u00e4mjar \u00d6stersj\u00f6ns tillst\u00e5nd med upp till 500 000 euro. Ans\u00f6kningstiden [&hellip;]","og_url":"https:\/\/itameriprojekti.fi\/sv\/nyheter\/ostersjoprojektets-ansokningstid-for-2021-oppnas\/","og_site_name":"\u00d6stersj\u00f6projektet","article_published_time":"2021-08-12T09:00:56+00:00","article_modified_time":"2023-12-27T11:36:43+00:00","og_image":[{"width":1200,"height":630,"url":"https:\/\/itameriprojekti.fi\/wp-content\/uploads\/2021\/08\/Finland_OP_finansieringsansokan_fi_4025.jpg","type":"image\/jpeg"}],"author":"Sergei Markov","twitter_card":"summary_large_image","twitter_misc":{"Skriven av":"Sergei Markov","Ber\u00e4knad l\u00e4stid":"2 minuter"},"schema":{"@context":"https:\/\/schema.org","@graph":[{"@type":"Article","@id":"https:\/\/itameriprojekti.fi\/sv\/nyheter\/ostersjoprojektets-ansokningstid-for-2021-oppnas\/#article","isPartOf":{"@id":"https:\/\/itameriprojekti.fi\/sv\/nyheter\/ostersjoprojektets-ansokningstid-for-2021-oppnas\/"},"author":{"name":"Sergei Markov","@id":"https:\/\/itameriprojekti.fi\/sv\/#\/schema\/person\/93841f7a17884603aea545bef5bbbe2d"},"headline":"\u00d6stersj\u00f6projektets ans\u00f6kningstid f\u00f6r 2021 \u00f6ppnas!","datePublished":"2021-08-12T09:00:56+00:00","dateModified":"2023-12-27T11:36:43+00:00","mainEntityOfPage":{"@id":"https:\/\/itameriprojekti.fi\/sv\/nyheter\/ostersjoprojektets-ansokningstid-for-2021-oppnas\/"},"wordCount":505,"image":{"@id":"https:\/\/itameriprojekti.fi\/sv\/nyheter\/ostersjoprojektets-ansokningstid-for-2021-oppnas\/#primaryimage"},"thumbnailUrl":"https:\/\/itameriprojekti.fi\/wp-content\/uploads\/2021\/08\/Finland_OP_finansieringsansokan_fi_4025.jpg","keywords":["It\u00e4meriprojekti"],"articleSection":["Nyheter"],"inLanguage":"sv-SE"},{"@type":"WebPage","@id":"https:\/\/itameriprojekti.fi\/sv\/nyheter\/ostersjoprojektets-ansokningstid-for-2021-oppnas\/","url":"https:\/\/itameriprojekti.fi\/sv\/nyheter\/ostersjoprojektets-ansokningstid-for-2021-oppnas\/","name":"\u00d6stersj\u00f6projektets ans\u00f6kningstid f\u00f6r 2021 \u00f6ppnas! - \u00d6stersj\u00f6projektet","isPartOf":{"@id":"https:\/\/itameriprojekti.fi\/sv\/#website"},"primaryImageOfPage":{"@id":"https:\/\/itameriprojekti.fi\/sv\/nyheter\/ostersjoprojektets-ansokningstid-for-2021-oppnas\/#primaryimage"},"image":{"@id":"https:\/\/itameriprojekti.fi\/sv\/nyheter\/ostersjoprojektets-ansokningstid-for-2021-oppnas\/#primaryimage"},"thumbnailUrl":"https:\/\/itameriprojekti.fi\/wp-content\/uploads\/2021\/08\/Finland_OP_finansieringsansokan_fi_4025.jpg","datePublished":"2021-08-12T09:00:56+00:00","dateModified":"2023-12-27T11:36:43+00:00","author":{"@id":"https:\/\/itameriprojekti.fi\/sv\/#\/schema\/person\/93841f7a17884603aea545bef5bbbe2d"},"breadcrumb":{"@id":"https:\/\/itameriprojekti.fi\/sv\/nyheter\/ostersjoprojektets-ansokningstid-for-2021-oppnas\/#breadcrumb"},"inLanguage":"sv-SE","potentialAction":[{"@type":"ReadAction","target":["https:\/\/itameriprojekti.fi\/sv\/nyheter\/ostersjoprojektets-ansokningstid-for-2021-oppnas\/"]}]},{"@type":"ImageObject","inLanguage":"sv-SE","@id":"https:\/\/itameriprojekti.fi\/sv\/nyheter\/ostersjoprojektets-ansokningstid-for-2021-oppnas\/#primaryimage","url":"https:\/\/itameriprojekti.fi\/wp-content\/uploads\/2021\/08\/Finland_OP_finansieringsansokan_fi_4025.jpg","contentUrl":"https:\/\/itameriprojekti.fi\/wp-content\/uploads\/2021\/08\/Finland_OP_finansieringsansokan_fi_4025.jpg","width":1200,"height":630},{"@type":"BreadcrumbList","@id":"https:\/\/itameriprojekti.fi\/sv\/nyheter\/ostersjoprojektets-ansokningstid-for-2021-oppnas\/#breadcrumb","itemListElement":[{"@type":"ListItem","position":1,"name":"Framsida","item":"https:\/\/itameriprojekti.fi\/sv\/"},{"@type":"ListItem","position":2,"name":"\u00d6stersj\u00f6projektets ans\u00f6kningstid f\u00f6r 2021 \u00f6ppnas!"}]},{"@type":"WebSite","@id":"https:\/\/itameriprojekti.fi\/sv\/#website","url":"https:\/\/itameriprojekti.fi\/sv\/","name":"\u00d6stersj\u00f6projektet","description":"\u00c5landsbankenin It\u00e4meriprojekti parantaa It\u00e4meren tilaa","potentialAction":[{"@type":"SearchAction","target":{"@type":"EntryPoint","urlTemplate":"https:\/\/itameriprojekti.fi\/sv\/?s={search_term_string}"},"query-input":{"@type":"PropertyValueSpecification","valueRequired":true,"valueName":"search_term_string"}}],"inLanguage":"sv-SE"},{"@type":"Person","@id":"https:\/\/itameriprojekti.fi\/sv\/#\/schema\/person\/93841f7a17884603aea545bef5bbbe2d","name":"Sergei Markov","sameAs":["https:\/\/cron.fi"]}]}},"_links":{"self":[{"href":"https:\/\/itameriprojekti.fi\/sv\/wp-json\/wp\/v2\/posts\/1286","targetHints":{"allow":["GET"]}}],"collection":[{"href":"https:\/\/itameriprojekti.fi\/sv\/wp-json\/wp\/v2\/posts"}],"about":[{"href":"https:\/\/itameriprojekti.fi\/sv\/wp-json\/wp\/v2\/types\/post"}],"author":[{"embeddable":true,"href":"https:\/\/itameriprojekti.fi\/sv\/wp-json\/wp\/v2\/users\/3"}],"replies":[{"embeddable":true,"href":"https:\/\/itameriprojekti.fi\/sv\/wp-json\/wp\/v2\/comments?post=1286"}],"version-history":[{"count":1,"href":"https:\/\/itameriprojekti.fi\/sv\/wp-json\/wp\/v2\/posts\/1286\/revisions"}],"predecessor-version":[{"id":1287,"href":"https:\/\/itameriprojekti.fi\/sv\/wp-json\/wp\/v2\/posts\/1286\/revisions\/1287"}],"wp:featuredmedia":[{"embeddable":true,"href":"https:\/\/itameriprojekti.fi\/sv\/wp-json\/wp\/v2\/media\/148"}],"wp:attachment":[{"href":"https:\/\/itameriprojekti.fi\/sv\/wp-json\/wp\/v2\/media?parent=1286"}],"wp:term":[{"taxonomy":"category","embeddable":true,"href":"https:\/\/itameriprojekti.fi\/sv\/wp-json\/wp\/v2\/categories?post=1286"},{"taxonomy":"post_tag","embeddable":true,"href":"https:\/\/itameriprojekti.fi\/sv\/wp-json\/wp\/v2\/tags?post=1286"}],"curies":[{"name":"wp","href":"https:\/\/api.w.org\/{rel}","templated":true}]}}