{"id":1304,"date":"2020-01-13T10:30:46","date_gmt":"2020-01-13T08:30:46","guid":{"rendered":"https:\/\/itameriprojekti.fi\/?p=1304"},"modified":"2023-12-27T13:45:30","modified_gmt":"2023-12-27T11:45:30","slug":"jouni-keronen-klimatforandrare","status":"publish","type":"post","link":"https:\/\/itameriprojekti.fi\/sv\/nyheter\/jouni-keronen-klimatforandrare\/","title":{"rendered":"Jouni Keronen, klimatf\u00f6r\u00e4ndrare"},"content":{"rendered":"<p>Jouni Keronen vet att om vi ska kunna bromsa klimatf\u00f6r\u00e4ndringen, m\u00e5ste vi se den som en aff\u00e4rsm\u00f6jlighet, inte bara som en b\u00f6rda. M\u00e5let \u00e4r ambiti\u00f6st och det finns mycket arbete \u2013 ingen tid.<\/p>\n<p><strong><a href=\"https:\/\/www.alandsbanken.fi\/sv\/blog\/jouni-keronen\" target=\"_blank\" rel=\"noopener\">L\u00e4s artikeln om Jouni Keronen och hans klimatarbete h\u00e4r.<\/a><\/strong><\/p>\n","protected":false},"excerpt":{"rendered":"<p>Jouni Keronen vet att om vi ska kunna bromsa klimatf\u00f6r\u00e4ndringen, m\u00e5ste vi se den som en aff\u00e4rsm\u00f6jlighet, inte bara som [&hellip;]<\/p>\n","protected":false},"author":3,"featured_media":130,"comment_status":"closed","ping_status":"open","sticky":false,"template":"","format":"standard","meta":{"footnotes":""},"categories":[66],"tags":[],"class_list":["post-1304","post","type-post","status-publish","format-standard","has-post-thumbnail","hentry","category-nyheter"],"yoast_head":"<!-- This site is optimized with the Yoast SEO plugin v27.0 - https:\/\/yoast.com\/product\/yoast-seo-wordpress\/ -->\n<title>Jouni Keronen, klimatf\u00f6r\u00e4ndrare - \u00d6stersj\u00f6projektet<\/title>\n<meta name=\"robots\" content=\"index, follow, max-snippet:-1, max-image-preview:large, max-video-preview:-1\" \/>\n<link rel=\"canonical\" href=\"https:\/\/itameriprojekti.fi\/sv\/nyheter\/jouni-keronen-klimatforandrare\/\" \/>\n<meta property=\"og:locale\" content=\"sv_SE\" \/>\n<meta property=\"og:type\" content=\"article\" \/>\n<meta property=\"og:title\" content=\"Jouni Keronen, klimatf\u00f6r\u00e4ndrare - \u00d6stersj\u00f6projektet\" \/>\n<meta property=\"og:description\" content=\"Jouni Keronen vet att om vi ska kunna bromsa klimatf\u00f6r\u00e4ndringen, m\u00e5ste vi se den som en aff\u00e4rsm\u00f6jlighet, inte bara som [&hellip;]\" \/>\n<meta property=\"og:url\" content=\"https:\/\/itameriprojekti.fi\/sv\/nyheter\/jouni-keronen-klimatforandrare\/\" \/>\n<meta property=\"og:site_name\" content=\"\u00d6stersj\u00f6projektet\" \/>\n<meta property=\"article:published_time\" content=\"2020-01-13T08:30:46+00:00\" \/>\n<meta property=\"article:modified_time\" content=\"2023-12-27T11:45:30+00:00\" \/>\n<meta property=\"og:image\" content=\"https:\/\/itameriprojekti.fi\/wp-content\/uploads\/2020\/07\/Jouni-Keronen.png\" \/>\n\t<meta property=\"og:image:width\" content=\"800\" \/>\n\t<meta property=\"og:image:height\" content=\"275\" \/>\n\t<meta property=\"og:image:type\" content=\"image\/png\" \/>\n<meta name=\"author\" content=\"Sergei Markov\" \/>\n<meta name=\"twitter:card\" content=\"summary_large_image\" \/>\n<meta name=\"twitter:label1\" content=\"Skriven av\" \/>\n\t<meta name=\"twitter:data1\" content=\"Sergei Markov\" \/>\n<script type=\"application\/ld+json\" class=\"yoast-schema-graph\">{\"@context\":\"https:\/\/schema.org\",\"@graph\":[{\"@type\":\"Article\",\"@id\":\"https:\/\/itameriprojekti.fi\/sv\/nyheter\/jouni-keronen-klimatforandrare\/#article\",\"isPartOf\":{\"@id\":\"https:\/\/itameriprojekti.fi\/sv\/nyheter\/jouni-keronen-klimatforandrare\/\"},\"author\":{\"name\":\"Sergei Markov\",\"@id\":\"https:\/\/itameriprojekti.fi\/sv\/#\/schema\/person\/93841f7a17884603aea545bef5bbbe2d\"},\"headline\":\"Jouni Keronen, klimatf\u00f6r\u00e4ndrare\",\"datePublished\":\"2020-01-13T08:30:46+00:00\",\"dateModified\":\"2023-12-27T11:45:30+00:00\",\"mainEntityOfPage\":{\"@id\":\"https:\/\/itameriprojekti.fi\/sv\/nyheter\/jouni-keronen-klimatforandrare\/\"},\"wordCount\":56,\"image\":{\"@id\":\"https:\/\/itameriprojekti.fi\/sv\/nyheter\/jouni-keronen-klimatforandrare\/#primaryimage\"},\"thumbnailUrl\":\"https:\/\/itameriprojekti.fi\/wp-content\/uploads\/2020\/07\/Jouni-Keronen.png\",\"articleSection\":[\"Nyheter\"],\"inLanguage\":\"sv-SE\"},{\"@type\":\"WebPage\",\"@id\":\"https:\/\/itameriprojekti.fi\/sv\/nyheter\/jouni-keronen-klimatforandrare\/\",\"url\":\"https:\/\/itameriprojekti.fi\/sv\/nyheter\/jouni-keronen-klimatforandrare\/\",\"name\":\"Jouni Keronen, klimatf\u00f6r\u00e4ndrare - \u00d6stersj\u00f6projektet\",\"isPartOf\":{\"@id\":\"https:\/\/itameriprojekti.fi\/sv\/#website\"},\"primaryImageOfPage\":{\"@id\":\"https:\/\/itameriprojekti.fi\/sv\/nyheter\/jouni-keronen-klimatforandrare\/#primaryimage\"},\"image\":{\"@id\":\"https:\/\/itameriprojekti.fi\/sv\/nyheter\/jouni-keronen-klimatforandrare\/#primaryimage\"},\"thumbnailUrl\":\"https:\/\/itameriprojekti.fi\/wp-content\/uploads\/2020\/07\/Jouni-Keronen.png\",\"datePublished\":\"2020-01-13T08:30:46+00:00\",\"dateModified\":\"2023-12-27T11:45:30+00:00\",\"author\":{\"@id\":\"https:\/\/itameriprojekti.fi\/sv\/#\/schema\/person\/93841f7a17884603aea545bef5bbbe2d\"},\"breadcrumb\":{\"@id\":\"https:\/\/itameriprojekti.fi\/sv\/nyheter\/jouni-keronen-klimatforandrare\/#breadcrumb\"},\"inLanguage\":\"sv-SE\",\"potentialAction\":[{\"@type\":\"ReadAction\",\"target\":[\"https:\/\/itameriprojekti.fi\/sv\/nyheter\/jouni-keronen-klimatforandrare\/\"]}]},{\"@type\":\"ImageObject\",\"inLanguage\":\"sv-SE\",\"@id\":\"https:\/\/itameriprojekti.fi\/sv\/nyheter\/jouni-keronen-klimatforandrare\/#primaryimage\",\"url\":\"https:\/\/itameriprojekti.fi\/wp-content\/uploads\/2020\/07\/Jouni-Keronen.png\",\"contentUrl\":\"https:\/\/itameriprojekti.fi\/wp-content\/uploads\/2020\/07\/Jouni-Keronen.png\",\"width\":800,\"height\":275},{\"@type\":\"BreadcrumbList\",\"@id\":\"https:\/\/itameriprojekti.fi\/sv\/nyheter\/jouni-keronen-klimatforandrare\/#breadcrumb\",\"itemListElement\":[{\"@type\":\"ListItem\",\"position\":1,\"name\":\"Framsida\",\"item\":\"https:\/\/itameriprojekti.fi\/sv\/\"},{\"@type\":\"ListItem\",\"position\":2,\"name\":\"Jouni Keronen, klimatf\u00f6r\u00e4ndrare\"}]},{\"@type\":\"WebSite\",\"@id\":\"https:\/\/itameriprojekti.fi\/sv\/#website\",\"url\":\"https:\/\/itameriprojekti.fi\/sv\/\",\"name\":\"\u00d6stersj\u00f6projektet\",\"description\":\"\u00c5landsbankenin It\u00e4meriprojekti parantaa It\u00e4meren tilaa\",\"potentialAction\":[{\"@type\":\"SearchAction\",\"target\":{\"@type\":\"EntryPoint\",\"urlTemplate\":\"https:\/\/itameriprojekti.fi\/sv\/?s={search_term_string}\"},\"query-input\":{\"@type\":\"PropertyValueSpecification\",\"valueRequired\":true,\"valueName\":\"search_term_string\"}}],\"inLanguage\":\"sv-SE\"},{\"@type\":\"Person\",\"@id\":\"https:\/\/itameriprojekti.fi\/sv\/#\/schema\/person\/93841f7a17884603aea545bef5bbbe2d\",\"name\":\"Sergei Markov\",\"sameAs\":[\"https:\/\/cron.fi\"]}]}<\/script>\n<!-- \/ Yoast SEO plugin. -->","yoast_head_json":{"title":"Jouni Keronen, klimatf\u00f6r\u00e4ndrare - \u00d6stersj\u00f6projektet","robots":{"index":"index","follow":"follow","max-snippet":"max-snippet:-1","max-image-preview":"max-image-preview:large","max-video-preview":"max-video-preview:-1"},"canonical":"https:\/\/itameriprojekti.fi\/sv\/nyheter\/jouni-keronen-klimatforandrare\/","og_locale":"sv_SE","og_type":"article","og_title":"Jouni Keronen, klimatf\u00f6r\u00e4ndrare - \u00d6stersj\u00f6projektet","og_description":"Jouni Keronen vet att om vi ska kunna bromsa klimatf\u00f6r\u00e4ndringen, m\u00e5ste vi se den som en aff\u00e4rsm\u00f6jlighet, inte bara som [&hellip;]","og_url":"https:\/\/itameriprojekti.fi\/sv\/nyheter\/jouni-keronen-klimatforandrare\/","og_site_name":"\u00d6stersj\u00f6projektet","article_published_time":"2020-01-13T08:30:46+00:00","article_modified_time":"2023-12-27T11:45:30+00:00","og_image":[{"width":800,"height":275,"url":"https:\/\/itameriprojekti.fi\/wp-content\/uploads\/2020\/07\/Jouni-Keronen.png","type":"image\/png"}],"author":"Sergei Markov","twitter_card":"summary_large_image","twitter_misc":{"Skriven av":"Sergei Markov"},"schema":{"@context":"https:\/\/schema.org","@graph":[{"@type":"Article","@id":"https:\/\/itameriprojekti.fi\/sv\/nyheter\/jouni-keronen-klimatforandrare\/#article","isPartOf":{"@id":"https:\/\/itameriprojekti.fi\/sv\/nyheter\/jouni-keronen-klimatforandrare\/"},"author":{"name":"Sergei Markov","@id":"https:\/\/itameriprojekti.fi\/sv\/#\/schema\/person\/93841f7a17884603aea545bef5bbbe2d"},"headline":"Jouni Keronen, klimatf\u00f6r\u00e4ndrare","datePublished":"2020-01-13T08:30:46+00:00","dateModified":"2023-12-27T11:45:30+00:00","mainEntityOfPage":{"@id":"https:\/\/itameriprojekti.fi\/sv\/nyheter\/jouni-keronen-klimatforandrare\/"},"wordCount":56,"image":{"@id":"https:\/\/itameriprojekti.fi\/sv\/nyheter\/jouni-keronen-klimatforandrare\/#primaryimage"},"thumbnailUrl":"https:\/\/itameriprojekti.fi\/wp-content\/uploads\/2020\/07\/Jouni-Keronen.png","articleSection":["Nyheter"],"inLanguage":"sv-SE"},{"@type":"WebPage","@id":"https:\/\/itameriprojekti.fi\/sv\/nyheter\/jouni-keronen-klimatforandrare\/","url":"https:\/\/itameriprojekti.fi\/sv\/nyheter\/jouni-keronen-klimatforandrare\/","name":"Jouni Keronen, klimatf\u00f6r\u00e4ndrare - \u00d6stersj\u00f6projektet","isPartOf":{"@id":"https:\/\/itameriprojekti.fi\/sv\/#website"},"primaryImageOfPage":{"@id":"https:\/\/itameriprojekti.fi\/sv\/nyheter\/jouni-keronen-klimatforandrare\/#primaryimage"},"image":{"@id":"https:\/\/itameriprojekti.fi\/sv\/nyheter\/jouni-keronen-klimatforandrare\/#primaryimage"},"thumbnailUrl":"https:\/\/itameriprojekti.fi\/wp-content\/uploads\/2020\/07\/Jouni-Keronen.png","datePublished":"2020-01-13T08:30:46+00:00","dateModified":"2023-12-27T11:45:30+00:00","author":{"@id":"https:\/\/itameriprojekti.fi\/sv\/#\/schema\/person\/93841f7a17884603aea545bef5bbbe2d"},"breadcrumb":{"@id":"https:\/\/itameriprojekti.fi\/sv\/nyheter\/jouni-keronen-klimatforandrare\/#breadcrumb"},"inLanguage":"sv-SE","potentialAction":[{"@type":"ReadAction","target":["https:\/\/itameriprojekti.fi\/sv\/nyheter\/jouni-keronen-klimatforandrare\/"]}]},{"@type":"ImageObject","inLanguage":"sv-SE","@id":"https:\/\/itameriprojekti.fi\/sv\/nyheter\/jouni-keronen-klimatforandrare\/#primaryimage","url":"https:\/\/itameriprojekti.fi\/wp-content\/uploads\/2020\/07\/Jouni-Keronen.png","contentUrl":"https:\/\/itameriprojekti.fi\/wp-content\/uploads\/2020\/07\/Jouni-Keronen.png","width":800,"height":275},{"@type":"BreadcrumbList","@id":"https:\/\/itameriprojekti.fi\/sv\/nyheter\/jouni-keronen-klimatforandrare\/#breadcrumb","itemListElement":[{"@type":"ListItem","position":1,"name":"Framsida","item":"https:\/\/itameriprojekti.fi\/sv\/"},{"@type":"ListItem","position":2,"name":"Jouni Keronen, klimatf\u00f6r\u00e4ndrare"}]},{"@type":"WebSite","@id":"https:\/\/itameriprojekti.fi\/sv\/#website","url":"https:\/\/itameriprojekti.fi\/sv\/","name":"\u00d6stersj\u00f6projektet","description":"\u00c5landsbankenin It\u00e4meriprojekti parantaa It\u00e4meren tilaa","potentialAction":[{"@type":"SearchAction","target":{"@type":"EntryPoint","urlTemplate":"https:\/\/itameriprojekti.fi\/sv\/?s={search_term_string}"},"query-input":{"@type":"PropertyValueSpecification","valueRequired":true,"valueName":"search_term_string"}}],"inLanguage":"sv-SE"},{"@type":"Person","@id":"https:\/\/itameriprojekti.fi\/sv\/#\/schema\/person\/93841f7a17884603aea545bef5bbbe2d","name":"Sergei Markov","sameAs":["https:\/\/cron.fi"]}]}},"_links":{"self":[{"href":"https:\/\/itameriprojekti.fi\/sv\/wp-json\/wp\/v2\/posts\/1304","targetHints":{"allow":["GET"]}}],"collection":[{"href":"https:\/\/itameriprojekti.fi\/sv\/wp-json\/wp\/v2\/posts"}],"about":[{"href":"https:\/\/itameriprojekti.fi\/sv\/wp-json\/wp\/v2\/types\/post"}],"author":[{"embeddable":true,"href":"https:\/\/itameriprojekti.fi\/sv\/wp-json\/wp\/v2\/users\/3"}],"replies":[{"embeddable":true,"href":"https:\/\/itameriprojekti.fi\/sv\/wp-json\/wp\/v2\/comments?post=1304"}],"version-history":[{"count":1,"href":"https:\/\/itameriprojekti.fi\/sv\/wp-json\/wp\/v2\/posts\/1304\/revisions"}],"predecessor-version":[{"id":1305,"href":"https:\/\/itameriprojekti.fi\/sv\/wp-json\/wp\/v2\/posts\/1304\/revisions\/1305"}],"wp:featuredmedia":[{"embeddable":true,"href":"https:\/\/itameriprojekti.fi\/sv\/wp-json\/wp\/v2\/media\/130"}],"wp:attachment":[{"href":"https:\/\/itameriprojekti.fi\/sv\/wp-json\/wp\/v2\/media?parent=1304"}],"wp:term":[{"taxonomy":"category","embeddable":true,"href":"https:\/\/itameriprojekti.fi\/sv\/wp-json\/wp\/v2\/categories?post=1304"},{"taxonomy":"post_tag","embeddable":true,"href":"https:\/\/itameriprojekti.fi\/sv\/wp-json\/wp\/v2\/tags?post=1304"}],"curies":[{"name":"wp","href":"https:\/\/api.w.org\/{rel}","templated":true}]}}