{"id":1311,"date":"2019-10-15T08:56:44","date_gmt":"2019-10-15T05:56:44","guid":{"rendered":"https:\/\/itameriprojekti.fi\/?p=1311"},"modified":"2023-12-27T13:48:27","modified_gmt":"2023-12-27T11:48:27","slug":"tuuli-petaja-siren-sakrade-en-finsk-nationsplats-till-os-i-tokyo","status":"publish","type":"post","link":"https:\/\/itameriprojekti.fi\/sv\/nyheter\/tuuli-petaja-siren-sakrade-en-finsk-nationsplats-till-os-i-tokyo\/","title":{"rendered":"Tuuli Pet\u00e4j\u00e4-Sir\u00e9n s\u00e4krade en finsk nationsplats till OS i Tokyo"},"content":{"rendered":"<p>T\u00e4vlingsseglaren <strong>Tuuli Pet\u00e4j\u00e4-Sir\u00e9n<\/strong> s\u00e4krade en finsk nationsplats i RS:X-klassen till OS i Tokyo vid VM-regattan som seglades i september i Italien. \u00c5landsbanken \u00e4r Tuulis huvudsamarbetspartner och t\u00e4vlingsseglaren fungerar som ambassad\u00f6r f\u00f6r \u00c5landsbankens \u00d6stersj\u00f6projekt.<\/p>\n<p>\u2013\u00a0 Att s\u00e4kra en nationsplats f\u00f6r Finland var mitt m\u00e5l, och jag \u00e4r v\u00e4ldigt glad \u00f6ver att ha uppn\u00e5tt det. T\u00e4vlingarna gav mig mycket f\u00f6rtroende, speciellt d\u00e5 jag vann en av starterna. Det var ett bevis p\u00e5 att en bra dag allt \u00e4r m\u00f6jligt, kommenterar Tuuli.<\/p>\n<p>Tuuli s\u00e4krade nationsplatsen genom att n\u00e5 guldfinalgruppen vid VM i Gardasj\u00f6n. I VM slutade hon p\u00e5 plats 26.<\/p>\n<p>\u2013 Jag hade en riktigt bra tr\u00e4ningssommar p\u00e5 \u00d6stersj\u00f6ns v\u00e5gor. Vi har en ung och ivrig tr\u00e4ningsgrupp, och vi sparrar varandra bra. \u00c4ven v\u00e4dret gynnade tr\u00e4ningen p\u00e5 hemmavatten, och det f\u00f6rekom inte lika mycket bl\u00e5gr\u00f6na alger som f\u00f6reg\u00e5ende \u00e5r, s\u00e4ger Tuuli.<\/p>\n<p>Innan n\u00e4sta \u00e5rs sommar-OS v\u00e4ntar \u00e4nnu tr\u00e4ningsl\u00e4ger utomlands, VM i februari och EM i maj. \u00a0F\u00f6rsommarens m\u00e5l \u00e4r \u00e5terigen att utnyttja de inhemska tr\u00e4ningsm\u00f6jligheterna i \u00d6stersj\u00f6n.<\/p>\n<p>\u2013 VM visade att jag har gjort framsteg och g\u00e5tt fram\u00e5t. Jag har ett bra team runt omkring mig och briljanta samarbetspartner. Nu forts\u00e4tter vi att tr\u00e4na och utvecklas, s\u00e5 f\u00e5r vi se vad n\u00e4sta \u00e5r kommer att medf\u00f6ra, s\u00e4ger Tuuli.<\/p>\n<p>Tuuli har representerat Finland i tre av de tidigare olympiska spelen \u2013 i Peking, London och Rio. I London vann hon olympisk silvermedalj och i Rio slutade hon p\u00e5 tionde plats. De olympiska sommarspelen ordnas i Tokyo 24.7.\u20139.8.2020.<\/p>\n","protected":false},"excerpt":{"rendered":"<p>T\u00e4vlingsseglaren Tuuli Pet\u00e4j\u00e4-Sir\u00e9n s\u00e4krade en finsk nationsplats i RS:X-klassen till OS i Tokyo vid VM-regattan som seglades i september i [&hellip;]<\/p>\n","protected":false},"author":3,"featured_media":115,"comment_status":"closed","ping_status":"open","sticky":false,"template":"","format":"standard","meta":{"footnotes":""},"categories":[66],"tags":[70],"class_list":["post-1311","post","type-post","status-publish","format-standard","has-post-thumbnail","hentry","category-nyheter","tag-itameriprojekti-sv"],"yoast_head":"<!-- This site is optimized with the Yoast SEO plugin v27.0 - https:\/\/yoast.com\/product\/yoast-seo-wordpress\/ -->\n<title>Tuuli Pet\u00e4j\u00e4-Sir\u00e9n s\u00e4krade en finsk nationsplats till OS i Tokyo - \u00d6stersj\u00f6projektet<\/title>\n<meta name=\"robots\" content=\"index, follow, max-snippet:-1, max-image-preview:large, max-video-preview:-1\" \/>\n<link rel=\"canonical\" href=\"https:\/\/itameriprojekti.fi\/sv\/nyheter\/tuuli-petaja-siren-sakrade-en-finsk-nationsplats-till-os-i-tokyo\/\" \/>\n<meta property=\"og:locale\" content=\"sv_SE\" \/>\n<meta property=\"og:type\" content=\"article\" \/>\n<meta property=\"og:title\" content=\"Tuuli Pet\u00e4j\u00e4-Sir\u00e9n s\u00e4krade en finsk nationsplats till OS i Tokyo - \u00d6stersj\u00f6projektet\" \/>\n<meta property=\"og:description\" content=\"T\u00e4vlingsseglaren Tuuli Pet\u00e4j\u00e4-Sir\u00e9n s\u00e4krade en finsk nationsplats i RS:X-klassen till OS i Tokyo vid VM-regattan som seglades i september i [&hellip;]\" \/>\n<meta property=\"og:url\" content=\"https:\/\/itameriprojekti.fi\/sv\/nyheter\/tuuli-petaja-siren-sakrade-en-finsk-nationsplats-till-os-i-tokyo\/\" \/>\n<meta property=\"og:site_name\" content=\"\u00d6stersj\u00f6projektet\" \/>\n<meta property=\"article:published_time\" content=\"2019-10-15T05:56:44+00:00\" \/>\n<meta property=\"article:modified_time\" content=\"2023-12-27T11:48:27+00:00\" \/>\n<meta property=\"og:image\" content=\"https:\/\/itameriprojekti.fi\/wp-content\/uploads\/2019\/10\/tuuli_olympiapaikka.png\" \/>\n\t<meta property=\"og:image:width\" content=\"1667\" \/>\n\t<meta property=\"og:image:height\" content=\"1096\" \/>\n\t<meta property=\"og:image:type\" content=\"image\/png\" \/>\n<meta name=\"author\" content=\"Sergei Markov\" \/>\n<meta name=\"twitter:card\" content=\"summary_large_image\" \/>\n<meta name=\"twitter:label1\" content=\"Skriven av\" \/>\n\t<meta name=\"twitter:data1\" content=\"Sergei Markov\" \/>\n\t<meta name=\"twitter:label2\" content=\"Ber\u00e4knad l\u00e4stid\" \/>\n\t<meta name=\"twitter:data2\" content=\"1 minut\" \/>\n<script type=\"application\/ld+json\" class=\"yoast-schema-graph\">{\"@context\":\"https:\/\/schema.org\",\"@graph\":[{\"@type\":\"Article\",\"@id\":\"https:\/\/itameriprojekti.fi\/sv\/nyheter\/tuuli-petaja-siren-sakrade-en-finsk-nationsplats-till-os-i-tokyo\/#article\",\"isPartOf\":{\"@id\":\"https:\/\/itameriprojekti.fi\/sv\/nyheter\/tuuli-petaja-siren-sakrade-en-finsk-nationsplats-till-os-i-tokyo\/\"},\"author\":{\"name\":\"Sergei Markov\",\"@id\":\"https:\/\/itameriprojekti.fi\/sv\/#\/schema\/person\/93841f7a17884603aea545bef5bbbe2d\"},\"headline\":\"Tuuli Pet\u00e4j\u00e4-Sir\u00e9n s\u00e4krade en finsk nationsplats till OS i Tokyo\",\"datePublished\":\"2019-10-15T05:56:44+00:00\",\"dateModified\":\"2023-12-27T11:48:27+00:00\",\"mainEntityOfPage\":{\"@id\":\"https:\/\/itameriprojekti.fi\/sv\/nyheter\/tuuli-petaja-siren-sakrade-en-finsk-nationsplats-till-os-i-tokyo\/\"},\"wordCount\":300,\"image\":{\"@id\":\"https:\/\/itameriprojekti.fi\/sv\/nyheter\/tuuli-petaja-siren-sakrade-en-finsk-nationsplats-till-os-i-tokyo\/#primaryimage\"},\"thumbnailUrl\":\"https:\/\/itameriprojekti.fi\/wp-content\/uploads\/2019\/10\/tuuli_olympiapaikka.png\",\"keywords\":[\"It\u00e4meriprojekti\"],\"articleSection\":[\"Nyheter\"],\"inLanguage\":\"sv-SE\"},{\"@type\":\"WebPage\",\"@id\":\"https:\/\/itameriprojekti.fi\/sv\/nyheter\/tuuli-petaja-siren-sakrade-en-finsk-nationsplats-till-os-i-tokyo\/\",\"url\":\"https:\/\/itameriprojekti.fi\/sv\/nyheter\/tuuli-petaja-siren-sakrade-en-finsk-nationsplats-till-os-i-tokyo\/\",\"name\":\"Tuuli Pet\u00e4j\u00e4-Sir\u00e9n s\u00e4krade en finsk nationsplats till OS i Tokyo - \u00d6stersj\u00f6projektet\",\"isPartOf\":{\"@id\":\"https:\/\/itameriprojekti.fi\/sv\/#website\"},\"primaryImageOfPage\":{\"@id\":\"https:\/\/itameriprojekti.fi\/sv\/nyheter\/tuuli-petaja-siren-sakrade-en-finsk-nationsplats-till-os-i-tokyo\/#primaryimage\"},\"image\":{\"@id\":\"https:\/\/itameriprojekti.fi\/sv\/nyheter\/tuuli-petaja-siren-sakrade-en-finsk-nationsplats-till-os-i-tokyo\/#primaryimage\"},\"thumbnailUrl\":\"https:\/\/itameriprojekti.fi\/wp-content\/uploads\/2019\/10\/tuuli_olympiapaikka.png\",\"datePublished\":\"2019-10-15T05:56:44+00:00\",\"dateModified\":\"2023-12-27T11:48:27+00:00\",\"author\":{\"@id\":\"https:\/\/itameriprojekti.fi\/sv\/#\/schema\/person\/93841f7a17884603aea545bef5bbbe2d\"},\"breadcrumb\":{\"@id\":\"https:\/\/itameriprojekti.fi\/sv\/nyheter\/tuuli-petaja-siren-sakrade-en-finsk-nationsplats-till-os-i-tokyo\/#breadcrumb\"},\"inLanguage\":\"sv-SE\",\"potentialAction\":[{\"@type\":\"ReadAction\",\"target\":[\"https:\/\/itameriprojekti.fi\/sv\/nyheter\/tuuli-petaja-siren-sakrade-en-finsk-nationsplats-till-os-i-tokyo\/\"]}]},{\"@type\":\"ImageObject\",\"inLanguage\":\"sv-SE\",\"@id\":\"https:\/\/itameriprojekti.fi\/sv\/nyheter\/tuuli-petaja-siren-sakrade-en-finsk-nationsplats-till-os-i-tokyo\/#primaryimage\",\"url\":\"https:\/\/itameriprojekti.fi\/wp-content\/uploads\/2019\/10\/tuuli_olympiapaikka.png\",\"contentUrl\":\"https:\/\/itameriprojekti.fi\/wp-content\/uploads\/2019\/10\/tuuli_olympiapaikka.png\",\"width\":1667,\"height\":1096},{\"@type\":\"BreadcrumbList\",\"@id\":\"https:\/\/itameriprojekti.fi\/sv\/nyheter\/tuuli-petaja-siren-sakrade-en-finsk-nationsplats-till-os-i-tokyo\/#breadcrumb\",\"itemListElement\":[{\"@type\":\"ListItem\",\"position\":1,\"name\":\"Framsida\",\"item\":\"https:\/\/itameriprojekti.fi\/sv\/\"},{\"@type\":\"ListItem\",\"position\":2,\"name\":\"Tuuli Pet\u00e4j\u00e4-Sir\u00e9n s\u00e4krade en finsk nationsplats till OS i Tokyo\"}]},{\"@type\":\"WebSite\",\"@id\":\"https:\/\/itameriprojekti.fi\/sv\/#website\",\"url\":\"https:\/\/itameriprojekti.fi\/sv\/\",\"name\":\"\u00d6stersj\u00f6projektet\",\"description\":\"\u00c5landsbankenin It\u00e4meriprojekti parantaa It\u00e4meren tilaa\",\"potentialAction\":[{\"@type\":\"SearchAction\",\"target\":{\"@type\":\"EntryPoint\",\"urlTemplate\":\"https:\/\/itameriprojekti.fi\/sv\/?s={search_term_string}\"},\"query-input\":{\"@type\":\"PropertyValueSpecification\",\"valueRequired\":true,\"valueName\":\"search_term_string\"}}],\"inLanguage\":\"sv-SE\"},{\"@type\":\"Person\",\"@id\":\"https:\/\/itameriprojekti.fi\/sv\/#\/schema\/person\/93841f7a17884603aea545bef5bbbe2d\",\"name\":\"Sergei Markov\",\"sameAs\":[\"https:\/\/cron.fi\"]}]}<\/script>\n<!-- \/ Yoast SEO plugin. -->","yoast_head_json":{"title":"Tuuli Pet\u00e4j\u00e4-Sir\u00e9n s\u00e4krade en finsk nationsplats till OS i Tokyo - \u00d6stersj\u00f6projektet","robots":{"index":"index","follow":"follow","max-snippet":"max-snippet:-1","max-image-preview":"max-image-preview:large","max-video-preview":"max-video-preview:-1"},"canonical":"https:\/\/itameriprojekti.fi\/sv\/nyheter\/tuuli-petaja-siren-sakrade-en-finsk-nationsplats-till-os-i-tokyo\/","og_locale":"sv_SE","og_type":"article","og_title":"Tuuli Pet\u00e4j\u00e4-Sir\u00e9n s\u00e4krade en finsk nationsplats till OS i Tokyo - \u00d6stersj\u00f6projektet","og_description":"T\u00e4vlingsseglaren Tuuli Pet\u00e4j\u00e4-Sir\u00e9n s\u00e4krade en finsk nationsplats i RS:X-klassen till OS i Tokyo vid VM-regattan som seglades i september i [&hellip;]","og_url":"https:\/\/itameriprojekti.fi\/sv\/nyheter\/tuuli-petaja-siren-sakrade-en-finsk-nationsplats-till-os-i-tokyo\/","og_site_name":"\u00d6stersj\u00f6projektet","article_published_time":"2019-10-15T05:56:44+00:00","article_modified_time":"2023-12-27T11:48:27+00:00","og_image":[{"width":1667,"height":1096,"url":"https:\/\/itameriprojekti.fi\/wp-content\/uploads\/2019\/10\/tuuli_olympiapaikka.png","type":"image\/png"}],"author":"Sergei Markov","twitter_card":"summary_large_image","twitter_misc":{"Skriven av":"Sergei Markov","Ber\u00e4knad l\u00e4stid":"1 minut"},"schema":{"@context":"https:\/\/schema.org","@graph":[{"@type":"Article","@id":"https:\/\/itameriprojekti.fi\/sv\/nyheter\/tuuli-petaja-siren-sakrade-en-finsk-nationsplats-till-os-i-tokyo\/#article","isPartOf":{"@id":"https:\/\/itameriprojekti.fi\/sv\/nyheter\/tuuli-petaja-siren-sakrade-en-finsk-nationsplats-till-os-i-tokyo\/"},"author":{"name":"Sergei Markov","@id":"https:\/\/itameriprojekti.fi\/sv\/#\/schema\/person\/93841f7a17884603aea545bef5bbbe2d"},"headline":"Tuuli Pet\u00e4j\u00e4-Sir\u00e9n s\u00e4krade en finsk nationsplats till OS i Tokyo","datePublished":"2019-10-15T05:56:44+00:00","dateModified":"2023-12-27T11:48:27+00:00","mainEntityOfPage":{"@id":"https:\/\/itameriprojekti.fi\/sv\/nyheter\/tuuli-petaja-siren-sakrade-en-finsk-nationsplats-till-os-i-tokyo\/"},"wordCount":300,"image":{"@id":"https:\/\/itameriprojekti.fi\/sv\/nyheter\/tuuli-petaja-siren-sakrade-en-finsk-nationsplats-till-os-i-tokyo\/#primaryimage"},"thumbnailUrl":"https:\/\/itameriprojekti.fi\/wp-content\/uploads\/2019\/10\/tuuli_olympiapaikka.png","keywords":["It\u00e4meriprojekti"],"articleSection":["Nyheter"],"inLanguage":"sv-SE"},{"@type":"WebPage","@id":"https:\/\/itameriprojekti.fi\/sv\/nyheter\/tuuli-petaja-siren-sakrade-en-finsk-nationsplats-till-os-i-tokyo\/","url":"https:\/\/itameriprojekti.fi\/sv\/nyheter\/tuuli-petaja-siren-sakrade-en-finsk-nationsplats-till-os-i-tokyo\/","name":"Tuuli Pet\u00e4j\u00e4-Sir\u00e9n s\u00e4krade en finsk nationsplats till OS i Tokyo - \u00d6stersj\u00f6projektet","isPartOf":{"@id":"https:\/\/itameriprojekti.fi\/sv\/#website"},"primaryImageOfPage":{"@id":"https:\/\/itameriprojekti.fi\/sv\/nyheter\/tuuli-petaja-siren-sakrade-en-finsk-nationsplats-till-os-i-tokyo\/#primaryimage"},"image":{"@id":"https:\/\/itameriprojekti.fi\/sv\/nyheter\/tuuli-petaja-siren-sakrade-en-finsk-nationsplats-till-os-i-tokyo\/#primaryimage"},"thumbnailUrl":"https:\/\/itameriprojekti.fi\/wp-content\/uploads\/2019\/10\/tuuli_olympiapaikka.png","datePublished":"2019-10-15T05:56:44+00:00","dateModified":"2023-12-27T11:48:27+00:00","author":{"@id":"https:\/\/itameriprojekti.fi\/sv\/#\/schema\/person\/93841f7a17884603aea545bef5bbbe2d"},"breadcrumb":{"@id":"https:\/\/itameriprojekti.fi\/sv\/nyheter\/tuuli-petaja-siren-sakrade-en-finsk-nationsplats-till-os-i-tokyo\/#breadcrumb"},"inLanguage":"sv-SE","potentialAction":[{"@type":"ReadAction","target":["https:\/\/itameriprojekti.fi\/sv\/nyheter\/tuuli-petaja-siren-sakrade-en-finsk-nationsplats-till-os-i-tokyo\/"]}]},{"@type":"ImageObject","inLanguage":"sv-SE","@id":"https:\/\/itameriprojekti.fi\/sv\/nyheter\/tuuli-petaja-siren-sakrade-en-finsk-nationsplats-till-os-i-tokyo\/#primaryimage","url":"https:\/\/itameriprojekti.fi\/wp-content\/uploads\/2019\/10\/tuuli_olympiapaikka.png","contentUrl":"https:\/\/itameriprojekti.fi\/wp-content\/uploads\/2019\/10\/tuuli_olympiapaikka.png","width":1667,"height":1096},{"@type":"BreadcrumbList","@id":"https:\/\/itameriprojekti.fi\/sv\/nyheter\/tuuli-petaja-siren-sakrade-en-finsk-nationsplats-till-os-i-tokyo\/#breadcrumb","itemListElement":[{"@type":"ListItem","position":1,"name":"Framsida","item":"https:\/\/itameriprojekti.fi\/sv\/"},{"@type":"ListItem","position":2,"name":"Tuuli Pet\u00e4j\u00e4-Sir\u00e9n s\u00e4krade en finsk nationsplats till OS i Tokyo"}]},{"@type":"WebSite","@id":"https:\/\/itameriprojekti.fi\/sv\/#website","url":"https:\/\/itameriprojekti.fi\/sv\/","name":"\u00d6stersj\u00f6projektet","description":"\u00c5landsbankenin It\u00e4meriprojekti parantaa It\u00e4meren tilaa","potentialAction":[{"@type":"SearchAction","target":{"@type":"EntryPoint","urlTemplate":"https:\/\/itameriprojekti.fi\/sv\/?s={search_term_string}"},"query-input":{"@type":"PropertyValueSpecification","valueRequired":true,"valueName":"search_term_string"}}],"inLanguage":"sv-SE"},{"@type":"Person","@id":"https:\/\/itameriprojekti.fi\/sv\/#\/schema\/person\/93841f7a17884603aea545bef5bbbe2d","name":"Sergei Markov","sameAs":["https:\/\/cron.fi"]}]}},"_links":{"self":[{"href":"https:\/\/itameriprojekti.fi\/sv\/wp-json\/wp\/v2\/posts\/1311","targetHints":{"allow":["GET"]}}],"collection":[{"href":"https:\/\/itameriprojekti.fi\/sv\/wp-json\/wp\/v2\/posts"}],"about":[{"href":"https:\/\/itameriprojekti.fi\/sv\/wp-json\/wp\/v2\/types\/post"}],"author":[{"embeddable":true,"href":"https:\/\/itameriprojekti.fi\/sv\/wp-json\/wp\/v2\/users\/3"}],"replies":[{"embeddable":true,"href":"https:\/\/itameriprojekti.fi\/sv\/wp-json\/wp\/v2\/comments?post=1311"}],"version-history":[{"count":1,"href":"https:\/\/itameriprojekti.fi\/sv\/wp-json\/wp\/v2\/posts\/1311\/revisions"}],"predecessor-version":[{"id":1312,"href":"https:\/\/itameriprojekti.fi\/sv\/wp-json\/wp\/v2\/posts\/1311\/revisions\/1312"}],"wp:featuredmedia":[{"embeddable":true,"href":"https:\/\/itameriprojekti.fi\/sv\/wp-json\/wp\/v2\/media\/115"}],"wp:attachment":[{"href":"https:\/\/itameriprojekti.fi\/sv\/wp-json\/wp\/v2\/media?parent=1311"}],"wp:term":[{"taxonomy":"category","embeddable":true,"href":"https:\/\/itameriprojekti.fi\/sv\/wp-json\/wp\/v2\/categories?post=1311"},{"taxonomy":"post_tag","embeddable":true,"href":"https:\/\/itameriprojekti.fi\/sv\/wp-json\/wp\/v2\/tags?post=1311"}],"curies":[{"name":"wp","href":"https:\/\/api.w.org\/{rel}","templated":true}]}}