{"id":1319,"date":"2019-07-29T08:41:25","date_gmt":"2019-07-29T05:41:25","guid":{"rendered":"https:\/\/itameriprojekti.fi\/?p=1319"},"modified":"2023-12-27T13:51:27","modified_gmt":"2023-12-27T11:51:27","slug":"alandsbanken-minskade-sitt-koldioxidavtryck-mer-an-malsatt","status":"publish","type":"post","link":"https:\/\/itameriprojekti.fi\/sv\/nyheter\/alandsbanken-minskade-sitt-koldioxidavtryck-mer-an-malsatt\/","title":{"rendered":"\u00c5landsbanken minskade sitt koldioxidavtryck mer \u00e4n m\u00e5lsatt"},"content":{"rendered":"<p><strong>\u00c5landsbanken minskade sitt koldioxidavtryck mer \u00e4n m\u00e5lsatt \u2013 ocks\u00e5 konsumenterna har noterat bankens h\u00e5llbarhetsarbete<\/strong><\/p>\n<p>\u00c5r 2018 minskade \u00c5landsbanken sitt koldioxidavtryck med ca 14 procent j\u00e4mf\u00f6rt med f\u00f6reg\u00e5ende \u00e5r, vilket \u00f6vertr\u00e4ffade bankens m\u00e5l som var 10 procent. Bankens koldioxidavtryck \u00e5r 2018 uppgick till 338 500 kilo.<\/p>\n<p>Den fr\u00e4msta faktorn som bidrog till minskningen av koldioxidavtrycket var att m\u00e4ngden utsl\u00e4pp av aff\u00e4rsresor minskade. Koldioxidavtrycket som f\u00f6rorsakades av aff\u00e4rsresor minskades med ca 19 procent j\u00e4mf\u00f6rt med 2017.<\/p>\n<p>Dessutom minskade \u00c5landsbanken sin pappersf\u00f6rbrukning med tre procent och lyckades ocks\u00e5 minska sin totala energif\u00f6rbrukning. \u00d6ver 65 % av den energi som anv\u00e4nds av banken \u00e4r f\u00f6rnybar energi. \u00c5landsbanken \u00e4gnar ocks\u00e5 s\u00e4rskild uppm\u00e4rksamhet \u00e5t milj\u00f6avtrycket f\u00f6r sina anskaffningar genom att v\u00e4lja milj\u00f6certifierade produkter och leverant\u00f6rer.<\/p>\n<p>\u201dH\u00e5llbarhet \u00e4r en naturlig del av v\u00e5r strategi. Att f\u00f6rverkliga den kr\u00e4ver att b\u00e5de ledning och anst\u00e4llda sluter upp p\u00e5 v\u00e5ra m\u00e5l. Vi ville \u00e4gna s\u00e4rskild uppm\u00e4rksamhet \u00e5t v\u00e5r resepraxis, och vi lyckades bra med det. Nu m\u00e5ste vi h\u00e5lla fast vid detta och g\u00f6ra f\u00f6r\u00e4ndringen permanent\u201d, ber\u00e4ttar \u00c5landsbankens vd\u00a0<strong>Peter Wikl\u00f6f<\/strong>.<\/p>\n<p><strong>H\u00e5llbarhet \u00e4r viktigt f\u00f6r b\u00e5de anst\u00e4llda och konsumenter<\/strong><\/p>\n<p>\u00c5landsbanken kompenserar ocks\u00e5 f\u00f6r sitt koldioxidavtryck genom sitt arbete f\u00f6r \u00d6stersj\u00f6n. Hittills har \u00c5landsbanken st\u00f6tt olika organisationers arbete f\u00f6r ett friskare \u00d6stersj\u00f6n med n\u00e4stan 2 300 000 euro. Varje \u00e5r donerar banken ett belopp till milj\u00f6arbete som motsvarar upp till 0,2 procent av depositionerna p\u00e5 \u00d6stersj\u00f6kontona.<\/p>\n<p>\u201dVi m\u00e5ste se till att v\u00e5r verksamhet \u00e4r socialt, ekonomiskt och milj\u00f6m\u00e4ssigt h\u00e5llbar. Vi str\u00e4var efter att utveckla v\u00e5r verksamhet genom att \u00e5terspegla FN:s m\u00e5l f\u00f6r h\u00e5llbar utveckling och vi m\u00e4ter hur vi lyckas varje \u00e5r\u201d, ber\u00e4ttar ordf\u00f6rande f\u00f6r \u00d6stersj\u00f6projektets jury och direkt\u00f6r f\u00f6r \u00c5landsbanken Finland\u00a0<strong>Anne-Maria Salonius<\/strong>.<\/p>\n<p>Salonius ber\u00e4ttar att bankens verksamhet f\u00f6r h\u00e5llbar utveckling och milj\u00f6n \u00e4r viktig f\u00f6r \u00c5landsbankens anst\u00e4llda.<\/p>\n<p>Ocks\u00e5 konsumenterna har lagt m\u00e4rke till \u00c5landsbankens l\u00e5ngvariga milj\u00f6arbete. I april kom banken f\u00f6r f\u00f6rsta g\u00e5ngen med p\u00e5 Europas st\u00f6rsta h\u00e5llbarhetsunders\u00f6kning Sustainable Brand Index lista \u00f6ver h\u00e5llbara varum\u00e4rken.<\/p>\n<p>&#8221;Det h\u00e4r \u00e4r ett viktigt erk\u00e4nnande f\u00f6r oss att v\u00e5rt l\u00e5ngsiktiga arbete f\u00f6r milj\u00f6n och den kontinuerliga utvecklingen av v\u00e5r verksamhets h\u00e5llbarhet \u00e4r allt mer synliga f\u00f6r konsumenterna&#8221;, gl\u00e4der sig Salonius.<\/p>\n<p><strong>Rekordbelopp utdelas i \u00d6stersj\u00f6projektets ans\u00f6kningsomg\u00e5ng f\u00f6r finansiering<\/strong><\/p>\n<p>I \u00e5r delar \u00c5landsbanken, som firar sitt 100-\u00e5rsjubileum, ut ett rekordbelopp p\u00e5 upp till en halv miljon euro via \u00d6stersj\u00f6projektet f\u00f6r projekt som fr\u00e4mjar \u00d6stersj\u00f6ns tillst\u00e5nd. \u00d6kning i depositionerna p\u00e5 \u00d6stersj\u00f6kontona m\u00f6jligg\u00f6r detta.<\/p>\n<p>\u201dVi \u00e4r glada \u00f6ver att v\u00e5rt jubileums\u00e5r syns i \u00d6stersj\u00f6projektet med ett rekordstort finansieringsbelopp. \u00d6stersj\u00f6n beh\u00f6ver forts\u00e4ttningsvis all hj\u00e4lp den kan f\u00e5 f\u00f6r att komma tillbaka till ett \u00f6nskat v\u00e4lbefinnande\u201d, ber\u00e4ttar Salonius.<\/p>\n<p>F\u00f6rra \u00e5ret mottog \u00d6stersj\u00f6projektet 128 ans\u00f6kningar och finansierade projekt med sammanlagt 300\u00a0000 euro.<\/p>\n<p><strong>Till\u00e4ggsinformation:<\/strong><\/p>\n<p>Anne-Maria Salonius direkt\u00f6r, \u00c5landsbanken Finland tel. +358 40 733 1106<\/p>\n<p>Crista Tammela kommunikationschef, \u00c5landsbanken Finland tel. +358 40\u00a0646 3501<\/p>\n","protected":false},"excerpt":{"rendered":"<p>\u00c5landsbanken minskade sitt koldioxidavtryck mer \u00e4n m\u00e5lsatt \u2013 ocks\u00e5 konsumenterna har noterat bankens h\u00e5llbarhetsarbete \u00c5r 2018 minskade \u00c5landsbanken sitt koldioxidavtryck [&hellip;]<\/p>\n","protected":false},"author":3,"featured_media":83,"comment_status":"closed","ping_status":"open","sticky":false,"template":"","format":"standard","meta":{"footnotes":""},"categories":[66],"tags":[],"class_list":["post-1319","post","type-post","status-publish","format-standard","has-post-thumbnail","hentry","category-nyheter"],"yoast_head":"<!-- This site is optimized with the Yoast SEO plugin v27.0 - https:\/\/yoast.com\/product\/yoast-seo-wordpress\/ -->\n<title>\u00c5landsbanken minskade sitt koldioxidavtryck mer \u00e4n m\u00e5lsatt - \u00d6stersj\u00f6projektet<\/title>\n<meta name=\"robots\" content=\"index, follow, max-snippet:-1, max-image-preview:large, max-video-preview:-1\" \/>\n<link rel=\"canonical\" href=\"https:\/\/itameriprojekti.fi\/sv\/nyheter\/alandsbanken-minskade-sitt-koldioxidavtryck-mer-an-malsatt\/\" \/>\n<meta property=\"og:locale\" content=\"sv_SE\" \/>\n<meta property=\"og:type\" content=\"article\" \/>\n<meta property=\"og:title\" content=\"\u00c5landsbanken minskade sitt koldioxidavtryck mer \u00e4n m\u00e5lsatt - \u00d6stersj\u00f6projektet\" \/>\n<meta property=\"og:description\" content=\"\u00c5landsbanken minskade sitt koldioxidavtryck mer \u00e4n m\u00e5lsatt \u2013 ocks\u00e5 konsumenterna har noterat bankens h\u00e5llbarhetsarbete \u00c5r 2018 minskade \u00c5landsbanken sitt koldioxidavtryck [&hellip;]\" \/>\n<meta property=\"og:url\" content=\"https:\/\/itameriprojekti.fi\/sv\/nyheter\/alandsbanken-minskade-sitt-koldioxidavtryck-mer-an-malsatt\/\" \/>\n<meta property=\"og:site_name\" content=\"\u00d6stersj\u00f6projektet\" \/>\n<meta property=\"article:published_time\" content=\"2019-07-29T05:41:25+00:00\" \/>\n<meta property=\"article:modified_time\" content=\"2023-12-27T11:51:27+00:00\" \/>\n<meta property=\"og:image\" content=\"https:\/\/itameriprojekti.fi\/wp-content\/uploads\/2019\/07\/hiilijalanjalki-scaled.jpg\" \/>\n\t<meta property=\"og:image:width\" content=\"2560\" \/>\n\t<meta property=\"og:image:height\" content=\"1707\" \/>\n\t<meta property=\"og:image:type\" content=\"image\/jpeg\" \/>\n<meta name=\"author\" content=\"Sergei Markov\" \/>\n<meta name=\"twitter:card\" content=\"summary_large_image\" \/>\n<meta name=\"twitter:label1\" content=\"Skriven av\" \/>\n\t<meta name=\"twitter:data1\" content=\"Sergei Markov\" \/>\n\t<meta name=\"twitter:label2\" content=\"Ber\u00e4knad l\u00e4stid\" \/>\n\t<meta name=\"twitter:data2\" content=\"3 minuter\" \/>\n<script type=\"application\/ld+json\" class=\"yoast-schema-graph\">{\"@context\":\"https:\/\/schema.org\",\"@graph\":[{\"@type\":\"Article\",\"@id\":\"https:\/\/itameriprojekti.fi\/sv\/nyheter\/alandsbanken-minskade-sitt-koldioxidavtryck-mer-an-malsatt\/#article\",\"isPartOf\":{\"@id\":\"https:\/\/itameriprojekti.fi\/sv\/nyheter\/alandsbanken-minskade-sitt-koldioxidavtryck-mer-an-malsatt\/\"},\"author\":{\"name\":\"Sergei Markov\",\"@id\":\"https:\/\/itameriprojekti.fi\/sv\/#\/schema\/person\/93841f7a17884603aea545bef5bbbe2d\"},\"headline\":\"\u00c5landsbanken minskade sitt koldioxidavtryck mer \u00e4n m\u00e5lsatt\",\"datePublished\":\"2019-07-29T05:41:25+00:00\",\"dateModified\":\"2023-12-27T11:51:27+00:00\",\"mainEntityOfPage\":{\"@id\":\"https:\/\/itameriprojekti.fi\/sv\/nyheter\/alandsbanken-minskade-sitt-koldioxidavtryck-mer-an-malsatt\/\"},\"wordCount\":568,\"image\":{\"@id\":\"https:\/\/itameriprojekti.fi\/sv\/nyheter\/alandsbanken-minskade-sitt-koldioxidavtryck-mer-an-malsatt\/#primaryimage\"},\"thumbnailUrl\":\"https:\/\/itameriprojekti.fi\/wp-content\/uploads\/2019\/07\/hiilijalanjalki-scaled.jpg\",\"articleSection\":[\"Nyheter\"],\"inLanguage\":\"sv-SE\"},{\"@type\":\"WebPage\",\"@id\":\"https:\/\/itameriprojekti.fi\/sv\/nyheter\/alandsbanken-minskade-sitt-koldioxidavtryck-mer-an-malsatt\/\",\"url\":\"https:\/\/itameriprojekti.fi\/sv\/nyheter\/alandsbanken-minskade-sitt-koldioxidavtryck-mer-an-malsatt\/\",\"name\":\"\u00c5landsbanken minskade sitt koldioxidavtryck mer \u00e4n m\u00e5lsatt - \u00d6stersj\u00f6projektet\",\"isPartOf\":{\"@id\":\"https:\/\/itameriprojekti.fi\/sv\/#website\"},\"primaryImageOfPage\":{\"@id\":\"https:\/\/itameriprojekti.fi\/sv\/nyheter\/alandsbanken-minskade-sitt-koldioxidavtryck-mer-an-malsatt\/#primaryimage\"},\"image\":{\"@id\":\"https:\/\/itameriprojekti.fi\/sv\/nyheter\/alandsbanken-minskade-sitt-koldioxidavtryck-mer-an-malsatt\/#primaryimage\"},\"thumbnailUrl\":\"https:\/\/itameriprojekti.fi\/wp-content\/uploads\/2019\/07\/hiilijalanjalki-scaled.jpg\",\"datePublished\":\"2019-07-29T05:41:25+00:00\",\"dateModified\":\"2023-12-27T11:51:27+00:00\",\"author\":{\"@id\":\"https:\/\/itameriprojekti.fi\/sv\/#\/schema\/person\/93841f7a17884603aea545bef5bbbe2d\"},\"breadcrumb\":{\"@id\":\"https:\/\/itameriprojekti.fi\/sv\/nyheter\/alandsbanken-minskade-sitt-koldioxidavtryck-mer-an-malsatt\/#breadcrumb\"},\"inLanguage\":\"sv-SE\",\"potentialAction\":[{\"@type\":\"ReadAction\",\"target\":[\"https:\/\/itameriprojekti.fi\/sv\/nyheter\/alandsbanken-minskade-sitt-koldioxidavtryck-mer-an-malsatt\/\"]}]},{\"@type\":\"ImageObject\",\"inLanguage\":\"sv-SE\",\"@id\":\"https:\/\/itameriprojekti.fi\/sv\/nyheter\/alandsbanken-minskade-sitt-koldioxidavtryck-mer-an-malsatt\/#primaryimage\",\"url\":\"https:\/\/itameriprojekti.fi\/wp-content\/uploads\/2019\/07\/hiilijalanjalki-scaled.jpg\",\"contentUrl\":\"https:\/\/itameriprojekti.fi\/wp-content\/uploads\/2019\/07\/hiilijalanjalki-scaled.jpg\",\"width\":2560,\"height\":1707},{\"@type\":\"BreadcrumbList\",\"@id\":\"https:\/\/itameriprojekti.fi\/sv\/nyheter\/alandsbanken-minskade-sitt-koldioxidavtryck-mer-an-malsatt\/#breadcrumb\",\"itemListElement\":[{\"@type\":\"ListItem\",\"position\":1,\"name\":\"Framsida\",\"item\":\"https:\/\/itameriprojekti.fi\/sv\/\"},{\"@type\":\"ListItem\",\"position\":2,\"name\":\"\u00c5landsbanken minskade sitt koldioxidavtryck mer \u00e4n m\u00e5lsatt\"}]},{\"@type\":\"WebSite\",\"@id\":\"https:\/\/itameriprojekti.fi\/sv\/#website\",\"url\":\"https:\/\/itameriprojekti.fi\/sv\/\",\"name\":\"\u00d6stersj\u00f6projektet\",\"description\":\"\u00c5landsbankenin It\u00e4meriprojekti parantaa It\u00e4meren tilaa\",\"potentialAction\":[{\"@type\":\"SearchAction\",\"target\":{\"@type\":\"EntryPoint\",\"urlTemplate\":\"https:\/\/itameriprojekti.fi\/sv\/?s={search_term_string}\"},\"query-input\":{\"@type\":\"PropertyValueSpecification\",\"valueRequired\":true,\"valueName\":\"search_term_string\"}}],\"inLanguage\":\"sv-SE\"},{\"@type\":\"Person\",\"@id\":\"https:\/\/itameriprojekti.fi\/sv\/#\/schema\/person\/93841f7a17884603aea545bef5bbbe2d\",\"name\":\"Sergei Markov\",\"sameAs\":[\"https:\/\/cron.fi\"]}]}<\/script>\n<!-- \/ Yoast SEO plugin. -->","yoast_head_json":{"title":"\u00c5landsbanken minskade sitt koldioxidavtryck mer \u00e4n m\u00e5lsatt - \u00d6stersj\u00f6projektet","robots":{"index":"index","follow":"follow","max-snippet":"max-snippet:-1","max-image-preview":"max-image-preview:large","max-video-preview":"max-video-preview:-1"},"canonical":"https:\/\/itameriprojekti.fi\/sv\/nyheter\/alandsbanken-minskade-sitt-koldioxidavtryck-mer-an-malsatt\/","og_locale":"sv_SE","og_type":"article","og_title":"\u00c5landsbanken minskade sitt koldioxidavtryck mer \u00e4n m\u00e5lsatt - \u00d6stersj\u00f6projektet","og_description":"\u00c5landsbanken minskade sitt koldioxidavtryck mer \u00e4n m\u00e5lsatt \u2013 ocks\u00e5 konsumenterna har noterat bankens h\u00e5llbarhetsarbete \u00c5r 2018 minskade \u00c5landsbanken sitt koldioxidavtryck [&hellip;]","og_url":"https:\/\/itameriprojekti.fi\/sv\/nyheter\/alandsbanken-minskade-sitt-koldioxidavtryck-mer-an-malsatt\/","og_site_name":"\u00d6stersj\u00f6projektet","article_published_time":"2019-07-29T05:41:25+00:00","article_modified_time":"2023-12-27T11:51:27+00:00","og_image":[{"width":2560,"height":1707,"url":"https:\/\/itameriprojekti.fi\/wp-content\/uploads\/2019\/07\/hiilijalanjalki-scaled.jpg","type":"image\/jpeg"}],"author":"Sergei Markov","twitter_card":"summary_large_image","twitter_misc":{"Skriven av":"Sergei Markov","Ber\u00e4knad l\u00e4stid":"3 minuter"},"schema":{"@context":"https:\/\/schema.org","@graph":[{"@type":"Article","@id":"https:\/\/itameriprojekti.fi\/sv\/nyheter\/alandsbanken-minskade-sitt-koldioxidavtryck-mer-an-malsatt\/#article","isPartOf":{"@id":"https:\/\/itameriprojekti.fi\/sv\/nyheter\/alandsbanken-minskade-sitt-koldioxidavtryck-mer-an-malsatt\/"},"author":{"name":"Sergei Markov","@id":"https:\/\/itameriprojekti.fi\/sv\/#\/schema\/person\/93841f7a17884603aea545bef5bbbe2d"},"headline":"\u00c5landsbanken minskade sitt koldioxidavtryck mer \u00e4n m\u00e5lsatt","datePublished":"2019-07-29T05:41:25+00:00","dateModified":"2023-12-27T11:51:27+00:00","mainEntityOfPage":{"@id":"https:\/\/itameriprojekti.fi\/sv\/nyheter\/alandsbanken-minskade-sitt-koldioxidavtryck-mer-an-malsatt\/"},"wordCount":568,"image":{"@id":"https:\/\/itameriprojekti.fi\/sv\/nyheter\/alandsbanken-minskade-sitt-koldioxidavtryck-mer-an-malsatt\/#primaryimage"},"thumbnailUrl":"https:\/\/itameriprojekti.fi\/wp-content\/uploads\/2019\/07\/hiilijalanjalki-scaled.jpg","articleSection":["Nyheter"],"inLanguage":"sv-SE"},{"@type":"WebPage","@id":"https:\/\/itameriprojekti.fi\/sv\/nyheter\/alandsbanken-minskade-sitt-koldioxidavtryck-mer-an-malsatt\/","url":"https:\/\/itameriprojekti.fi\/sv\/nyheter\/alandsbanken-minskade-sitt-koldioxidavtryck-mer-an-malsatt\/","name":"\u00c5landsbanken minskade sitt koldioxidavtryck mer \u00e4n m\u00e5lsatt - \u00d6stersj\u00f6projektet","isPartOf":{"@id":"https:\/\/itameriprojekti.fi\/sv\/#website"},"primaryImageOfPage":{"@id":"https:\/\/itameriprojekti.fi\/sv\/nyheter\/alandsbanken-minskade-sitt-koldioxidavtryck-mer-an-malsatt\/#primaryimage"},"image":{"@id":"https:\/\/itameriprojekti.fi\/sv\/nyheter\/alandsbanken-minskade-sitt-koldioxidavtryck-mer-an-malsatt\/#primaryimage"},"thumbnailUrl":"https:\/\/itameriprojekti.fi\/wp-content\/uploads\/2019\/07\/hiilijalanjalki-scaled.jpg","datePublished":"2019-07-29T05:41:25+00:00","dateModified":"2023-12-27T11:51:27+00:00","author":{"@id":"https:\/\/itameriprojekti.fi\/sv\/#\/schema\/person\/93841f7a17884603aea545bef5bbbe2d"},"breadcrumb":{"@id":"https:\/\/itameriprojekti.fi\/sv\/nyheter\/alandsbanken-minskade-sitt-koldioxidavtryck-mer-an-malsatt\/#breadcrumb"},"inLanguage":"sv-SE","potentialAction":[{"@type":"ReadAction","target":["https:\/\/itameriprojekti.fi\/sv\/nyheter\/alandsbanken-minskade-sitt-koldioxidavtryck-mer-an-malsatt\/"]}]},{"@type":"ImageObject","inLanguage":"sv-SE","@id":"https:\/\/itameriprojekti.fi\/sv\/nyheter\/alandsbanken-minskade-sitt-koldioxidavtryck-mer-an-malsatt\/#primaryimage","url":"https:\/\/itameriprojekti.fi\/wp-content\/uploads\/2019\/07\/hiilijalanjalki-scaled.jpg","contentUrl":"https:\/\/itameriprojekti.fi\/wp-content\/uploads\/2019\/07\/hiilijalanjalki-scaled.jpg","width":2560,"height":1707},{"@type":"BreadcrumbList","@id":"https:\/\/itameriprojekti.fi\/sv\/nyheter\/alandsbanken-minskade-sitt-koldioxidavtryck-mer-an-malsatt\/#breadcrumb","itemListElement":[{"@type":"ListItem","position":1,"name":"Framsida","item":"https:\/\/itameriprojekti.fi\/sv\/"},{"@type":"ListItem","position":2,"name":"\u00c5landsbanken minskade sitt koldioxidavtryck mer \u00e4n m\u00e5lsatt"}]},{"@type":"WebSite","@id":"https:\/\/itameriprojekti.fi\/sv\/#website","url":"https:\/\/itameriprojekti.fi\/sv\/","name":"\u00d6stersj\u00f6projektet","description":"\u00c5landsbankenin It\u00e4meriprojekti parantaa It\u00e4meren tilaa","potentialAction":[{"@type":"SearchAction","target":{"@type":"EntryPoint","urlTemplate":"https:\/\/itameriprojekti.fi\/sv\/?s={search_term_string}"},"query-input":{"@type":"PropertyValueSpecification","valueRequired":true,"valueName":"search_term_string"}}],"inLanguage":"sv-SE"},{"@type":"Person","@id":"https:\/\/itameriprojekti.fi\/sv\/#\/schema\/person\/93841f7a17884603aea545bef5bbbe2d","name":"Sergei Markov","sameAs":["https:\/\/cron.fi"]}]}},"_links":{"self":[{"href":"https:\/\/itameriprojekti.fi\/sv\/wp-json\/wp\/v2\/posts\/1319","targetHints":{"allow":["GET"]}}],"collection":[{"href":"https:\/\/itameriprojekti.fi\/sv\/wp-json\/wp\/v2\/posts"}],"about":[{"href":"https:\/\/itameriprojekti.fi\/sv\/wp-json\/wp\/v2\/types\/post"}],"author":[{"embeddable":true,"href":"https:\/\/itameriprojekti.fi\/sv\/wp-json\/wp\/v2\/users\/3"}],"replies":[{"embeddable":true,"href":"https:\/\/itameriprojekti.fi\/sv\/wp-json\/wp\/v2\/comments?post=1319"}],"version-history":[{"count":1,"href":"https:\/\/itameriprojekti.fi\/sv\/wp-json\/wp\/v2\/posts\/1319\/revisions"}],"predecessor-version":[{"id":1320,"href":"https:\/\/itameriprojekti.fi\/sv\/wp-json\/wp\/v2\/posts\/1319\/revisions\/1320"}],"wp:featuredmedia":[{"embeddable":true,"href":"https:\/\/itameriprojekti.fi\/sv\/wp-json\/wp\/v2\/media\/83"}],"wp:attachment":[{"href":"https:\/\/itameriprojekti.fi\/sv\/wp-json\/wp\/v2\/media?parent=1319"}],"wp:term":[{"taxonomy":"category","embeddable":true,"href":"https:\/\/itameriprojekti.fi\/sv\/wp-json\/wp\/v2\/categories?post=1319"},{"taxonomy":"post_tag","embeddable":true,"href":"https:\/\/itameriprojekti.fi\/sv\/wp-json\/wp\/v2\/tags?post=1319"}],"curies":[{"name":"wp","href":"https:\/\/api.w.org\/{rel}","templated":true}]}}