{"id":1324,"date":"2019-07-02T12:51:28","date_gmt":"2019-07-02T09:51:28","guid":{"rendered":"https:\/\/itameriprojekti.fi\/?p=1324"},"modified":"2023-12-27T13:52:35","modified_gmt":"2023-12-27T11:52:35","slug":"ansokningstiden-for-finansiering-ar-2019-borjar","status":"publish","type":"post","link":"https:\/\/itameriprojekti.fi\/sv\/nyheter\/ansokningstiden-for-finansiering-ar-2019-borjar\/","title":{"rendered":"Ans\u00f6kningstiden f\u00f6r finansiering \u00e5r 2019 b\u00f6rjar!"},"content":{"rendered":"<p><strong>\u00d6stersj\u00f6projektet har finansierat flera framg\u00e5ngsrika startupf\u00f6retag som fr\u00e4mjar \u00d6stersj\u00f6ns tillst\u00e5nd<\/strong><\/p>\n<p>I dag startar ans\u00f6kningen om finansiering ur \u00c5landsbankens \u00d6stersj\u00f6projekt. I \u00e5r har \u00d6stersj\u00f6projektet en rekordsumma, upp till 500\u00a0000 euro, att dela ut till projekt som fr\u00e4mjar \u00d6stersj\u00f6ns tillst\u00e5nd.<\/p>\n<p>Ans\u00f6kan om finansiering ordnas i \u00e5r f\u00f6r femte g\u00e5ngen. Tidigare \u00e5r har \u00d6stersj\u00f6projektet m\u00f6jliggjort f\u00f6r m\u00e5nga startupf\u00f6retag att komma ig\u00e5ng med och utveckla sin verksamhet.<\/p>\n<p>\u201dUnder tidigare \u00e5r har vi f\u00e5tt fantastiska initiativ och projekt till \u00d6stersj\u00f6projektet, som redan gett goda resultat. Vi f\u00f6ljer stolt med hur de finansierade projekten framskrider, ber\u00e4ttar <strong>Anne-Maria Salonius<\/strong>, \u00d6stersj\u00f6projektets juryordf\u00f6rande.<\/p>\n<p>\u00d6stersj\u00f6projektet har bland annat finansierat startupf\u00f6retaget <strong>Solar Foods<\/strong> fr\u00e5n Esbo som tillverkar matprotein fr\u00e5n luften, <strong>Sulapac<\/strong> som tillverkar biologiskt nedbrytbara f\u00f6rpackningar, <strong>Johannes Myllykoski<\/strong> och hans f\u00f6retag <strong>Clewat Oy<\/strong> som har utvecklat en samlare f\u00f6r plastavfall samt <strong>Wapulec Oy<\/strong> som renar avloppsvatten fr\u00e5n l\u00e4kemedelsrester och andra farliga \u00e4mnen.<\/p>\n<p>\u00d6stersj\u00f6projektet har m\u00f6jliggjort till exempel planering av fabriker, produktutveckling, fler\u00e5rig drift av projekt samt genomf\u00f6rande av pilotprojekt.<\/p>\n<p><strong>B\u00e5de sm\u00e5 och stora akt\u00f6rer kan ans\u00f6ka om finansiering<\/strong><\/p>\n<p>F\u00f6rutom startupf\u00f6retagen har \u00d6stersj\u00f6projektet finansierat ett antal stora finl\u00e4ndska milj\u00f6organisationer som fokuserar p\u00e5 \u00d6stersj\u00f6ns v\u00e4lbefinnande, bland annat WWF Finland, BSAG, John Nurminens stiftelse och H\u00e5ll Sk\u00e4rg\u00e5rden Ren r.f. \u00a0D\u00e4rtill har m\u00e5nga forskningsinriktade akt\u00f6rer, s\u00e5som SYKE (Finlands milj\u00f6central) och Helsingfors Universitet, f\u00e5tt finansiering ur \u00d6stersj\u00f6projektet.<\/p>\n<p>\u201dVi fungerar som finansi\u00e4rer av flera projekt som fr\u00e4mjar \u00d6stersj\u00f6n, f\u00f6r vi har alla samma m\u00e5l: att f\u00f6rb\u00e4ttra \u00d6stersj\u00f6ns tillst\u00e5nd och \u00f6ka medvetenheten om det\u201d, ber\u00e4ttar Salonius.<\/p>\n<p>S\u00e5v\u00e4l f\u00f6retag, stiftelser som forskningsprojekt med konkreta m\u00e5l kan ans\u00f6ka om finansiering fr\u00e5n \u00d6stersj\u00f6projektet. S\u00f6kanden beh\u00f6ver inte vara en etablerad akt\u00f6r i branschen.<\/p>\n<p>\u201dVi letar inte enbart efter redan p\u00e5b\u00f6rjade projekt. Om du har en id\u00e9 som kan fr\u00e4mja \u00d6stersj\u00f6ns v\u00e4lbefinnande kan du f\u00e5 hj\u00e4lp med att f\u00f6rverkliga den via \u00d6stersj\u00f6projektet\u201d, uppmuntrar Salonius.<\/p>\n<p><strong>Rekordsumma till projekt som fr\u00e4mjar \u00d6stersj\u00f6ns v\u00e4lbefinnande<\/strong><\/p>\n<p>Ifjol mottog \u00d6stersj\u00f6projektet 128 ans\u00f6kningar och delade ut 300\u00a0000 euro till olika projekt &#8211; i \u00e5r har summan ut\u00f6kats till 500\u00a0000 euro.<\/p>\n<p>Den bakomliggande orsaken till den stora summan \u00e4r m\u00e4ngden \u00f6kade ins\u00e4ttningar p\u00e5 \u00c5landsbankens \u00d6stersj\u00f6konton. \u00c5landsbanken donerar varje \u00e5r ett belopp som motsvarar upp till 0,2 % av pengarna p\u00e5 \u00d6stersj\u00f6konton till naturskydds- och milj\u00f6projekt kring \u00d6stersj\u00f6n.<\/p>\n<p>\u00c5landsbanken, som i \u00e5r firar sitt 100-\u00e5rsjubileum, har hittills st\u00f6ttat b\u00e5de sm\u00e5 och stora organisationer i deras viktiga arbete f\u00f6r milj\u00f6n med n\u00e4stan 2\u00a0300 000 euro.<\/p>\n<p>\u201dVi vill vara med och f\u00f6rb\u00e4ttra \u00d6stersj\u00f6ns v\u00e4lbefinnande rent konkret och f\u00f6r oss \u00e4r \u00d6stersj\u00f6projektet ett s\u00e4tt att p\u00e5verka. Dessutom har \u00c5landsbanken \u00d6stersj\u00f6kortet, som \u00e4r v\u00e4rldens f\u00f6rsta kort i milj\u00f6v\u00e4nligt material och som \u00e4r kopplat till ett index f\u00f6r milj\u00f6p\u00e5verkan, \u00c5land Index\u201d, s\u00e4ger Salonius.<\/p>\n<p><em>Ans\u00f6kningstiden f\u00f6r finansiering \u00e5r 2019 b\u00f6rjar\u00a0tisdag\u00a02.7. Sista ans\u00f6kningsdag \u00e4r 30.9. De finansierade projekten publiceras i b\u00f6rjan av n\u00e4sta \u00e5r.<\/em><\/p>\n","protected":false},"excerpt":{"rendered":"<p>\u00d6stersj\u00f6projektet har finansierat flera framg\u00e5ngsrika startupf\u00f6retag som fr\u00e4mjar \u00d6stersj\u00f6ns tillst\u00e5nd I dag startar ans\u00f6kningen om finansiering ur \u00c5landsbankens \u00d6stersj\u00f6projekt. I [&hellip;]<\/p>\n","protected":false},"author":3,"featured_media":81,"comment_status":"closed","ping_status":"open","sticky":false,"template":"","format":"standard","meta":{"footnotes":""},"categories":[66],"tags":[],"class_list":["post-1324","post","type-post","status-publish","format-standard","has-post-thumbnail","hentry","category-nyheter"],"yoast_head":"<!-- This site is optimized with the Yoast SEO plugin v27.0 - https:\/\/yoast.com\/product\/yoast-seo-wordpress\/ -->\n<title>Ans\u00f6kningstiden f\u00f6r finansiering \u00e5r 2019 b\u00f6rjar! - \u00d6stersj\u00f6projektet<\/title>\n<meta name=\"robots\" content=\"index, follow, max-snippet:-1, max-image-preview:large, max-video-preview:-1\" \/>\n<link rel=\"canonical\" href=\"https:\/\/itameriprojekti.fi\/sv\/nyheter\/ansokningstiden-for-finansiering-ar-2019-borjar\/\" \/>\n<meta property=\"og:locale\" content=\"sv_SE\" \/>\n<meta property=\"og:type\" content=\"article\" \/>\n<meta property=\"og:title\" content=\"Ans\u00f6kningstiden f\u00f6r finansiering \u00e5r 2019 b\u00f6rjar! - \u00d6stersj\u00f6projektet\" \/>\n<meta property=\"og:description\" content=\"\u00d6stersj\u00f6projektet har finansierat flera framg\u00e5ngsrika startupf\u00f6retag som fr\u00e4mjar \u00d6stersj\u00f6ns tillst\u00e5nd I dag startar ans\u00f6kningen om finansiering ur \u00c5landsbankens \u00d6stersj\u00f6projekt. I [&hellip;]\" \/>\n<meta property=\"og:url\" content=\"https:\/\/itameriprojekti.fi\/sv\/nyheter\/ansokningstiden-for-finansiering-ar-2019-borjar\/\" \/>\n<meta property=\"og:site_name\" content=\"\u00d6stersj\u00f6projektet\" \/>\n<meta property=\"article:published_time\" content=\"2019-07-02T09:51:28+00:00\" \/>\n<meta property=\"article:modified_time\" content=\"2023-12-27T11:52:35+00:00\" \/>\n<meta property=\"og:image\" content=\"https:\/\/itameriprojekti.fi\/wp-content\/uploads\/2019\/07\/52939-scaled.jpg\" \/>\n\t<meta property=\"og:image:width\" content=\"2560\" \/>\n\t<meta property=\"og:image:height\" content=\"1706\" \/>\n\t<meta property=\"og:image:type\" content=\"image\/jpeg\" \/>\n<meta name=\"author\" content=\"Sergei Markov\" \/>\n<meta name=\"twitter:card\" content=\"summary_large_image\" \/>\n<meta name=\"twitter:label1\" content=\"Skriven av\" \/>\n\t<meta name=\"twitter:data1\" content=\"Sergei Markov\" \/>\n\t<meta name=\"twitter:label2\" content=\"Ber\u00e4knad l\u00e4stid\" \/>\n\t<meta name=\"twitter:data2\" content=\"3 minuter\" \/>\n<script type=\"application\/ld+json\" class=\"yoast-schema-graph\">{\"@context\":\"https:\/\/schema.org\",\"@graph\":[{\"@type\":\"Article\",\"@id\":\"https:\/\/itameriprojekti.fi\/sv\/nyheter\/ansokningstiden-for-finansiering-ar-2019-borjar\/#article\",\"isPartOf\":{\"@id\":\"https:\/\/itameriprojekti.fi\/sv\/nyheter\/ansokningstiden-for-finansiering-ar-2019-borjar\/\"},\"author\":{\"name\":\"Sergei Markov\",\"@id\":\"https:\/\/itameriprojekti.fi\/sv\/#\/schema\/person\/93841f7a17884603aea545bef5bbbe2d\"},\"headline\":\"Ans\u00f6kningstiden f\u00f6r finansiering \u00e5r 2019 b\u00f6rjar!\",\"datePublished\":\"2019-07-02T09:51:28+00:00\",\"dateModified\":\"2023-12-27T11:52:35+00:00\",\"mainEntityOfPage\":{\"@id\":\"https:\/\/itameriprojekti.fi\/sv\/nyheter\/ansokningstiden-for-finansiering-ar-2019-borjar\/\"},\"wordCount\":574,\"image\":{\"@id\":\"https:\/\/itameriprojekti.fi\/sv\/nyheter\/ansokningstiden-for-finansiering-ar-2019-borjar\/#primaryimage\"},\"thumbnailUrl\":\"https:\/\/itameriprojekti.fi\/wp-content\/uploads\/2019\/07\/52939-scaled.jpg\",\"articleSection\":[\"Nyheter\"],\"inLanguage\":\"sv-SE\"},{\"@type\":\"WebPage\",\"@id\":\"https:\/\/itameriprojekti.fi\/sv\/nyheter\/ansokningstiden-for-finansiering-ar-2019-borjar\/\",\"url\":\"https:\/\/itameriprojekti.fi\/sv\/nyheter\/ansokningstiden-for-finansiering-ar-2019-borjar\/\",\"name\":\"Ans\u00f6kningstiden f\u00f6r finansiering \u00e5r 2019 b\u00f6rjar! - \u00d6stersj\u00f6projektet\",\"isPartOf\":{\"@id\":\"https:\/\/itameriprojekti.fi\/sv\/#website\"},\"primaryImageOfPage\":{\"@id\":\"https:\/\/itameriprojekti.fi\/sv\/nyheter\/ansokningstiden-for-finansiering-ar-2019-borjar\/#primaryimage\"},\"image\":{\"@id\":\"https:\/\/itameriprojekti.fi\/sv\/nyheter\/ansokningstiden-for-finansiering-ar-2019-borjar\/#primaryimage\"},\"thumbnailUrl\":\"https:\/\/itameriprojekti.fi\/wp-content\/uploads\/2019\/07\/52939-scaled.jpg\",\"datePublished\":\"2019-07-02T09:51:28+00:00\",\"dateModified\":\"2023-12-27T11:52:35+00:00\",\"author\":{\"@id\":\"https:\/\/itameriprojekti.fi\/sv\/#\/schema\/person\/93841f7a17884603aea545bef5bbbe2d\"},\"breadcrumb\":{\"@id\":\"https:\/\/itameriprojekti.fi\/sv\/nyheter\/ansokningstiden-for-finansiering-ar-2019-borjar\/#breadcrumb\"},\"inLanguage\":\"sv-SE\",\"potentialAction\":[{\"@type\":\"ReadAction\",\"target\":[\"https:\/\/itameriprojekti.fi\/sv\/nyheter\/ansokningstiden-for-finansiering-ar-2019-borjar\/\"]}]},{\"@type\":\"ImageObject\",\"inLanguage\":\"sv-SE\",\"@id\":\"https:\/\/itameriprojekti.fi\/sv\/nyheter\/ansokningstiden-for-finansiering-ar-2019-borjar\/#primaryimage\",\"url\":\"https:\/\/itameriprojekti.fi\/wp-content\/uploads\/2019\/07\/52939-scaled.jpg\",\"contentUrl\":\"https:\/\/itameriprojekti.fi\/wp-content\/uploads\/2019\/07\/52939-scaled.jpg\",\"width\":2560,\"height\":1706},{\"@type\":\"BreadcrumbList\",\"@id\":\"https:\/\/itameriprojekti.fi\/sv\/nyheter\/ansokningstiden-for-finansiering-ar-2019-borjar\/#breadcrumb\",\"itemListElement\":[{\"@type\":\"ListItem\",\"position\":1,\"name\":\"Framsida\",\"item\":\"https:\/\/itameriprojekti.fi\/sv\/\"},{\"@type\":\"ListItem\",\"position\":2,\"name\":\"Ans\u00f6kningstiden f\u00f6r finansiering \u00e5r 2019 b\u00f6rjar!\"}]},{\"@type\":\"WebSite\",\"@id\":\"https:\/\/itameriprojekti.fi\/sv\/#website\",\"url\":\"https:\/\/itameriprojekti.fi\/sv\/\",\"name\":\"\u00d6stersj\u00f6projektet\",\"description\":\"\u00c5landsbankenin It\u00e4meriprojekti parantaa It\u00e4meren tilaa\",\"potentialAction\":[{\"@type\":\"SearchAction\",\"target\":{\"@type\":\"EntryPoint\",\"urlTemplate\":\"https:\/\/itameriprojekti.fi\/sv\/?s={search_term_string}\"},\"query-input\":{\"@type\":\"PropertyValueSpecification\",\"valueRequired\":true,\"valueName\":\"search_term_string\"}}],\"inLanguage\":\"sv-SE\"},{\"@type\":\"Person\",\"@id\":\"https:\/\/itameriprojekti.fi\/sv\/#\/schema\/person\/93841f7a17884603aea545bef5bbbe2d\",\"name\":\"Sergei Markov\",\"sameAs\":[\"https:\/\/cron.fi\"]}]}<\/script>\n<!-- \/ Yoast SEO plugin. -->","yoast_head_json":{"title":"Ans\u00f6kningstiden f\u00f6r finansiering \u00e5r 2019 b\u00f6rjar! - \u00d6stersj\u00f6projektet","robots":{"index":"index","follow":"follow","max-snippet":"max-snippet:-1","max-image-preview":"max-image-preview:large","max-video-preview":"max-video-preview:-1"},"canonical":"https:\/\/itameriprojekti.fi\/sv\/nyheter\/ansokningstiden-for-finansiering-ar-2019-borjar\/","og_locale":"sv_SE","og_type":"article","og_title":"Ans\u00f6kningstiden f\u00f6r finansiering \u00e5r 2019 b\u00f6rjar! - \u00d6stersj\u00f6projektet","og_description":"\u00d6stersj\u00f6projektet har finansierat flera framg\u00e5ngsrika startupf\u00f6retag som fr\u00e4mjar \u00d6stersj\u00f6ns tillst\u00e5nd I dag startar ans\u00f6kningen om finansiering ur \u00c5landsbankens \u00d6stersj\u00f6projekt. I [&hellip;]","og_url":"https:\/\/itameriprojekti.fi\/sv\/nyheter\/ansokningstiden-for-finansiering-ar-2019-borjar\/","og_site_name":"\u00d6stersj\u00f6projektet","article_published_time":"2019-07-02T09:51:28+00:00","article_modified_time":"2023-12-27T11:52:35+00:00","og_image":[{"width":2560,"height":1706,"url":"https:\/\/itameriprojekti.fi\/wp-content\/uploads\/2019\/07\/52939-scaled.jpg","type":"image\/jpeg"}],"author":"Sergei Markov","twitter_card":"summary_large_image","twitter_misc":{"Skriven av":"Sergei Markov","Ber\u00e4knad l\u00e4stid":"3 minuter"},"schema":{"@context":"https:\/\/schema.org","@graph":[{"@type":"Article","@id":"https:\/\/itameriprojekti.fi\/sv\/nyheter\/ansokningstiden-for-finansiering-ar-2019-borjar\/#article","isPartOf":{"@id":"https:\/\/itameriprojekti.fi\/sv\/nyheter\/ansokningstiden-for-finansiering-ar-2019-borjar\/"},"author":{"name":"Sergei Markov","@id":"https:\/\/itameriprojekti.fi\/sv\/#\/schema\/person\/93841f7a17884603aea545bef5bbbe2d"},"headline":"Ans\u00f6kningstiden f\u00f6r finansiering \u00e5r 2019 b\u00f6rjar!","datePublished":"2019-07-02T09:51:28+00:00","dateModified":"2023-12-27T11:52:35+00:00","mainEntityOfPage":{"@id":"https:\/\/itameriprojekti.fi\/sv\/nyheter\/ansokningstiden-for-finansiering-ar-2019-borjar\/"},"wordCount":574,"image":{"@id":"https:\/\/itameriprojekti.fi\/sv\/nyheter\/ansokningstiden-for-finansiering-ar-2019-borjar\/#primaryimage"},"thumbnailUrl":"https:\/\/itameriprojekti.fi\/wp-content\/uploads\/2019\/07\/52939-scaled.jpg","articleSection":["Nyheter"],"inLanguage":"sv-SE"},{"@type":"WebPage","@id":"https:\/\/itameriprojekti.fi\/sv\/nyheter\/ansokningstiden-for-finansiering-ar-2019-borjar\/","url":"https:\/\/itameriprojekti.fi\/sv\/nyheter\/ansokningstiden-for-finansiering-ar-2019-borjar\/","name":"Ans\u00f6kningstiden f\u00f6r finansiering \u00e5r 2019 b\u00f6rjar! - \u00d6stersj\u00f6projektet","isPartOf":{"@id":"https:\/\/itameriprojekti.fi\/sv\/#website"},"primaryImageOfPage":{"@id":"https:\/\/itameriprojekti.fi\/sv\/nyheter\/ansokningstiden-for-finansiering-ar-2019-borjar\/#primaryimage"},"image":{"@id":"https:\/\/itameriprojekti.fi\/sv\/nyheter\/ansokningstiden-for-finansiering-ar-2019-borjar\/#primaryimage"},"thumbnailUrl":"https:\/\/itameriprojekti.fi\/wp-content\/uploads\/2019\/07\/52939-scaled.jpg","datePublished":"2019-07-02T09:51:28+00:00","dateModified":"2023-12-27T11:52:35+00:00","author":{"@id":"https:\/\/itameriprojekti.fi\/sv\/#\/schema\/person\/93841f7a17884603aea545bef5bbbe2d"},"breadcrumb":{"@id":"https:\/\/itameriprojekti.fi\/sv\/nyheter\/ansokningstiden-for-finansiering-ar-2019-borjar\/#breadcrumb"},"inLanguage":"sv-SE","potentialAction":[{"@type":"ReadAction","target":["https:\/\/itameriprojekti.fi\/sv\/nyheter\/ansokningstiden-for-finansiering-ar-2019-borjar\/"]}]},{"@type":"ImageObject","inLanguage":"sv-SE","@id":"https:\/\/itameriprojekti.fi\/sv\/nyheter\/ansokningstiden-for-finansiering-ar-2019-borjar\/#primaryimage","url":"https:\/\/itameriprojekti.fi\/wp-content\/uploads\/2019\/07\/52939-scaled.jpg","contentUrl":"https:\/\/itameriprojekti.fi\/wp-content\/uploads\/2019\/07\/52939-scaled.jpg","width":2560,"height":1706},{"@type":"BreadcrumbList","@id":"https:\/\/itameriprojekti.fi\/sv\/nyheter\/ansokningstiden-for-finansiering-ar-2019-borjar\/#breadcrumb","itemListElement":[{"@type":"ListItem","position":1,"name":"Framsida","item":"https:\/\/itameriprojekti.fi\/sv\/"},{"@type":"ListItem","position":2,"name":"Ans\u00f6kningstiden f\u00f6r finansiering \u00e5r 2019 b\u00f6rjar!"}]},{"@type":"WebSite","@id":"https:\/\/itameriprojekti.fi\/sv\/#website","url":"https:\/\/itameriprojekti.fi\/sv\/","name":"\u00d6stersj\u00f6projektet","description":"\u00c5landsbankenin It\u00e4meriprojekti parantaa It\u00e4meren tilaa","potentialAction":[{"@type":"SearchAction","target":{"@type":"EntryPoint","urlTemplate":"https:\/\/itameriprojekti.fi\/sv\/?s={search_term_string}"},"query-input":{"@type":"PropertyValueSpecification","valueRequired":true,"valueName":"search_term_string"}}],"inLanguage":"sv-SE"},{"@type":"Person","@id":"https:\/\/itameriprojekti.fi\/sv\/#\/schema\/person\/93841f7a17884603aea545bef5bbbe2d","name":"Sergei Markov","sameAs":["https:\/\/cron.fi"]}]}},"_links":{"self":[{"href":"https:\/\/itameriprojekti.fi\/sv\/wp-json\/wp\/v2\/posts\/1324","targetHints":{"allow":["GET"]}}],"collection":[{"href":"https:\/\/itameriprojekti.fi\/sv\/wp-json\/wp\/v2\/posts"}],"about":[{"href":"https:\/\/itameriprojekti.fi\/sv\/wp-json\/wp\/v2\/types\/post"}],"author":[{"embeddable":true,"href":"https:\/\/itameriprojekti.fi\/sv\/wp-json\/wp\/v2\/users\/3"}],"replies":[{"embeddable":true,"href":"https:\/\/itameriprojekti.fi\/sv\/wp-json\/wp\/v2\/comments?post=1324"}],"version-history":[{"count":1,"href":"https:\/\/itameriprojekti.fi\/sv\/wp-json\/wp\/v2\/posts\/1324\/revisions"}],"predecessor-version":[{"id":1325,"href":"https:\/\/itameriprojekti.fi\/sv\/wp-json\/wp\/v2\/posts\/1324\/revisions\/1325"}],"wp:featuredmedia":[{"embeddable":true,"href":"https:\/\/itameriprojekti.fi\/sv\/wp-json\/wp\/v2\/media\/81"}],"wp:attachment":[{"href":"https:\/\/itameriprojekti.fi\/sv\/wp-json\/wp\/v2\/media?parent=1324"}],"wp:term":[{"taxonomy":"category","embeddable":true,"href":"https:\/\/itameriprojekti.fi\/sv\/wp-json\/wp\/v2\/categories?post=1324"},{"taxonomy":"post_tag","embeddable":true,"href":"https:\/\/itameriprojekti.fi\/sv\/wp-json\/wp\/v2\/tags?post=1324"}],"curies":[{"name":"wp","href":"https:\/\/api.w.org\/{rel}","templated":true}]}}