{"id":1328,"date":"2019-06-06T09:44:09","date_gmt":"2019-06-06T06:44:09","guid":{"rendered":"https:\/\/itameriprojekti.fi\/?p=1328"},"modified":"2023-12-27T13:54:33","modified_gmt":"2023-12-27T11:54:33","slug":"saara-kankaanrinta-en-miljopaverkare-naturskyddare-och-entreprenor","status":"publish","type":"post","link":"https:\/\/itameriprojekti.fi\/sv\/nyheter\/saara-kankaanrinta-en-miljopaverkare-naturskyddare-och-entreprenor\/","title":{"rendered":"Saara Kankaanrinta \u2013 en milj\u00f6p\u00e5verkare, naturskyddare och entrepren\u00f6r"},"content":{"rendered":"<p>\u00d6stersj\u00f6n m\u00e5r inte bra. Det \u00e4r ett av v\u00e4rldens mest f\u00f6rorenade hav, och f\u00f6r att r\u00e4dda det beh\u00f6vs storslagna g\u00e4rningar \u2013 s\u00e5 fort som m\u00f6jligt. F\u00f6r Saara Kankaanrinta \u00e4r havet en hj\u00e4rtesak och hon har vigt sitt liv \u00e5t \u00d6stersj\u00f6ns och naturens v\u00e4lm\u00e5ende.<\/p>\n<p><a href=\"https:\/\/www.alandsbanken.fi\/sv\/blog\/saara-kankaanrinta\" target=\"_blank\" rel=\"noopener\">L\u00e4s mer om Saara Kankaanrinta och hennes k\u00e4rlek till \u00d6sterj\u00f6n h\u00e4r.<\/a><\/p>\n","protected":false},"excerpt":{"rendered":"<p>\u00d6stersj\u00f6n m\u00e5r inte bra. Det \u00e4r ett av v\u00e4rldens mest f\u00f6rorenade hav, och f\u00f6r att r\u00e4dda det beh\u00f6vs storslagna g\u00e4rningar [&hellip;]<\/p>\n","protected":false},"author":3,"featured_media":132,"comment_status":"closed","ping_status":"open","sticky":false,"template":"","format":"standard","meta":{"footnotes":""},"categories":[66],"tags":[],"class_list":["post-1328","post","type-post","status-publish","format-standard","has-post-thumbnail","hentry","category-nyheter"],"yoast_head":"<!-- This site is optimized with the Yoast SEO plugin v27.0 - https:\/\/yoast.com\/product\/yoast-seo-wordpress\/ -->\n<title>Saara Kankaanrinta \u2013 en milj\u00f6p\u00e5verkare, naturskyddare och entrepren\u00f6r - \u00d6stersj\u00f6projektet<\/title>\n<meta name=\"robots\" content=\"index, follow, max-snippet:-1, max-image-preview:large, max-video-preview:-1\" \/>\n<link rel=\"canonical\" href=\"https:\/\/itameriprojekti.fi\/sv\/nyheter\/saara-kankaanrinta-en-miljopaverkare-naturskyddare-och-entreprenor\/\" \/>\n<meta property=\"og:locale\" content=\"sv_SE\" \/>\n<meta property=\"og:type\" content=\"article\" \/>\n<meta property=\"og:title\" content=\"Saara Kankaanrinta \u2013 en milj\u00f6p\u00e5verkare, naturskyddare och entrepren\u00f6r - \u00d6stersj\u00f6projektet\" \/>\n<meta property=\"og:description\" content=\"\u00d6stersj\u00f6n m\u00e5r inte bra. Det \u00e4r ett av v\u00e4rldens mest f\u00f6rorenade hav, och f\u00f6r att r\u00e4dda det beh\u00f6vs storslagna g\u00e4rningar [&hellip;]\" \/>\n<meta property=\"og:url\" content=\"https:\/\/itameriprojekti.fi\/sv\/nyheter\/saara-kankaanrinta-en-miljopaverkare-naturskyddare-och-entreprenor\/\" \/>\n<meta property=\"og:site_name\" content=\"\u00d6stersj\u00f6projektet\" \/>\n<meta property=\"article:published_time\" content=\"2019-06-06T06:44:09+00:00\" \/>\n<meta property=\"article:modified_time\" content=\"2023-12-27T11:54:33+00:00\" \/>\n<meta property=\"og:image\" content=\"https:\/\/itameriprojekti.fi\/wp-content\/uploads\/2020\/07\/saara-kankaanrinta.png\" \/>\n\t<meta property=\"og:image:width\" content=\"800\" \/>\n\t<meta property=\"og:image:height\" content=\"329\" \/>\n\t<meta property=\"og:image:type\" content=\"image\/png\" \/>\n<meta name=\"author\" content=\"Sergei Markov\" \/>\n<meta name=\"twitter:card\" content=\"summary_large_image\" \/>\n<meta name=\"twitter:label1\" content=\"Skriven av\" \/>\n\t<meta name=\"twitter:data1\" content=\"Sergei Markov\" \/>\n<script type=\"application\/ld+json\" class=\"yoast-schema-graph\">{\"@context\":\"https:\/\/schema.org\",\"@graph\":[{\"@type\":\"Article\",\"@id\":\"https:\/\/itameriprojekti.fi\/sv\/nyheter\/saara-kankaanrinta-en-miljopaverkare-naturskyddare-och-entreprenor\/#article\",\"isPartOf\":{\"@id\":\"https:\/\/itameriprojekti.fi\/sv\/nyheter\/saara-kankaanrinta-en-miljopaverkare-naturskyddare-och-entreprenor\/\"},\"author\":{\"name\":\"Sergei Markov\",\"@id\":\"https:\/\/itameriprojekti.fi\/sv\/#\/schema\/person\/93841f7a17884603aea545bef5bbbe2d\"},\"headline\":\"Saara Kankaanrinta \u2013 en milj\u00f6p\u00e5verkare, naturskyddare och entrepren\u00f6r\",\"datePublished\":\"2019-06-06T06:44:09+00:00\",\"dateModified\":\"2023-12-27T11:54:33+00:00\",\"mainEntityOfPage\":{\"@id\":\"https:\/\/itameriprojekti.fi\/sv\/nyheter\/saara-kankaanrinta-en-miljopaverkare-naturskyddare-och-entreprenor\/\"},\"wordCount\":81,\"image\":{\"@id\":\"https:\/\/itameriprojekti.fi\/sv\/nyheter\/saara-kankaanrinta-en-miljopaverkare-naturskyddare-och-entreprenor\/#primaryimage\"},\"thumbnailUrl\":\"https:\/\/itameriprojekti.fi\/wp-content\/uploads\/2020\/07\/saara-kankaanrinta.png\",\"articleSection\":[\"Nyheter\"],\"inLanguage\":\"sv-SE\"},{\"@type\":\"WebPage\",\"@id\":\"https:\/\/itameriprojekti.fi\/sv\/nyheter\/saara-kankaanrinta-en-miljopaverkare-naturskyddare-och-entreprenor\/\",\"url\":\"https:\/\/itameriprojekti.fi\/sv\/nyheter\/saara-kankaanrinta-en-miljopaverkare-naturskyddare-och-entreprenor\/\",\"name\":\"Saara Kankaanrinta \u2013 en milj\u00f6p\u00e5verkare, naturskyddare och entrepren\u00f6r - \u00d6stersj\u00f6projektet\",\"isPartOf\":{\"@id\":\"https:\/\/itameriprojekti.fi\/sv\/#website\"},\"primaryImageOfPage\":{\"@id\":\"https:\/\/itameriprojekti.fi\/sv\/nyheter\/saara-kankaanrinta-en-miljopaverkare-naturskyddare-och-entreprenor\/#primaryimage\"},\"image\":{\"@id\":\"https:\/\/itameriprojekti.fi\/sv\/nyheter\/saara-kankaanrinta-en-miljopaverkare-naturskyddare-och-entreprenor\/#primaryimage\"},\"thumbnailUrl\":\"https:\/\/itameriprojekti.fi\/wp-content\/uploads\/2020\/07\/saara-kankaanrinta.png\",\"datePublished\":\"2019-06-06T06:44:09+00:00\",\"dateModified\":\"2023-12-27T11:54:33+00:00\",\"author\":{\"@id\":\"https:\/\/itameriprojekti.fi\/sv\/#\/schema\/person\/93841f7a17884603aea545bef5bbbe2d\"},\"breadcrumb\":{\"@id\":\"https:\/\/itameriprojekti.fi\/sv\/nyheter\/saara-kankaanrinta-en-miljopaverkare-naturskyddare-och-entreprenor\/#breadcrumb\"},\"inLanguage\":\"sv-SE\",\"potentialAction\":[{\"@type\":\"ReadAction\",\"target\":[\"https:\/\/itameriprojekti.fi\/sv\/nyheter\/saara-kankaanrinta-en-miljopaverkare-naturskyddare-och-entreprenor\/\"]}]},{\"@type\":\"ImageObject\",\"inLanguage\":\"sv-SE\",\"@id\":\"https:\/\/itameriprojekti.fi\/sv\/nyheter\/saara-kankaanrinta-en-miljopaverkare-naturskyddare-och-entreprenor\/#primaryimage\",\"url\":\"https:\/\/itameriprojekti.fi\/wp-content\/uploads\/2020\/07\/saara-kankaanrinta.png\",\"contentUrl\":\"https:\/\/itameriprojekti.fi\/wp-content\/uploads\/2020\/07\/saara-kankaanrinta.png\",\"width\":800,\"height\":329},{\"@type\":\"BreadcrumbList\",\"@id\":\"https:\/\/itameriprojekti.fi\/sv\/nyheter\/saara-kankaanrinta-en-miljopaverkare-naturskyddare-och-entreprenor\/#breadcrumb\",\"itemListElement\":[{\"@type\":\"ListItem\",\"position\":1,\"name\":\"Framsida\",\"item\":\"https:\/\/itameriprojekti.fi\/sv\/\"},{\"@type\":\"ListItem\",\"position\":2,\"name\":\"Saara Kankaanrinta \u2013 en milj\u00f6p\u00e5verkare, naturskyddare och entrepren\u00f6r\"}]},{\"@type\":\"WebSite\",\"@id\":\"https:\/\/itameriprojekti.fi\/sv\/#website\",\"url\":\"https:\/\/itameriprojekti.fi\/sv\/\",\"name\":\"\u00d6stersj\u00f6projektet\",\"description\":\"\u00c5landsbankenin It\u00e4meriprojekti parantaa It\u00e4meren tilaa\",\"potentialAction\":[{\"@type\":\"SearchAction\",\"target\":{\"@type\":\"EntryPoint\",\"urlTemplate\":\"https:\/\/itameriprojekti.fi\/sv\/?s={search_term_string}\"},\"query-input\":{\"@type\":\"PropertyValueSpecification\",\"valueRequired\":true,\"valueName\":\"search_term_string\"}}],\"inLanguage\":\"sv-SE\"},{\"@type\":\"Person\",\"@id\":\"https:\/\/itameriprojekti.fi\/sv\/#\/schema\/person\/93841f7a17884603aea545bef5bbbe2d\",\"name\":\"Sergei Markov\",\"sameAs\":[\"https:\/\/cron.fi\"]}]}<\/script>\n<!-- \/ Yoast SEO plugin. -->","yoast_head_json":{"title":"Saara Kankaanrinta \u2013 en milj\u00f6p\u00e5verkare, naturskyddare och entrepren\u00f6r - \u00d6stersj\u00f6projektet","robots":{"index":"index","follow":"follow","max-snippet":"max-snippet:-1","max-image-preview":"max-image-preview:large","max-video-preview":"max-video-preview:-1"},"canonical":"https:\/\/itameriprojekti.fi\/sv\/nyheter\/saara-kankaanrinta-en-miljopaverkare-naturskyddare-och-entreprenor\/","og_locale":"sv_SE","og_type":"article","og_title":"Saara Kankaanrinta \u2013 en milj\u00f6p\u00e5verkare, naturskyddare och entrepren\u00f6r - \u00d6stersj\u00f6projektet","og_description":"\u00d6stersj\u00f6n m\u00e5r inte bra. Det \u00e4r ett av v\u00e4rldens mest f\u00f6rorenade hav, och f\u00f6r att r\u00e4dda det beh\u00f6vs storslagna g\u00e4rningar [&hellip;]","og_url":"https:\/\/itameriprojekti.fi\/sv\/nyheter\/saara-kankaanrinta-en-miljopaverkare-naturskyddare-och-entreprenor\/","og_site_name":"\u00d6stersj\u00f6projektet","article_published_time":"2019-06-06T06:44:09+00:00","article_modified_time":"2023-12-27T11:54:33+00:00","og_image":[{"width":800,"height":329,"url":"https:\/\/itameriprojekti.fi\/wp-content\/uploads\/2020\/07\/saara-kankaanrinta.png","type":"image\/png"}],"author":"Sergei Markov","twitter_card":"summary_large_image","twitter_misc":{"Skriven av":"Sergei Markov"},"schema":{"@context":"https:\/\/schema.org","@graph":[{"@type":"Article","@id":"https:\/\/itameriprojekti.fi\/sv\/nyheter\/saara-kankaanrinta-en-miljopaverkare-naturskyddare-och-entreprenor\/#article","isPartOf":{"@id":"https:\/\/itameriprojekti.fi\/sv\/nyheter\/saara-kankaanrinta-en-miljopaverkare-naturskyddare-och-entreprenor\/"},"author":{"name":"Sergei Markov","@id":"https:\/\/itameriprojekti.fi\/sv\/#\/schema\/person\/93841f7a17884603aea545bef5bbbe2d"},"headline":"Saara Kankaanrinta \u2013 en milj\u00f6p\u00e5verkare, naturskyddare och entrepren\u00f6r","datePublished":"2019-06-06T06:44:09+00:00","dateModified":"2023-12-27T11:54:33+00:00","mainEntityOfPage":{"@id":"https:\/\/itameriprojekti.fi\/sv\/nyheter\/saara-kankaanrinta-en-miljopaverkare-naturskyddare-och-entreprenor\/"},"wordCount":81,"image":{"@id":"https:\/\/itameriprojekti.fi\/sv\/nyheter\/saara-kankaanrinta-en-miljopaverkare-naturskyddare-och-entreprenor\/#primaryimage"},"thumbnailUrl":"https:\/\/itameriprojekti.fi\/wp-content\/uploads\/2020\/07\/saara-kankaanrinta.png","articleSection":["Nyheter"],"inLanguage":"sv-SE"},{"@type":"WebPage","@id":"https:\/\/itameriprojekti.fi\/sv\/nyheter\/saara-kankaanrinta-en-miljopaverkare-naturskyddare-och-entreprenor\/","url":"https:\/\/itameriprojekti.fi\/sv\/nyheter\/saara-kankaanrinta-en-miljopaverkare-naturskyddare-och-entreprenor\/","name":"Saara Kankaanrinta \u2013 en milj\u00f6p\u00e5verkare, naturskyddare och entrepren\u00f6r - \u00d6stersj\u00f6projektet","isPartOf":{"@id":"https:\/\/itameriprojekti.fi\/sv\/#website"},"primaryImageOfPage":{"@id":"https:\/\/itameriprojekti.fi\/sv\/nyheter\/saara-kankaanrinta-en-miljopaverkare-naturskyddare-och-entreprenor\/#primaryimage"},"image":{"@id":"https:\/\/itameriprojekti.fi\/sv\/nyheter\/saara-kankaanrinta-en-miljopaverkare-naturskyddare-och-entreprenor\/#primaryimage"},"thumbnailUrl":"https:\/\/itameriprojekti.fi\/wp-content\/uploads\/2020\/07\/saara-kankaanrinta.png","datePublished":"2019-06-06T06:44:09+00:00","dateModified":"2023-12-27T11:54:33+00:00","author":{"@id":"https:\/\/itameriprojekti.fi\/sv\/#\/schema\/person\/93841f7a17884603aea545bef5bbbe2d"},"breadcrumb":{"@id":"https:\/\/itameriprojekti.fi\/sv\/nyheter\/saara-kankaanrinta-en-miljopaverkare-naturskyddare-och-entreprenor\/#breadcrumb"},"inLanguage":"sv-SE","potentialAction":[{"@type":"ReadAction","target":["https:\/\/itameriprojekti.fi\/sv\/nyheter\/saara-kankaanrinta-en-miljopaverkare-naturskyddare-och-entreprenor\/"]}]},{"@type":"ImageObject","inLanguage":"sv-SE","@id":"https:\/\/itameriprojekti.fi\/sv\/nyheter\/saara-kankaanrinta-en-miljopaverkare-naturskyddare-och-entreprenor\/#primaryimage","url":"https:\/\/itameriprojekti.fi\/wp-content\/uploads\/2020\/07\/saara-kankaanrinta.png","contentUrl":"https:\/\/itameriprojekti.fi\/wp-content\/uploads\/2020\/07\/saara-kankaanrinta.png","width":800,"height":329},{"@type":"BreadcrumbList","@id":"https:\/\/itameriprojekti.fi\/sv\/nyheter\/saara-kankaanrinta-en-miljopaverkare-naturskyddare-och-entreprenor\/#breadcrumb","itemListElement":[{"@type":"ListItem","position":1,"name":"Framsida","item":"https:\/\/itameriprojekti.fi\/sv\/"},{"@type":"ListItem","position":2,"name":"Saara Kankaanrinta \u2013 en milj\u00f6p\u00e5verkare, naturskyddare och entrepren\u00f6r"}]},{"@type":"WebSite","@id":"https:\/\/itameriprojekti.fi\/sv\/#website","url":"https:\/\/itameriprojekti.fi\/sv\/","name":"\u00d6stersj\u00f6projektet","description":"\u00c5landsbankenin It\u00e4meriprojekti parantaa It\u00e4meren tilaa","potentialAction":[{"@type":"SearchAction","target":{"@type":"EntryPoint","urlTemplate":"https:\/\/itameriprojekti.fi\/sv\/?s={search_term_string}"},"query-input":{"@type":"PropertyValueSpecification","valueRequired":true,"valueName":"search_term_string"}}],"inLanguage":"sv-SE"},{"@type":"Person","@id":"https:\/\/itameriprojekti.fi\/sv\/#\/schema\/person\/93841f7a17884603aea545bef5bbbe2d","name":"Sergei Markov","sameAs":["https:\/\/cron.fi"]}]}},"_links":{"self":[{"href":"https:\/\/itameriprojekti.fi\/sv\/wp-json\/wp\/v2\/posts\/1328","targetHints":{"allow":["GET"]}}],"collection":[{"href":"https:\/\/itameriprojekti.fi\/sv\/wp-json\/wp\/v2\/posts"}],"about":[{"href":"https:\/\/itameriprojekti.fi\/sv\/wp-json\/wp\/v2\/types\/post"}],"author":[{"embeddable":true,"href":"https:\/\/itameriprojekti.fi\/sv\/wp-json\/wp\/v2\/users\/3"}],"replies":[{"embeddable":true,"href":"https:\/\/itameriprojekti.fi\/sv\/wp-json\/wp\/v2\/comments?post=1328"}],"version-history":[{"count":1,"href":"https:\/\/itameriprojekti.fi\/sv\/wp-json\/wp\/v2\/posts\/1328\/revisions"}],"predecessor-version":[{"id":1329,"href":"https:\/\/itameriprojekti.fi\/sv\/wp-json\/wp\/v2\/posts\/1328\/revisions\/1329"}],"wp:featuredmedia":[{"embeddable":true,"href":"https:\/\/itameriprojekti.fi\/sv\/wp-json\/wp\/v2\/media\/132"}],"wp:attachment":[{"href":"https:\/\/itameriprojekti.fi\/sv\/wp-json\/wp\/v2\/media?parent=1328"}],"wp:term":[{"taxonomy":"category","embeddable":true,"href":"https:\/\/itameriprojekti.fi\/sv\/wp-json\/wp\/v2\/categories?post=1328"},{"taxonomy":"post_tag","embeddable":true,"href":"https:\/\/itameriprojekti.fi\/sv\/wp-json\/wp\/v2\/tags?post=1328"}],"curies":[{"name":"wp","href":"https:\/\/api.w.org\/{rel}","templated":true}]}}