{"id":1335,"date":"2019-03-28T12:26:20","date_gmt":"2019-03-28T10:26:20","guid":{"rendered":"https:\/\/itameriprojekti.fi\/?p=1335"},"modified":"2023-12-27T13:56:53","modified_gmt":"2023-12-27T11:56:53","slug":"earth-hour-uppmuntrar-till-klimatatgarder","status":"publish","type":"post","link":"https:\/\/itameriprojekti.fi\/sv\/nyheter\/earth-hour-uppmuntrar-till-klimatatgarder\/","title":{"rendered":"Earth Hour uppmuntrar till klimat\u00e5tg\u00e4rder"},"content":{"rendered":"<p>D\u00e5 WWFs Earth Hour firades f\u00f6r f\u00f6rsta g\u00e5ngen \u00e5r 2007 i Sydney, Australien, st\u00f6tte man relativt ofta p\u00e5 klimatskeptiker. Drygt tio \u00e5r senare har evenemanget vuxit till en global r\u00f6relse, vari m\u00e4nniskor fr\u00e5n 188 l\u00e4nder deltog ifjol. Samtidigt har inv\u00e4ndningar mot den p\u00e5 grund av m\u00e4nniskan accelererande klimatf\u00f6r\u00e4ndringen minskat avsev\u00e4rt. En del talar till och med om tiden efter IPCC-rapporten. Med det h\u00e4nvisar man till den k\u00e4nnedom om hur br\u00e5dskande kampen mot klimatf\u00f6r\u00e4ndringen \u00e4r som v\u00e4cktes av rapporten som den mellanstatliga panelen f\u00f6r klimatf\u00f6r\u00e4ndringar publicerade f\u00f6rra \u00e5ret.<\/p>\n<p>IPCC-rapporten visade att skillnaden mellan scenarierna f\u00f6r tv\u00e5 graders uppv\u00e4rmning och en och en halv grads uppv\u00e4rmning \u00e4r signifikant. Vi m\u00e5ste begr\u00e4nsa h\u00f6jningen av jordens genomsnittliga temperatur till 1,5 grader f\u00f6r att vi ska kunna undvika de extremt skadliga konsekvenserna f\u00f6r m\u00e4nniskor och naturen. Hur ska det g\u00f6ras?<\/p>\n<p>Earth Hour \u00e4r k\u00e4nd f\u00f6r den m\u00f6rka timmen, d\u00e5 miljontals m\u00e4nniskor, f\u00f6retag och offentliga byggnader runt om i v\u00e4rlden sl\u00e4cker on\u00f6diga ljus i en timme den sista l\u00f6rdagen i mars. Detta \u00e4r inte ett evenemang f\u00f6r att spara energi utan en symbolisk gest, genom vilken vi visar oro f\u00f6r klimatf\u00f6r\u00e4ndringen och vi kr\u00e4ver snabba \u00e5tg\u00e4rder av beslutsfattarna f\u00f6r att st\u00e4vja klimatf\u00f6r\u00e4ndringen. F\u00f6rra \u00e5ret deltog 1,5 miljoner finl\u00e4ndare i Earth Hour p\u00e5 ett eller annat s\u00e4tt.<\/p>\n<p>I Finland uppmuntrar WWF m\u00e4nniskor att g\u00f6ra en klimatg\u00e4rning genom att v\u00e4lja gr\u00f6nsaker eller h\u00e5llbart f\u00e5ngad fisk p\u00e5 sin tallrik i st\u00e4llet f\u00f6r k\u00f6tt.<\/p>\n<p>IPCC-rapporten konstaterar att 1,5-gradersm\u00e5let sannolikt inte uppn\u00e5s utan f\u00f6r\u00e4ndringar i kosten. F\u00f6r tillf\u00e4llet \u00e4ter vi helt enkelt upp den vilda naturens livsrum och p\u00e5skyndar klimatf\u00f6r\u00e4ndringen genom v\u00e5r h\u00f6ga k\u00f6ttkonsumtion. Finl\u00e4ndare \u00e4ter i genomsnitt 81 kg k\u00f6tt per \u00e5r. Ur milj\u00f6synpunkt m\u00e5ste m\u00e4ngden minskas \u2013 det l\u00f6nar sig att \u00e4ta r\u00f6tt k\u00f6tt h\u00f6gst en g\u00e5ng och kyckling n\u00e5gra g\u00e5nger i veckan.<\/p>\n<p>Vi har tur i Finland, eftersom m\u00e5nga f\u00f6retag inom matbranschen har f\u00f6rst\u00e5tt att morgondagens m\u00e5ltid \u00e4r \u00f6verv\u00e4gande vegetarisk. Det har kommit ut m\u00e5nga nya, l\u00e4ckra vegetariska matprodukter p\u00e5 marknaden. Det ena vegetariska eller fiskreceptet l\u00e4ckrare \u00e4n det andra finns tillg\u00e4ngligt i alla m\u00f6jliga kommunikationskanaler. K\u00f6ttkonsumtionen kan allts\u00e5 minskas utan att kompromissa p\u00e5 den goda smaken. Det \u00e4r d\u00e4rf\u00f6r l\u00e4tt f\u00f6r mig att sl\u00e4cka lamporna p\u00e5 l\u00f6rdag 30.3 klockan 20.30 och njuta av en vegetarisk middag i skenet av levande ljus. I Earth Hour deltar dessutom m\u00e5nga restauranger, som erbjuder god, klimatv\u00e4nlig mat. Kolla in evenemangen p\u00e5 sidan www.earthhour.fi (p\u00e5 finska).<\/p>\n<p>Varje klimat- och milj\u00f6g\u00e4rning som medborgare g\u00f6r \u00e4r viktig<\/p>\n<p>M\u00e5let p\u00e5 1,5 grader \u00e4r \u00e4nd\u00e5 s\u00e5 kr\u00e4vande att f\u00f6r\u00e4ndringar ocks\u00e5 beh\u00f6vs i politiska beslut om till exempel vad som finansieras, vad som uppmuntras och n\u00e4r restriktiv lagstiftning beh\u00f6vs.<\/p>\n<p>Lyckligtvis har investerare idag m\u00f6jlighet att v\u00e4lja sina placeringsobjekt ocks\u00e5 genom att granska f\u00f6retagens ansvar. Det l\u00f6nar sig att aktivt fr\u00e5ga vilken typ av principer f\u00f6r ansvarsfull placering din egen kapitalf\u00f6rvaltare har. Det \u00e4r dagens melodi.<\/p>\n<p>Kati Malmelin<\/p>\n<p>Direkt\u00f6r, f\u00f6retagssamarbete<\/p>\n<p>WWF Finland<\/p>\n","protected":false},"excerpt":{"rendered":"<p>D\u00e5 WWFs Earth Hour firades f\u00f6r f\u00f6rsta g\u00e5ngen \u00e5r 2007 i Sydney, Australien, st\u00f6tte man relativt ofta p\u00e5 klimatskeptiker. Drygt [&hellip;]<\/p>\n","protected":false},"author":3,"featured_media":73,"comment_status":"closed","ping_status":"open","sticky":false,"template":"","format":"standard","meta":{"footnotes":""},"categories":[66],"tags":[],"class_list":["post-1335","post","type-post","status-publish","format-standard","has-post-thumbnail","hentry","category-nyheter"],"yoast_head":"<!-- This site is optimized with the Yoast SEO plugin v27.0 - https:\/\/yoast.com\/product\/yoast-seo-wordpress\/ -->\n<title>Earth Hour uppmuntrar till klimat\u00e5tg\u00e4rder - \u00d6stersj\u00f6projektet<\/title>\n<meta name=\"robots\" content=\"index, follow, max-snippet:-1, max-image-preview:large, max-video-preview:-1\" \/>\n<link rel=\"canonical\" href=\"https:\/\/itameriprojekti.fi\/sv\/nyheter\/earth-hour-uppmuntrar-till-klimatatgarder\/\" \/>\n<meta property=\"og:locale\" content=\"sv_SE\" \/>\n<meta property=\"og:type\" content=\"article\" \/>\n<meta property=\"og:title\" content=\"Earth Hour uppmuntrar till klimat\u00e5tg\u00e4rder - \u00d6stersj\u00f6projektet\" \/>\n<meta property=\"og:description\" content=\"D\u00e5 WWFs Earth Hour firades f\u00f6r f\u00f6rsta g\u00e5ngen \u00e5r 2007 i Sydney, Australien, st\u00f6tte man relativt ofta p\u00e5 klimatskeptiker. Drygt [&hellip;]\" \/>\n<meta property=\"og:url\" content=\"https:\/\/itameriprojekti.fi\/sv\/nyheter\/earth-hour-uppmuntrar-till-klimatatgarder\/\" \/>\n<meta property=\"og:site_name\" content=\"\u00d6stersj\u00f6projektet\" \/>\n<meta property=\"article:published_time\" content=\"2019-03-28T10:26:20+00:00\" \/>\n<meta property=\"article:modified_time\" content=\"2023-12-27T11:56:53+00:00\" \/>\n<meta property=\"og:image\" content=\"https:\/\/itameriprojekti.fi\/wp-content\/uploads\/2019\/06\/kampanjakuva-nuoret-kynttilan-aarella_A-P-Sinikoski.jpg\" \/>\n\t<meta property=\"og:image:width\" content=\"1000\" \/>\n\t<meta property=\"og:image:height\" content=\"1000\" \/>\n\t<meta property=\"og:image:type\" content=\"image\/jpeg\" \/>\n<meta name=\"author\" content=\"Sergei Markov\" \/>\n<meta name=\"twitter:card\" content=\"summary_large_image\" \/>\n<meta name=\"twitter:label1\" content=\"Skriven av\" \/>\n\t<meta name=\"twitter:data1\" content=\"Sergei Markov\" \/>\n\t<meta name=\"twitter:label2\" content=\"Ber\u00e4knad l\u00e4stid\" \/>\n\t<meta name=\"twitter:data2\" content=\"3 minuter\" \/>\n<script type=\"application\/ld+json\" class=\"yoast-schema-graph\">{\"@context\":\"https:\/\/schema.org\",\"@graph\":[{\"@type\":\"Article\",\"@id\":\"https:\/\/itameriprojekti.fi\/sv\/nyheter\/earth-hour-uppmuntrar-till-klimatatgarder\/#article\",\"isPartOf\":{\"@id\":\"https:\/\/itameriprojekti.fi\/sv\/nyheter\/earth-hour-uppmuntrar-till-klimatatgarder\/\"},\"author\":{\"name\":\"Sergei Markov\",\"@id\":\"https:\/\/itameriprojekti.fi\/sv\/#\/schema\/person\/93841f7a17884603aea545bef5bbbe2d\"},\"headline\":\"Earth Hour uppmuntrar till klimat\u00e5tg\u00e4rder\",\"datePublished\":\"2019-03-28T10:26:20+00:00\",\"dateModified\":\"2023-12-27T11:56:53+00:00\",\"mainEntityOfPage\":{\"@id\":\"https:\/\/itameriprojekti.fi\/sv\/nyheter\/earth-hour-uppmuntrar-till-klimatatgarder\/\"},\"wordCount\":602,\"image\":{\"@id\":\"https:\/\/itameriprojekti.fi\/sv\/nyheter\/earth-hour-uppmuntrar-till-klimatatgarder\/#primaryimage\"},\"thumbnailUrl\":\"https:\/\/itameriprojekti.fi\/wp-content\/uploads\/2019\/06\/kampanjakuva-nuoret-kynttilan-aarella_A-P-Sinikoski.jpg\",\"articleSection\":[\"Nyheter\"],\"inLanguage\":\"sv-SE\"},{\"@type\":\"WebPage\",\"@id\":\"https:\/\/itameriprojekti.fi\/sv\/nyheter\/earth-hour-uppmuntrar-till-klimatatgarder\/\",\"url\":\"https:\/\/itameriprojekti.fi\/sv\/nyheter\/earth-hour-uppmuntrar-till-klimatatgarder\/\",\"name\":\"Earth Hour uppmuntrar till klimat\u00e5tg\u00e4rder - \u00d6stersj\u00f6projektet\",\"isPartOf\":{\"@id\":\"https:\/\/itameriprojekti.fi\/sv\/#website\"},\"primaryImageOfPage\":{\"@id\":\"https:\/\/itameriprojekti.fi\/sv\/nyheter\/earth-hour-uppmuntrar-till-klimatatgarder\/#primaryimage\"},\"image\":{\"@id\":\"https:\/\/itameriprojekti.fi\/sv\/nyheter\/earth-hour-uppmuntrar-till-klimatatgarder\/#primaryimage\"},\"thumbnailUrl\":\"https:\/\/itameriprojekti.fi\/wp-content\/uploads\/2019\/06\/kampanjakuva-nuoret-kynttilan-aarella_A-P-Sinikoski.jpg\",\"datePublished\":\"2019-03-28T10:26:20+00:00\",\"dateModified\":\"2023-12-27T11:56:53+00:00\",\"author\":{\"@id\":\"https:\/\/itameriprojekti.fi\/sv\/#\/schema\/person\/93841f7a17884603aea545bef5bbbe2d\"},\"breadcrumb\":{\"@id\":\"https:\/\/itameriprojekti.fi\/sv\/nyheter\/earth-hour-uppmuntrar-till-klimatatgarder\/#breadcrumb\"},\"inLanguage\":\"sv-SE\",\"potentialAction\":[{\"@type\":\"ReadAction\",\"target\":[\"https:\/\/itameriprojekti.fi\/sv\/nyheter\/earth-hour-uppmuntrar-till-klimatatgarder\/\"]}]},{\"@type\":\"ImageObject\",\"inLanguage\":\"sv-SE\",\"@id\":\"https:\/\/itameriprojekti.fi\/sv\/nyheter\/earth-hour-uppmuntrar-till-klimatatgarder\/#primaryimage\",\"url\":\"https:\/\/itameriprojekti.fi\/wp-content\/uploads\/2019\/06\/kampanjakuva-nuoret-kynttilan-aarella_A-P-Sinikoski.jpg\",\"contentUrl\":\"https:\/\/itameriprojekti.fi\/wp-content\/uploads\/2019\/06\/kampanjakuva-nuoret-kynttilan-aarella_A-P-Sinikoski.jpg\",\"width\":1000,\"height\":1000,\"caption\":\"Golden lion tamarin (Leontopithecus rosalia) young being nursed by mother. Critically endangered; from South America. Captive, the Netherlands.\"},{\"@type\":\"BreadcrumbList\",\"@id\":\"https:\/\/itameriprojekti.fi\/sv\/nyheter\/earth-hour-uppmuntrar-till-klimatatgarder\/#breadcrumb\",\"itemListElement\":[{\"@type\":\"ListItem\",\"position\":1,\"name\":\"Framsida\",\"item\":\"https:\/\/itameriprojekti.fi\/sv\/\"},{\"@type\":\"ListItem\",\"position\":2,\"name\":\"Earth Hour uppmuntrar till klimat\u00e5tg\u00e4rder\"}]},{\"@type\":\"WebSite\",\"@id\":\"https:\/\/itameriprojekti.fi\/sv\/#website\",\"url\":\"https:\/\/itameriprojekti.fi\/sv\/\",\"name\":\"\u00d6stersj\u00f6projektet\",\"description\":\"\u00c5landsbankenin It\u00e4meriprojekti parantaa It\u00e4meren tilaa\",\"potentialAction\":[{\"@type\":\"SearchAction\",\"target\":{\"@type\":\"EntryPoint\",\"urlTemplate\":\"https:\/\/itameriprojekti.fi\/sv\/?s={search_term_string}\"},\"query-input\":{\"@type\":\"PropertyValueSpecification\",\"valueRequired\":true,\"valueName\":\"search_term_string\"}}],\"inLanguage\":\"sv-SE\"},{\"@type\":\"Person\",\"@id\":\"https:\/\/itameriprojekti.fi\/sv\/#\/schema\/person\/93841f7a17884603aea545bef5bbbe2d\",\"name\":\"Sergei Markov\",\"sameAs\":[\"https:\/\/cron.fi\"]}]}<\/script>\n<!-- \/ Yoast SEO plugin. -->","yoast_head_json":{"title":"Earth Hour uppmuntrar till klimat\u00e5tg\u00e4rder - \u00d6stersj\u00f6projektet","robots":{"index":"index","follow":"follow","max-snippet":"max-snippet:-1","max-image-preview":"max-image-preview:large","max-video-preview":"max-video-preview:-1"},"canonical":"https:\/\/itameriprojekti.fi\/sv\/nyheter\/earth-hour-uppmuntrar-till-klimatatgarder\/","og_locale":"sv_SE","og_type":"article","og_title":"Earth Hour uppmuntrar till klimat\u00e5tg\u00e4rder - \u00d6stersj\u00f6projektet","og_description":"D\u00e5 WWFs Earth Hour firades f\u00f6r f\u00f6rsta g\u00e5ngen \u00e5r 2007 i Sydney, Australien, st\u00f6tte man relativt ofta p\u00e5 klimatskeptiker. Drygt [&hellip;]","og_url":"https:\/\/itameriprojekti.fi\/sv\/nyheter\/earth-hour-uppmuntrar-till-klimatatgarder\/","og_site_name":"\u00d6stersj\u00f6projektet","article_published_time":"2019-03-28T10:26:20+00:00","article_modified_time":"2023-12-27T11:56:53+00:00","og_image":[{"width":1000,"height":1000,"url":"https:\/\/itameriprojekti.fi\/wp-content\/uploads\/2019\/06\/kampanjakuva-nuoret-kynttilan-aarella_A-P-Sinikoski.jpg","type":"image\/jpeg"}],"author":"Sergei Markov","twitter_card":"summary_large_image","twitter_misc":{"Skriven av":"Sergei Markov","Ber\u00e4knad l\u00e4stid":"3 minuter"},"schema":{"@context":"https:\/\/schema.org","@graph":[{"@type":"Article","@id":"https:\/\/itameriprojekti.fi\/sv\/nyheter\/earth-hour-uppmuntrar-till-klimatatgarder\/#article","isPartOf":{"@id":"https:\/\/itameriprojekti.fi\/sv\/nyheter\/earth-hour-uppmuntrar-till-klimatatgarder\/"},"author":{"name":"Sergei Markov","@id":"https:\/\/itameriprojekti.fi\/sv\/#\/schema\/person\/93841f7a17884603aea545bef5bbbe2d"},"headline":"Earth Hour uppmuntrar till klimat\u00e5tg\u00e4rder","datePublished":"2019-03-28T10:26:20+00:00","dateModified":"2023-12-27T11:56:53+00:00","mainEntityOfPage":{"@id":"https:\/\/itameriprojekti.fi\/sv\/nyheter\/earth-hour-uppmuntrar-till-klimatatgarder\/"},"wordCount":602,"image":{"@id":"https:\/\/itameriprojekti.fi\/sv\/nyheter\/earth-hour-uppmuntrar-till-klimatatgarder\/#primaryimage"},"thumbnailUrl":"https:\/\/itameriprojekti.fi\/wp-content\/uploads\/2019\/06\/kampanjakuva-nuoret-kynttilan-aarella_A-P-Sinikoski.jpg","articleSection":["Nyheter"],"inLanguage":"sv-SE"},{"@type":"WebPage","@id":"https:\/\/itameriprojekti.fi\/sv\/nyheter\/earth-hour-uppmuntrar-till-klimatatgarder\/","url":"https:\/\/itameriprojekti.fi\/sv\/nyheter\/earth-hour-uppmuntrar-till-klimatatgarder\/","name":"Earth Hour uppmuntrar till klimat\u00e5tg\u00e4rder - \u00d6stersj\u00f6projektet","isPartOf":{"@id":"https:\/\/itameriprojekti.fi\/sv\/#website"},"primaryImageOfPage":{"@id":"https:\/\/itameriprojekti.fi\/sv\/nyheter\/earth-hour-uppmuntrar-till-klimatatgarder\/#primaryimage"},"image":{"@id":"https:\/\/itameriprojekti.fi\/sv\/nyheter\/earth-hour-uppmuntrar-till-klimatatgarder\/#primaryimage"},"thumbnailUrl":"https:\/\/itameriprojekti.fi\/wp-content\/uploads\/2019\/06\/kampanjakuva-nuoret-kynttilan-aarella_A-P-Sinikoski.jpg","datePublished":"2019-03-28T10:26:20+00:00","dateModified":"2023-12-27T11:56:53+00:00","author":{"@id":"https:\/\/itameriprojekti.fi\/sv\/#\/schema\/person\/93841f7a17884603aea545bef5bbbe2d"},"breadcrumb":{"@id":"https:\/\/itameriprojekti.fi\/sv\/nyheter\/earth-hour-uppmuntrar-till-klimatatgarder\/#breadcrumb"},"inLanguage":"sv-SE","potentialAction":[{"@type":"ReadAction","target":["https:\/\/itameriprojekti.fi\/sv\/nyheter\/earth-hour-uppmuntrar-till-klimatatgarder\/"]}]},{"@type":"ImageObject","inLanguage":"sv-SE","@id":"https:\/\/itameriprojekti.fi\/sv\/nyheter\/earth-hour-uppmuntrar-till-klimatatgarder\/#primaryimage","url":"https:\/\/itameriprojekti.fi\/wp-content\/uploads\/2019\/06\/kampanjakuva-nuoret-kynttilan-aarella_A-P-Sinikoski.jpg","contentUrl":"https:\/\/itameriprojekti.fi\/wp-content\/uploads\/2019\/06\/kampanjakuva-nuoret-kynttilan-aarella_A-P-Sinikoski.jpg","width":1000,"height":1000,"caption":"Golden lion tamarin (Leontopithecus rosalia) young being nursed by mother. Critically endangered; from South America. Captive, the Netherlands."},{"@type":"BreadcrumbList","@id":"https:\/\/itameriprojekti.fi\/sv\/nyheter\/earth-hour-uppmuntrar-till-klimatatgarder\/#breadcrumb","itemListElement":[{"@type":"ListItem","position":1,"name":"Framsida","item":"https:\/\/itameriprojekti.fi\/sv\/"},{"@type":"ListItem","position":2,"name":"Earth Hour uppmuntrar till klimat\u00e5tg\u00e4rder"}]},{"@type":"WebSite","@id":"https:\/\/itameriprojekti.fi\/sv\/#website","url":"https:\/\/itameriprojekti.fi\/sv\/","name":"\u00d6stersj\u00f6projektet","description":"\u00c5landsbankenin It\u00e4meriprojekti parantaa It\u00e4meren tilaa","potentialAction":[{"@type":"SearchAction","target":{"@type":"EntryPoint","urlTemplate":"https:\/\/itameriprojekti.fi\/sv\/?s={search_term_string}"},"query-input":{"@type":"PropertyValueSpecification","valueRequired":true,"valueName":"search_term_string"}}],"inLanguage":"sv-SE"},{"@type":"Person","@id":"https:\/\/itameriprojekti.fi\/sv\/#\/schema\/person\/93841f7a17884603aea545bef5bbbe2d","name":"Sergei Markov","sameAs":["https:\/\/cron.fi"]}]}},"_links":{"self":[{"href":"https:\/\/itameriprojekti.fi\/sv\/wp-json\/wp\/v2\/posts\/1335","targetHints":{"allow":["GET"]}}],"collection":[{"href":"https:\/\/itameriprojekti.fi\/sv\/wp-json\/wp\/v2\/posts"}],"about":[{"href":"https:\/\/itameriprojekti.fi\/sv\/wp-json\/wp\/v2\/types\/post"}],"author":[{"embeddable":true,"href":"https:\/\/itameriprojekti.fi\/sv\/wp-json\/wp\/v2\/users\/3"}],"replies":[{"embeddable":true,"href":"https:\/\/itameriprojekti.fi\/sv\/wp-json\/wp\/v2\/comments?post=1335"}],"version-history":[{"count":1,"href":"https:\/\/itameriprojekti.fi\/sv\/wp-json\/wp\/v2\/posts\/1335\/revisions"}],"predecessor-version":[{"id":1336,"href":"https:\/\/itameriprojekti.fi\/sv\/wp-json\/wp\/v2\/posts\/1335\/revisions\/1336"}],"wp:featuredmedia":[{"embeddable":true,"href":"https:\/\/itameriprojekti.fi\/sv\/wp-json\/wp\/v2\/media\/73"}],"wp:attachment":[{"href":"https:\/\/itameriprojekti.fi\/sv\/wp-json\/wp\/v2\/media?parent=1335"}],"wp:term":[{"taxonomy":"category","embeddable":true,"href":"https:\/\/itameriprojekti.fi\/sv\/wp-json\/wp\/v2\/categories?post=1335"},{"taxonomy":"post_tag","embeddable":true,"href":"https:\/\/itameriprojekti.fi\/sv\/wp-json\/wp\/v2\/tags?post=1335"}],"curies":[{"name":"wp","href":"https:\/\/api.w.org\/{rel}","templated":true}]}}