{"id":1344,"date":"2019-03-13T12:26:30","date_gmt":"2019-03-13T10:26:30","guid":{"rendered":"https:\/\/itameriprojekti.fi\/?p=1344"},"modified":"2023-12-27T13:58:11","modified_gmt":"2023-12-27T11:58:11","slug":"alandsbankens-ostersjoprojekt-finansierar-i-ar-projekt-som-framjar-ostersjons-tillstand-med-300-000-euro","status":"publish","type":"post","link":"https:\/\/itameriprojekti.fi\/sv\/nyheter\/alandsbankens-ostersjoprojekt-finansierar-i-ar-projekt-som-framjar-ostersjons-tillstand-med-300-000-euro\/","title":{"rendered":"\u00c5landsbankens \u00d6stersj\u00f6projekt finansierar i \u00e5r projekt som fr\u00e4mjar \u00d6stersj\u00f6ns tillst\u00e5nd med 300 000 euro"},"content":{"rendered":"<p>&nbsp;<\/p>\n<p>Det internationellt uppm\u00e4rksammade uppstartsf\u00f6retaget Solar Foods fr\u00e5n Esbo finansieras med 50 000 euro av \u00d6stersj\u00f6projektet. Enligt Solar Foods vd Pasi Vainikka kommer pengarna att investeras i planeringsarbetet f\u00f6r en ny fabrik som kommer att placeras i Finland.<\/p>\n<p>\u201dDet beh\u00f6vs en produktionsanl\u00e4ggning i Finland, men vi har \u00e4nnu inte haft n\u00e5got konkret att presentera. Tack vare finansieringen fr\u00e5n \u00d6stersj\u00f6projektet kan vi nu p\u00e5b\u00f6rja planeringsarbetet av en produktionsanl\u00e4ggning\u201d, s\u00e4ger Vainikka.<\/p>\n<p>Solar Foods aff\u00e4rsid\u00e9 \u00e4r som science fiction \u2013 att tillverka matprotein fr\u00e5n luften med hj\u00e4lp av bakterier och solenergi &#8211; har en enorm milj\u00f6potential. Om st\u00f6rsta delen av det protein som vi \u00e4ter skulle tillverkas genom att ta tillvara koldioxid fr\u00e5n luften, skulle vi kunna \u00e5terst\u00e4lla en del av den mark som vi nu anv\u00e4nder f\u00f6r jordbruk och boskapsuppf\u00f6dning till skogar och andra kols\u00e4nkor som befr\u00e4mjar den biologiska m\u00e5ngfalden. Samtidigt minskar vi n\u00e4ringsavrinningen fr\u00e5n jordbruket och problemen det leder till i vattendragen.<\/p>\n<p>Projektet Kolodlingsn\u00e4tverk \u2013 lindring av klimatf\u00f6r\u00e4ndringen med ekoodlare baserar sig \u00e4ven p\u00e5 utmaningarna i markanv\u00e4ndningen och str\u00e4var till att \u00f6ka kols\u00e4nkorna genom att utveckla odlingsmetoder. Man kan t.ex. se m\u00e5ngsidig v\u00e4xtf\u00f6ljd som inkluderar vallv\u00e4xter, l\u00e4ttare jordbearbetning och kontinuerlig vegetation p\u00e5 \u00e5krarna som odlingsmetoder som \u00e4r kolbindande. Dessa odlingsmetoder omdirigerar avrinningen av n\u00e4ring fr\u00e5n utsl\u00e4pp i vattendrag till kols\u00e4nkor. Tack vare \u00d6stersj\u00f6projektets finansiering kan F\u00f6rbundet f\u00f6r Ekologisk odling utbilda jordbruksmentorer f\u00f6r kolbindande odlingsmetoder inom sin f\u00f6rening.<\/p>\n<p>H\u00e5llbar markanv\u00e4ndning \u00e4r ocks\u00e5 temat f\u00f6r Button Program, som s\u00f6kt finansiering inom kategorin f\u00f6r digitala innovationer. Karttj\u00e4nsten som Button Program bygger p\u00e5 \u00e4r en \u00f6ppen tj\u00e4nst genom vilken allm\u00e4nheten kan st\u00f6dja mark\u00e4gare direkt. Syftet med den \u00f6ppna karttj\u00e4nsten \u00e4r att minska n\u00e4ringsutsl\u00e4ppen fr\u00e5n dikade torvmarker och v\u00e4xthusgaser i torvnedbrytningsprocessen genom att koppla ihop oss alla, privatpersoner och f\u00f6retag, med \u00e4gare till marker som kan f\u00f6rb\u00e4ttras i olika grad. Allm\u00e4nhetens bidrag \u00e4r att erbjuda ekonomisk hj\u00e4lp till mark\u00e4gare f\u00f6r milj\u00f6f\u00f6rb\u00e4ttrande \u00e5tg\u00e4rder.<\/p>\n<p>&#8221;Button Program har en sp\u00e4nnande digital l\u00f6sning f\u00f6r h\u00e5llbar marksk\u00f6tsel. Denna digitala karttj\u00e4nst kan underl\u00e4tta f\u00f6r mark\u00e4gare och f\u00f6retag att ha b\u00e4ttre \u00f6verblick p\u00e5 sina utsl\u00e4pp av v\u00e4xthusgaser. Jag tycker att det \u00e4r ett visuellt och innovativt s\u00e4tt att anv\u00e4nda \u00f6ppendata f\u00f6r att l\u00f6sa \u00d6stersj\u00f6ns utmaningar,&#8221; s\u00e4ger Skype-medgrundaren Niklas Zennstr\u00f6m, jurymedlem i \u00d6stersj\u00f6projektets kategori f\u00f6r digitala innovationer.<\/p>\n<p>Flera av \u00e5rets finansierade projekt tar itu med plastskr\u00e4p.<\/p>\n<p>Det svenska uppstartsf\u00f6retaget BagIt str\u00e4var till att ers\u00e4tta plastp\u00e5sar och utveckla en papperskasse som t\u00e5l b\u00e5de tyngd och v\u00e4ta. Papperskassen skall \u00e4ven l\u00e4mpa sig som sopp\u00e5se b\u00e4ttre \u00e4n traditionella papperskassar. \u201dV\u00e5ra kassar \u00e4r 100 % papper. Nyckeln i v\u00e5r l\u00f6sning ligger framf\u00f6r allt i p\u00e5sens design samt i papperskvalit\u00e9n som vi anv\u00e4nder\u201d, s\u00e4ger grundaren av BagIt Nora \u00d6stman.<\/p>\n<p>H\u00e5ll Sk\u00e4rg\u00e5rden ren rf:s kampanj Snygg Beach samt \u00c5lands Natur &amp; Milj\u00f6 rf:s st\u00e4dprojekt St\u00e4da \u00c5land svarar f\u00f6r att st\u00e4da str\u00e4nderna. I projektet St\u00e4da \u00c5land uppmuntrar man allm\u00e4nheten till talkoarbete f\u00f6r att st\u00e4da str\u00e4nderna och resultaten registreras i n\u00e4tportalen som nu utvecklas.<\/p>\n<p>\u201dTill st\u00e4ddagen som ordnas i maj f\u00f6rv\u00e4ntar vi oss hundratals deltagare, liksom vi hade i fjol, till att st\u00e4da st\u00e4nderna fr\u00e5n avfall. Den verkliga m\u00e5ls\u00e4ttningen \u00e4r att f\u00e5 med m\u00e4nniskorna p\u00e5 st\u00e4dtalko \u00e5ret om och f\u00e5 dem att rapportera till v\u00e5r projektsida skr\u00e4pet som de plockat fr\u00e5n naturen\u201d, s\u00e4ger Sofia Enholm fr\u00e5n St\u00e4da \u00c5land.<\/p>\n<p>\u00c5landsbankens \u00d6stersj\u00f6projekt finansierar i \u00e5r f\u00f6ljande projekt:<\/p>\n<p>\u00b7 Snygg Beach, H\u00e5ll Sk\u00e4rg\u00e5rden ren r.f., tre\u00e5rigt samarbete, 90 000 euro<\/p>\n<p>\u00b7 En karttj\u00e4nst f\u00f6r h\u00e5llbar markanv\u00e4ndning, Button Program r.f., 65 000 euro<\/p>\n<p>\u00b7 Solar Foods, 50 000 euro<\/p>\n<p>\u00b7 Kolodlingsn\u00e4tverk, F\u00f6rbundet f\u00f6r Ekologisk odling, 33 000 euro<\/p>\n<p>\u00b7 Varf\u00f6r skydda \u00d6stersj\u00f6n, Helsingfors Montessori-skola, 17 500 euro<\/p>\n<p>\u00b7 St\u00e4da \u00c5land &#8211; f\u00f6r en \u00f6 fri fr\u00e5n skr\u00e4p, \u00c5lands Natur &amp; Milj\u00f6 r.f., 10 000 euro<\/p>\n<p>\u00b7 BagIt, 9 500 euro<\/p>\n<p>\u00c5landsbanken har i \u00e5r \u00e4ven varit med och st\u00f6ttat \u00d6stersj\u00f6n genom milj\u00f6organisationen WWF Finland med 25 000 euro.<\/p>\n","protected":false},"excerpt":{"rendered":"<p>&nbsp; Det internationellt uppm\u00e4rksammade uppstartsf\u00f6retaget Solar Foods fr\u00e5n Esbo finansieras med 50 000 euro av \u00d6stersj\u00f6projektet. Enligt Solar Foods vd [&hellip;]<\/p>\n","protected":false},"author":3,"featured_media":75,"comment_status":"closed","ping_status":"open","sticky":false,"template":"","format":"standard","meta":{"footnotes":""},"categories":[66],"tags":[],"class_list":["post-1344","post","type-post","status-publish","format-standard","has-post-thumbnail","hentry","category-nyheter"],"yoast_head":"<!-- This site is optimized with the Yoast SEO plugin v27.0 - https:\/\/yoast.com\/product\/yoast-seo-wordpress\/ -->\n<title>\u00c5landsbankens \u00d6stersj\u00f6projekt finansierar i \u00e5r projekt som fr\u00e4mjar \u00d6stersj\u00f6ns tillst\u00e5nd med 300 000 euro - \u00d6stersj\u00f6projektet<\/title>\n<meta name=\"robots\" content=\"index, follow, max-snippet:-1, max-image-preview:large, max-video-preview:-1\" \/>\n<link rel=\"canonical\" href=\"https:\/\/itameriprojekti.fi\/sv\/nyheter\/alandsbankens-ostersjoprojekt-finansierar-i-ar-projekt-som-framjar-ostersjons-tillstand-med-300-000-euro\/\" \/>\n<meta property=\"og:locale\" content=\"sv_SE\" \/>\n<meta property=\"og:type\" content=\"article\" \/>\n<meta property=\"og:title\" content=\"\u00c5landsbankens \u00d6stersj\u00f6projekt finansierar i \u00e5r projekt som fr\u00e4mjar \u00d6stersj\u00f6ns tillst\u00e5nd med 300 000 euro - \u00d6stersj\u00f6projektet\" \/>\n<meta property=\"og:description\" content=\"&nbsp; Det internationellt uppm\u00e4rksammade uppstartsf\u00f6retaget Solar Foods fr\u00e5n Esbo finansieras med 50 000 euro av \u00d6stersj\u00f6projektet. Enligt Solar Foods vd [&hellip;]\" \/>\n<meta property=\"og:url\" content=\"https:\/\/itameriprojekti.fi\/sv\/nyheter\/alandsbankens-ostersjoprojekt-finansierar-i-ar-projekt-som-framjar-ostersjons-tillstand-med-300-000-euro\/\" \/>\n<meta property=\"og:site_name\" content=\"\u00d6stersj\u00f6projektet\" \/>\n<meta property=\"article:published_time\" content=\"2019-03-13T10:26:30+00:00\" \/>\n<meta property=\"article:modified_time\" content=\"2023-12-27T11:58:11+00:00\" \/>\n<meta property=\"og:image\" content=\"https:\/\/itameriprojekti.fi\/wp-content\/uploads\/2019\/05\/Solar-Foods.jpg\" \/>\n\t<meta property=\"og:image:width\" content=\"2500\" \/>\n\t<meta property=\"og:image:height\" content=\"1227\" \/>\n\t<meta property=\"og:image:type\" content=\"image\/jpeg\" \/>\n<meta name=\"author\" content=\"Sergei Markov\" \/>\n<meta name=\"twitter:card\" content=\"summary_large_image\" \/>\n<meta name=\"twitter:label1\" content=\"Skriven av\" \/>\n\t<meta name=\"twitter:data1\" content=\"Sergei Markov\" \/>\n\t<meta name=\"twitter:label2\" content=\"Ber\u00e4knad l\u00e4stid\" \/>\n\t<meta name=\"twitter:data2\" content=\"4 minuter\" \/>\n<script type=\"application\/ld+json\" class=\"yoast-schema-graph\">{\"@context\":\"https:\/\/schema.org\",\"@graph\":[{\"@type\":\"Article\",\"@id\":\"https:\/\/itameriprojekti.fi\/sv\/nyheter\/alandsbankens-ostersjoprojekt-finansierar-i-ar-projekt-som-framjar-ostersjons-tillstand-med-300-000-euro\/#article\",\"isPartOf\":{\"@id\":\"https:\/\/itameriprojekti.fi\/sv\/nyheter\/alandsbankens-ostersjoprojekt-finansierar-i-ar-projekt-som-framjar-ostersjons-tillstand-med-300-000-euro\/\"},\"author\":{\"name\":\"Sergei Markov\",\"@id\":\"https:\/\/itameriprojekti.fi\/sv\/#\/schema\/person\/93841f7a17884603aea545bef5bbbe2d\"},\"headline\":\"\u00c5landsbankens \u00d6stersj\u00f6projekt finansierar i \u00e5r projekt som fr\u00e4mjar \u00d6stersj\u00f6ns tillst\u00e5nd med 300 000 euro\",\"datePublished\":\"2019-03-13T10:26:30+00:00\",\"dateModified\":\"2023-12-27T11:58:11+00:00\",\"mainEntityOfPage\":{\"@id\":\"https:\/\/itameriprojekti.fi\/sv\/nyheter\/alandsbankens-ostersjoprojekt-finansierar-i-ar-projekt-som-framjar-ostersjons-tillstand-med-300-000-euro\/\"},\"wordCount\":782,\"image\":{\"@id\":\"https:\/\/itameriprojekti.fi\/sv\/nyheter\/alandsbankens-ostersjoprojekt-finansierar-i-ar-projekt-som-framjar-ostersjons-tillstand-med-300-000-euro\/#primaryimage\"},\"thumbnailUrl\":\"https:\/\/itameriprojekti.fi\/wp-content\/uploads\/2019\/05\/Solar-Foods.jpg\",\"articleSection\":[\"Nyheter\"],\"inLanguage\":\"sv-SE\"},{\"@type\":\"WebPage\",\"@id\":\"https:\/\/itameriprojekti.fi\/sv\/nyheter\/alandsbankens-ostersjoprojekt-finansierar-i-ar-projekt-som-framjar-ostersjons-tillstand-med-300-000-euro\/\",\"url\":\"https:\/\/itameriprojekti.fi\/sv\/nyheter\/alandsbankens-ostersjoprojekt-finansierar-i-ar-projekt-som-framjar-ostersjons-tillstand-med-300-000-euro\/\",\"name\":\"\u00c5landsbankens \u00d6stersj\u00f6projekt finansierar i \u00e5r projekt som fr\u00e4mjar \u00d6stersj\u00f6ns tillst\u00e5nd med 300 000 euro - \u00d6stersj\u00f6projektet\",\"isPartOf\":{\"@id\":\"https:\/\/itameriprojekti.fi\/sv\/#website\"},\"primaryImageOfPage\":{\"@id\":\"https:\/\/itameriprojekti.fi\/sv\/nyheter\/alandsbankens-ostersjoprojekt-finansierar-i-ar-projekt-som-framjar-ostersjons-tillstand-med-300-000-euro\/#primaryimage\"},\"image\":{\"@id\":\"https:\/\/itameriprojekti.fi\/sv\/nyheter\/alandsbankens-ostersjoprojekt-finansierar-i-ar-projekt-som-framjar-ostersjons-tillstand-med-300-000-euro\/#primaryimage\"},\"thumbnailUrl\":\"https:\/\/itameriprojekti.fi\/wp-content\/uploads\/2019\/05\/Solar-Foods.jpg\",\"datePublished\":\"2019-03-13T10:26:30+00:00\",\"dateModified\":\"2023-12-27T11:58:11+00:00\",\"author\":{\"@id\":\"https:\/\/itameriprojekti.fi\/sv\/#\/schema\/person\/93841f7a17884603aea545bef5bbbe2d\"},\"breadcrumb\":{\"@id\":\"https:\/\/itameriprojekti.fi\/sv\/nyheter\/alandsbankens-ostersjoprojekt-finansierar-i-ar-projekt-som-framjar-ostersjons-tillstand-med-300-000-euro\/#breadcrumb\"},\"inLanguage\":\"sv-SE\",\"potentialAction\":[{\"@type\":\"ReadAction\",\"target\":[\"https:\/\/itameriprojekti.fi\/sv\/nyheter\/alandsbankens-ostersjoprojekt-finansierar-i-ar-projekt-som-framjar-ostersjons-tillstand-med-300-000-euro\/\"]}]},{\"@type\":\"ImageObject\",\"inLanguage\":\"sv-SE\",\"@id\":\"https:\/\/itameriprojekti.fi\/sv\/nyheter\/alandsbankens-ostersjoprojekt-finansierar-i-ar-projekt-som-framjar-ostersjons-tillstand-med-300-000-euro\/#primaryimage\",\"url\":\"https:\/\/itameriprojekti.fi\/wp-content\/uploads\/2019\/05\/Solar-Foods.jpg\",\"contentUrl\":\"https:\/\/itameriprojekti.fi\/wp-content\/uploads\/2019\/05\/Solar-Foods.jpg\",\"width\":2500,\"height\":1227},{\"@type\":\"BreadcrumbList\",\"@id\":\"https:\/\/itameriprojekti.fi\/sv\/nyheter\/alandsbankens-ostersjoprojekt-finansierar-i-ar-projekt-som-framjar-ostersjons-tillstand-med-300-000-euro\/#breadcrumb\",\"itemListElement\":[{\"@type\":\"ListItem\",\"position\":1,\"name\":\"Framsida\",\"item\":\"https:\/\/itameriprojekti.fi\/sv\/\"},{\"@type\":\"ListItem\",\"position\":2,\"name\":\"\u00c5landsbankens \u00d6stersj\u00f6projekt finansierar i \u00e5r projekt som fr\u00e4mjar \u00d6stersj\u00f6ns tillst\u00e5nd med 300 000 euro\"}]},{\"@type\":\"WebSite\",\"@id\":\"https:\/\/itameriprojekti.fi\/sv\/#website\",\"url\":\"https:\/\/itameriprojekti.fi\/sv\/\",\"name\":\"\u00d6stersj\u00f6projektet\",\"description\":\"\u00c5landsbankenin It\u00e4meriprojekti parantaa It\u00e4meren tilaa\",\"potentialAction\":[{\"@type\":\"SearchAction\",\"target\":{\"@type\":\"EntryPoint\",\"urlTemplate\":\"https:\/\/itameriprojekti.fi\/sv\/?s={search_term_string}\"},\"query-input\":{\"@type\":\"PropertyValueSpecification\",\"valueRequired\":true,\"valueName\":\"search_term_string\"}}],\"inLanguage\":\"sv-SE\"},{\"@type\":\"Person\",\"@id\":\"https:\/\/itameriprojekti.fi\/sv\/#\/schema\/person\/93841f7a17884603aea545bef5bbbe2d\",\"name\":\"Sergei Markov\",\"sameAs\":[\"https:\/\/cron.fi\"]}]}<\/script>\n<!-- \/ Yoast SEO plugin. -->","yoast_head_json":{"title":"\u00c5landsbankens \u00d6stersj\u00f6projekt finansierar i \u00e5r projekt som fr\u00e4mjar \u00d6stersj\u00f6ns tillst\u00e5nd med 300 000 euro - \u00d6stersj\u00f6projektet","robots":{"index":"index","follow":"follow","max-snippet":"max-snippet:-1","max-image-preview":"max-image-preview:large","max-video-preview":"max-video-preview:-1"},"canonical":"https:\/\/itameriprojekti.fi\/sv\/nyheter\/alandsbankens-ostersjoprojekt-finansierar-i-ar-projekt-som-framjar-ostersjons-tillstand-med-300-000-euro\/","og_locale":"sv_SE","og_type":"article","og_title":"\u00c5landsbankens \u00d6stersj\u00f6projekt finansierar i \u00e5r projekt som fr\u00e4mjar \u00d6stersj\u00f6ns tillst\u00e5nd med 300 000 euro - \u00d6stersj\u00f6projektet","og_description":"&nbsp; Det internationellt uppm\u00e4rksammade uppstartsf\u00f6retaget Solar Foods fr\u00e5n Esbo finansieras med 50 000 euro av \u00d6stersj\u00f6projektet. Enligt Solar Foods vd [&hellip;]","og_url":"https:\/\/itameriprojekti.fi\/sv\/nyheter\/alandsbankens-ostersjoprojekt-finansierar-i-ar-projekt-som-framjar-ostersjons-tillstand-med-300-000-euro\/","og_site_name":"\u00d6stersj\u00f6projektet","article_published_time":"2019-03-13T10:26:30+00:00","article_modified_time":"2023-12-27T11:58:11+00:00","og_image":[{"width":2500,"height":1227,"url":"https:\/\/itameriprojekti.fi\/wp-content\/uploads\/2019\/05\/Solar-Foods.jpg","type":"image\/jpeg"}],"author":"Sergei Markov","twitter_card":"summary_large_image","twitter_misc":{"Skriven av":"Sergei Markov","Ber\u00e4knad l\u00e4stid":"4 minuter"},"schema":{"@context":"https:\/\/schema.org","@graph":[{"@type":"Article","@id":"https:\/\/itameriprojekti.fi\/sv\/nyheter\/alandsbankens-ostersjoprojekt-finansierar-i-ar-projekt-som-framjar-ostersjons-tillstand-med-300-000-euro\/#article","isPartOf":{"@id":"https:\/\/itameriprojekti.fi\/sv\/nyheter\/alandsbankens-ostersjoprojekt-finansierar-i-ar-projekt-som-framjar-ostersjons-tillstand-med-300-000-euro\/"},"author":{"name":"Sergei Markov","@id":"https:\/\/itameriprojekti.fi\/sv\/#\/schema\/person\/93841f7a17884603aea545bef5bbbe2d"},"headline":"\u00c5landsbankens \u00d6stersj\u00f6projekt finansierar i \u00e5r projekt som fr\u00e4mjar \u00d6stersj\u00f6ns tillst\u00e5nd med 300 000 euro","datePublished":"2019-03-13T10:26:30+00:00","dateModified":"2023-12-27T11:58:11+00:00","mainEntityOfPage":{"@id":"https:\/\/itameriprojekti.fi\/sv\/nyheter\/alandsbankens-ostersjoprojekt-finansierar-i-ar-projekt-som-framjar-ostersjons-tillstand-med-300-000-euro\/"},"wordCount":782,"image":{"@id":"https:\/\/itameriprojekti.fi\/sv\/nyheter\/alandsbankens-ostersjoprojekt-finansierar-i-ar-projekt-som-framjar-ostersjons-tillstand-med-300-000-euro\/#primaryimage"},"thumbnailUrl":"https:\/\/itameriprojekti.fi\/wp-content\/uploads\/2019\/05\/Solar-Foods.jpg","articleSection":["Nyheter"],"inLanguage":"sv-SE"},{"@type":"WebPage","@id":"https:\/\/itameriprojekti.fi\/sv\/nyheter\/alandsbankens-ostersjoprojekt-finansierar-i-ar-projekt-som-framjar-ostersjons-tillstand-med-300-000-euro\/","url":"https:\/\/itameriprojekti.fi\/sv\/nyheter\/alandsbankens-ostersjoprojekt-finansierar-i-ar-projekt-som-framjar-ostersjons-tillstand-med-300-000-euro\/","name":"\u00c5landsbankens \u00d6stersj\u00f6projekt finansierar i \u00e5r projekt som fr\u00e4mjar \u00d6stersj\u00f6ns tillst\u00e5nd med 300 000 euro - \u00d6stersj\u00f6projektet","isPartOf":{"@id":"https:\/\/itameriprojekti.fi\/sv\/#website"},"primaryImageOfPage":{"@id":"https:\/\/itameriprojekti.fi\/sv\/nyheter\/alandsbankens-ostersjoprojekt-finansierar-i-ar-projekt-som-framjar-ostersjons-tillstand-med-300-000-euro\/#primaryimage"},"image":{"@id":"https:\/\/itameriprojekti.fi\/sv\/nyheter\/alandsbankens-ostersjoprojekt-finansierar-i-ar-projekt-som-framjar-ostersjons-tillstand-med-300-000-euro\/#primaryimage"},"thumbnailUrl":"https:\/\/itameriprojekti.fi\/wp-content\/uploads\/2019\/05\/Solar-Foods.jpg","datePublished":"2019-03-13T10:26:30+00:00","dateModified":"2023-12-27T11:58:11+00:00","author":{"@id":"https:\/\/itameriprojekti.fi\/sv\/#\/schema\/person\/93841f7a17884603aea545bef5bbbe2d"},"breadcrumb":{"@id":"https:\/\/itameriprojekti.fi\/sv\/nyheter\/alandsbankens-ostersjoprojekt-finansierar-i-ar-projekt-som-framjar-ostersjons-tillstand-med-300-000-euro\/#breadcrumb"},"inLanguage":"sv-SE","potentialAction":[{"@type":"ReadAction","target":["https:\/\/itameriprojekti.fi\/sv\/nyheter\/alandsbankens-ostersjoprojekt-finansierar-i-ar-projekt-som-framjar-ostersjons-tillstand-med-300-000-euro\/"]}]},{"@type":"ImageObject","inLanguage":"sv-SE","@id":"https:\/\/itameriprojekti.fi\/sv\/nyheter\/alandsbankens-ostersjoprojekt-finansierar-i-ar-projekt-som-framjar-ostersjons-tillstand-med-300-000-euro\/#primaryimage","url":"https:\/\/itameriprojekti.fi\/wp-content\/uploads\/2019\/05\/Solar-Foods.jpg","contentUrl":"https:\/\/itameriprojekti.fi\/wp-content\/uploads\/2019\/05\/Solar-Foods.jpg","width":2500,"height":1227},{"@type":"BreadcrumbList","@id":"https:\/\/itameriprojekti.fi\/sv\/nyheter\/alandsbankens-ostersjoprojekt-finansierar-i-ar-projekt-som-framjar-ostersjons-tillstand-med-300-000-euro\/#breadcrumb","itemListElement":[{"@type":"ListItem","position":1,"name":"Framsida","item":"https:\/\/itameriprojekti.fi\/sv\/"},{"@type":"ListItem","position":2,"name":"\u00c5landsbankens \u00d6stersj\u00f6projekt finansierar i \u00e5r projekt som fr\u00e4mjar \u00d6stersj\u00f6ns tillst\u00e5nd med 300 000 euro"}]},{"@type":"WebSite","@id":"https:\/\/itameriprojekti.fi\/sv\/#website","url":"https:\/\/itameriprojekti.fi\/sv\/","name":"\u00d6stersj\u00f6projektet","description":"\u00c5landsbankenin It\u00e4meriprojekti parantaa It\u00e4meren tilaa","potentialAction":[{"@type":"SearchAction","target":{"@type":"EntryPoint","urlTemplate":"https:\/\/itameriprojekti.fi\/sv\/?s={search_term_string}"},"query-input":{"@type":"PropertyValueSpecification","valueRequired":true,"valueName":"search_term_string"}}],"inLanguage":"sv-SE"},{"@type":"Person","@id":"https:\/\/itameriprojekti.fi\/sv\/#\/schema\/person\/93841f7a17884603aea545bef5bbbe2d","name":"Sergei Markov","sameAs":["https:\/\/cron.fi"]}]}},"_links":{"self":[{"href":"https:\/\/itameriprojekti.fi\/sv\/wp-json\/wp\/v2\/posts\/1344","targetHints":{"allow":["GET"]}}],"collection":[{"href":"https:\/\/itameriprojekti.fi\/sv\/wp-json\/wp\/v2\/posts"}],"about":[{"href":"https:\/\/itameriprojekti.fi\/sv\/wp-json\/wp\/v2\/types\/post"}],"author":[{"embeddable":true,"href":"https:\/\/itameriprojekti.fi\/sv\/wp-json\/wp\/v2\/users\/3"}],"replies":[{"embeddable":true,"href":"https:\/\/itameriprojekti.fi\/sv\/wp-json\/wp\/v2\/comments?post=1344"}],"version-history":[{"count":1,"href":"https:\/\/itameriprojekti.fi\/sv\/wp-json\/wp\/v2\/posts\/1344\/revisions"}],"predecessor-version":[{"id":1345,"href":"https:\/\/itameriprojekti.fi\/sv\/wp-json\/wp\/v2\/posts\/1344\/revisions\/1345"}],"wp:featuredmedia":[{"embeddable":true,"href":"https:\/\/itameriprojekti.fi\/sv\/wp-json\/wp\/v2\/media\/75"}],"wp:attachment":[{"href":"https:\/\/itameriprojekti.fi\/sv\/wp-json\/wp\/v2\/media?parent=1344"}],"wp:term":[{"taxonomy":"category","embeddable":true,"href":"https:\/\/itameriprojekti.fi\/sv\/wp-json\/wp\/v2\/categories?post=1344"},{"taxonomy":"post_tag","embeddable":true,"href":"https:\/\/itameriprojekti.fi\/sv\/wp-json\/wp\/v2\/tags?post=1344"}],"curies":[{"name":"wp","href":"https:\/\/api.w.org\/{rel}","templated":true}]}}