{"id":1348,"date":"2018-12-19T12:26:39","date_gmt":"2018-12-19T10:26:39","guid":{"rendered":"https:\/\/itameriprojekti.fi\/?p=1348"},"modified":"2023-12-27T14:01:40","modified_gmt":"2023-12-27T12:01:40","slug":"var-med-och-paverka-ostersjons-framtid","status":"publish","type":"post","link":"https:\/\/itameriprojekti.fi\/sv\/nyheter\/var-med-och-paverka-ostersjons-framtid\/","title":{"rendered":"Var med och p\u00e5verka \u00d6stersj\u00f6ns framtid!"},"content":{"rendered":"<p>\u00d6stersj\u00f6projektet mottog i \u00e5r sammanlagt 128 ans\u00f6kningar om finansiering f\u00f6r projekt, vars m\u00e5l \u00e4r att f\u00f6rb\u00e4ttra \u00d6stersj\u00f6ns tillst\u00e5nd. Projekt relaterade till minskning av plastavfall var starkt representerade i \u00e5r, men vid sidan om plast f\u00f6rekom ocks\u00e5 andra viktiga teman allt ifr\u00e5n att st\u00e4vja koldioxidutsl\u00e4pp till att minska matsvinnet. Bland ans\u00f6kningarna har juryn valt ut 11 projekt till publikomr\u00f6stningen.<\/p>\n<p>&#8211; Vi fick m\u00e5nga bra ans\u00f6kningar i \u00e5r och det var gl\u00e4djande att se hur m\u00e5nga olika id\u00e9er f\u00f6r att f\u00f6rb\u00e4ttra l\u00e4get i \u00d6stersj\u00f6n som presenteras i projekten, konstaterar Anne-Maria Salonius, direkt\u00f6r f\u00f6r aff\u00e4rsomr\u00e5det Finland p\u00e5 \u00c5landsbanken och ordf\u00f6rande f\u00f6r \u00d6stersj\u00f6projektets jury.<\/p>\n<p>Vilken \u00e4r din favorit?<\/p>\n<p>Genom att r\u00f6sta p\u00e5 din favorit kan du konkret p\u00e5verka vilket projekt som f\u00e5r finansiering och d\u00e4rtill har du chans att vinna 500 \u20ac p\u00e5 \u00d6stersj\u00f6kontot.<\/p>\n<p>Bekanta dig med finalisterna och r\u00f6sta p\u00e5 din favorit senast 28.12.2018 p\u00e5 adressen http:\/\/www.balticseaproject.org\/projekt-2018<\/p>\n","protected":false},"excerpt":{"rendered":"<p>\u00d6stersj\u00f6projektet mottog i \u00e5r sammanlagt 128 ans\u00f6kningar om finansiering f\u00f6r projekt, vars m\u00e5l \u00e4r att f\u00f6rb\u00e4ttra \u00d6stersj\u00f6ns tillst\u00e5nd. Projekt relaterade [&hellip;]<\/p>\n","protected":false},"author":3,"featured_media":77,"comment_status":"closed","ping_status":"open","sticky":false,"template":"","format":"standard","meta":{"footnotes":""},"categories":[66],"tags":[],"class_list":["post-1348","post","type-post","status-publish","format-standard","has-post-thumbnail","hentry","category-nyheter"],"yoast_head":"<!-- This site is optimized with the Yoast SEO plugin v27.0 - https:\/\/yoast.com\/product\/yoast-seo-wordpress\/ -->\n<title>Var med och p\u00e5verka \u00d6stersj\u00f6ns framtid! - \u00d6stersj\u00f6projektet<\/title>\n<meta name=\"robots\" content=\"index, follow, max-snippet:-1, max-image-preview:large, max-video-preview:-1\" \/>\n<link rel=\"canonical\" href=\"https:\/\/itameriprojekti.fi\/sv\/nyheter\/var-med-och-paverka-ostersjons-framtid\/\" \/>\n<meta property=\"og:locale\" content=\"sv_SE\" \/>\n<meta property=\"og:type\" content=\"article\" \/>\n<meta property=\"og:title\" content=\"Var med och p\u00e5verka \u00d6stersj\u00f6ns framtid! - \u00d6stersj\u00f6projektet\" \/>\n<meta property=\"og:description\" content=\"\u00d6stersj\u00f6projektet mottog i \u00e5r sammanlagt 128 ans\u00f6kningar om finansiering f\u00f6r projekt, vars m\u00e5l \u00e4r att f\u00f6rb\u00e4ttra \u00d6stersj\u00f6ns tillst\u00e5nd. Projekt relaterade [&hellip;]\" \/>\n<meta property=\"og:url\" content=\"https:\/\/itameriprojekti.fi\/sv\/nyheter\/var-med-och-paverka-ostersjons-framtid\/\" \/>\n<meta property=\"og:site_name\" content=\"\u00d6stersj\u00f6projektet\" \/>\n<meta property=\"article:published_time\" content=\"2018-12-19T10:26:39+00:00\" \/>\n<meta property=\"article:modified_time\" content=\"2023-12-27T12:01:40+00:00\" \/>\n<meta property=\"og:image\" content=\"https:\/\/itameriprojekti.fi\/wp-content\/uploads\/2018\/12\/meri_3-1024x576.png\" \/>\n\t<meta property=\"og:image:width\" content=\"1024\" \/>\n\t<meta property=\"og:image:height\" content=\"576\" \/>\n\t<meta property=\"og:image:type\" content=\"image\/png\" \/>\n<meta name=\"author\" content=\"Sergei Markov\" \/>\n<meta name=\"twitter:card\" content=\"summary_large_image\" \/>\n<meta name=\"twitter:label1\" content=\"Skriven av\" \/>\n\t<meta name=\"twitter:data1\" content=\"Sergei Markov\" \/>\n\t<meta name=\"twitter:label2\" content=\"Ber\u00e4knad l\u00e4stid\" \/>\n\t<meta name=\"twitter:data2\" content=\"1 minut\" \/>\n<script type=\"application\/ld+json\" class=\"yoast-schema-graph\">{\"@context\":\"https:\/\/schema.org\",\"@graph\":[{\"@type\":\"Article\",\"@id\":\"https:\/\/itameriprojekti.fi\/sv\/nyheter\/var-med-och-paverka-ostersjons-framtid\/#article\",\"isPartOf\":{\"@id\":\"https:\/\/itameriprojekti.fi\/sv\/nyheter\/var-med-och-paverka-ostersjons-framtid\/\"},\"author\":{\"name\":\"Sergei Markov\",\"@id\":\"https:\/\/itameriprojekti.fi\/sv\/#\/schema\/person\/93841f7a17884603aea545bef5bbbe2d\"},\"headline\":\"Var med och p\u00e5verka \u00d6stersj\u00f6ns framtid!\",\"datePublished\":\"2018-12-19T10:26:39+00:00\",\"dateModified\":\"2023-12-27T12:01:40+00:00\",\"mainEntityOfPage\":{\"@id\":\"https:\/\/itameriprojekti.fi\/sv\/nyheter\/var-med-och-paverka-ostersjons-framtid\/\"},\"wordCount\":188,\"image\":{\"@id\":\"https:\/\/itameriprojekti.fi\/sv\/nyheter\/var-med-och-paverka-ostersjons-framtid\/#primaryimage\"},\"thumbnailUrl\":\"https:\/\/itameriprojekti.fi\/wp-content\/uploads\/2018\/12\/meri_3.png\",\"articleSection\":[\"Nyheter\"],\"inLanguage\":\"sv-SE\"},{\"@type\":\"WebPage\",\"@id\":\"https:\/\/itameriprojekti.fi\/sv\/nyheter\/var-med-och-paverka-ostersjons-framtid\/\",\"url\":\"https:\/\/itameriprojekti.fi\/sv\/nyheter\/var-med-och-paverka-ostersjons-framtid\/\",\"name\":\"Var med och p\u00e5verka \u00d6stersj\u00f6ns framtid! - \u00d6stersj\u00f6projektet\",\"isPartOf\":{\"@id\":\"https:\/\/itameriprojekti.fi\/sv\/#website\"},\"primaryImageOfPage\":{\"@id\":\"https:\/\/itameriprojekti.fi\/sv\/nyheter\/var-med-och-paverka-ostersjons-framtid\/#primaryimage\"},\"image\":{\"@id\":\"https:\/\/itameriprojekti.fi\/sv\/nyheter\/var-med-och-paverka-ostersjons-framtid\/#primaryimage\"},\"thumbnailUrl\":\"https:\/\/itameriprojekti.fi\/wp-content\/uploads\/2018\/12\/meri_3.png\",\"datePublished\":\"2018-12-19T10:26:39+00:00\",\"dateModified\":\"2023-12-27T12:01:40+00:00\",\"author\":{\"@id\":\"https:\/\/itameriprojekti.fi\/sv\/#\/schema\/person\/93841f7a17884603aea545bef5bbbe2d\"},\"breadcrumb\":{\"@id\":\"https:\/\/itameriprojekti.fi\/sv\/nyheter\/var-med-och-paverka-ostersjons-framtid\/#breadcrumb\"},\"inLanguage\":\"sv-SE\",\"potentialAction\":[{\"@type\":\"ReadAction\",\"target\":[\"https:\/\/itameriprojekti.fi\/sv\/nyheter\/var-med-och-paverka-ostersjons-framtid\/\"]}]},{\"@type\":\"ImageObject\",\"inLanguage\":\"sv-SE\",\"@id\":\"https:\/\/itameriprojekti.fi\/sv\/nyheter\/var-med-och-paverka-ostersjons-framtid\/#primaryimage\",\"url\":\"https:\/\/itameriprojekti.fi\/wp-content\/uploads\/2018\/12\/meri_3.png\",\"contentUrl\":\"https:\/\/itameriprojekti.fi\/wp-content\/uploads\/2018\/12\/meri_3.png\",\"width\":1920,\"height\":1080},{\"@type\":\"BreadcrumbList\",\"@id\":\"https:\/\/itameriprojekti.fi\/sv\/nyheter\/var-med-och-paverka-ostersjons-framtid\/#breadcrumb\",\"itemListElement\":[{\"@type\":\"ListItem\",\"position\":1,\"name\":\"Framsida\",\"item\":\"https:\/\/itameriprojekti.fi\/sv\/\"},{\"@type\":\"ListItem\",\"position\":2,\"name\":\"Var med och p\u00e5verka \u00d6stersj\u00f6ns framtid!\"}]},{\"@type\":\"WebSite\",\"@id\":\"https:\/\/itameriprojekti.fi\/sv\/#website\",\"url\":\"https:\/\/itameriprojekti.fi\/sv\/\",\"name\":\"\u00d6stersj\u00f6projektet\",\"description\":\"\u00c5landsbankenin It\u00e4meriprojekti parantaa It\u00e4meren tilaa\",\"potentialAction\":[{\"@type\":\"SearchAction\",\"target\":{\"@type\":\"EntryPoint\",\"urlTemplate\":\"https:\/\/itameriprojekti.fi\/sv\/?s={search_term_string}\"},\"query-input\":{\"@type\":\"PropertyValueSpecification\",\"valueRequired\":true,\"valueName\":\"search_term_string\"}}],\"inLanguage\":\"sv-SE\"},{\"@type\":\"Person\",\"@id\":\"https:\/\/itameriprojekti.fi\/sv\/#\/schema\/person\/93841f7a17884603aea545bef5bbbe2d\",\"name\":\"Sergei Markov\",\"sameAs\":[\"https:\/\/cron.fi\"]}]}<\/script>\n<!-- \/ Yoast SEO plugin. -->","yoast_head_json":{"title":"Var med och p\u00e5verka \u00d6stersj\u00f6ns framtid! - \u00d6stersj\u00f6projektet","robots":{"index":"index","follow":"follow","max-snippet":"max-snippet:-1","max-image-preview":"max-image-preview:large","max-video-preview":"max-video-preview:-1"},"canonical":"https:\/\/itameriprojekti.fi\/sv\/nyheter\/var-med-och-paverka-ostersjons-framtid\/","og_locale":"sv_SE","og_type":"article","og_title":"Var med och p\u00e5verka \u00d6stersj\u00f6ns framtid! - \u00d6stersj\u00f6projektet","og_description":"\u00d6stersj\u00f6projektet mottog i \u00e5r sammanlagt 128 ans\u00f6kningar om finansiering f\u00f6r projekt, vars m\u00e5l \u00e4r att f\u00f6rb\u00e4ttra \u00d6stersj\u00f6ns tillst\u00e5nd. Projekt relaterade [&hellip;]","og_url":"https:\/\/itameriprojekti.fi\/sv\/nyheter\/var-med-och-paverka-ostersjons-framtid\/","og_site_name":"\u00d6stersj\u00f6projektet","article_published_time":"2018-12-19T10:26:39+00:00","article_modified_time":"2023-12-27T12:01:40+00:00","og_image":[{"width":1024,"height":576,"url":"https:\/\/itameriprojekti.fi\/wp-content\/uploads\/2018\/12\/meri_3-1024x576.png","type":"image\/png"}],"author":"Sergei Markov","twitter_card":"summary_large_image","twitter_misc":{"Skriven av":"Sergei Markov","Ber\u00e4knad l\u00e4stid":"1 minut"},"schema":{"@context":"https:\/\/schema.org","@graph":[{"@type":"Article","@id":"https:\/\/itameriprojekti.fi\/sv\/nyheter\/var-med-och-paverka-ostersjons-framtid\/#article","isPartOf":{"@id":"https:\/\/itameriprojekti.fi\/sv\/nyheter\/var-med-och-paverka-ostersjons-framtid\/"},"author":{"name":"Sergei Markov","@id":"https:\/\/itameriprojekti.fi\/sv\/#\/schema\/person\/93841f7a17884603aea545bef5bbbe2d"},"headline":"Var med och p\u00e5verka \u00d6stersj\u00f6ns framtid!","datePublished":"2018-12-19T10:26:39+00:00","dateModified":"2023-12-27T12:01:40+00:00","mainEntityOfPage":{"@id":"https:\/\/itameriprojekti.fi\/sv\/nyheter\/var-med-och-paverka-ostersjons-framtid\/"},"wordCount":188,"image":{"@id":"https:\/\/itameriprojekti.fi\/sv\/nyheter\/var-med-och-paverka-ostersjons-framtid\/#primaryimage"},"thumbnailUrl":"https:\/\/itameriprojekti.fi\/wp-content\/uploads\/2018\/12\/meri_3.png","articleSection":["Nyheter"],"inLanguage":"sv-SE"},{"@type":"WebPage","@id":"https:\/\/itameriprojekti.fi\/sv\/nyheter\/var-med-och-paverka-ostersjons-framtid\/","url":"https:\/\/itameriprojekti.fi\/sv\/nyheter\/var-med-och-paverka-ostersjons-framtid\/","name":"Var med och p\u00e5verka \u00d6stersj\u00f6ns framtid! - \u00d6stersj\u00f6projektet","isPartOf":{"@id":"https:\/\/itameriprojekti.fi\/sv\/#website"},"primaryImageOfPage":{"@id":"https:\/\/itameriprojekti.fi\/sv\/nyheter\/var-med-och-paverka-ostersjons-framtid\/#primaryimage"},"image":{"@id":"https:\/\/itameriprojekti.fi\/sv\/nyheter\/var-med-och-paverka-ostersjons-framtid\/#primaryimage"},"thumbnailUrl":"https:\/\/itameriprojekti.fi\/wp-content\/uploads\/2018\/12\/meri_3.png","datePublished":"2018-12-19T10:26:39+00:00","dateModified":"2023-12-27T12:01:40+00:00","author":{"@id":"https:\/\/itameriprojekti.fi\/sv\/#\/schema\/person\/93841f7a17884603aea545bef5bbbe2d"},"breadcrumb":{"@id":"https:\/\/itameriprojekti.fi\/sv\/nyheter\/var-med-och-paverka-ostersjons-framtid\/#breadcrumb"},"inLanguage":"sv-SE","potentialAction":[{"@type":"ReadAction","target":["https:\/\/itameriprojekti.fi\/sv\/nyheter\/var-med-och-paverka-ostersjons-framtid\/"]}]},{"@type":"ImageObject","inLanguage":"sv-SE","@id":"https:\/\/itameriprojekti.fi\/sv\/nyheter\/var-med-och-paverka-ostersjons-framtid\/#primaryimage","url":"https:\/\/itameriprojekti.fi\/wp-content\/uploads\/2018\/12\/meri_3.png","contentUrl":"https:\/\/itameriprojekti.fi\/wp-content\/uploads\/2018\/12\/meri_3.png","width":1920,"height":1080},{"@type":"BreadcrumbList","@id":"https:\/\/itameriprojekti.fi\/sv\/nyheter\/var-med-och-paverka-ostersjons-framtid\/#breadcrumb","itemListElement":[{"@type":"ListItem","position":1,"name":"Framsida","item":"https:\/\/itameriprojekti.fi\/sv\/"},{"@type":"ListItem","position":2,"name":"Var med och p\u00e5verka \u00d6stersj\u00f6ns framtid!"}]},{"@type":"WebSite","@id":"https:\/\/itameriprojekti.fi\/sv\/#website","url":"https:\/\/itameriprojekti.fi\/sv\/","name":"\u00d6stersj\u00f6projektet","description":"\u00c5landsbankenin It\u00e4meriprojekti parantaa It\u00e4meren tilaa","potentialAction":[{"@type":"SearchAction","target":{"@type":"EntryPoint","urlTemplate":"https:\/\/itameriprojekti.fi\/sv\/?s={search_term_string}"},"query-input":{"@type":"PropertyValueSpecification","valueRequired":true,"valueName":"search_term_string"}}],"inLanguage":"sv-SE"},{"@type":"Person","@id":"https:\/\/itameriprojekti.fi\/sv\/#\/schema\/person\/93841f7a17884603aea545bef5bbbe2d","name":"Sergei Markov","sameAs":["https:\/\/cron.fi"]}]}},"_links":{"self":[{"href":"https:\/\/itameriprojekti.fi\/sv\/wp-json\/wp\/v2\/posts\/1348","targetHints":{"allow":["GET"]}}],"collection":[{"href":"https:\/\/itameriprojekti.fi\/sv\/wp-json\/wp\/v2\/posts"}],"about":[{"href":"https:\/\/itameriprojekti.fi\/sv\/wp-json\/wp\/v2\/types\/post"}],"author":[{"embeddable":true,"href":"https:\/\/itameriprojekti.fi\/sv\/wp-json\/wp\/v2\/users\/3"}],"replies":[{"embeddable":true,"href":"https:\/\/itameriprojekti.fi\/sv\/wp-json\/wp\/v2\/comments?post=1348"}],"version-history":[{"count":1,"href":"https:\/\/itameriprojekti.fi\/sv\/wp-json\/wp\/v2\/posts\/1348\/revisions"}],"predecessor-version":[{"id":1349,"href":"https:\/\/itameriprojekti.fi\/sv\/wp-json\/wp\/v2\/posts\/1348\/revisions\/1349"}],"wp:featuredmedia":[{"embeddable":true,"href":"https:\/\/itameriprojekti.fi\/sv\/wp-json\/wp\/v2\/media\/77"}],"wp:attachment":[{"href":"https:\/\/itameriprojekti.fi\/sv\/wp-json\/wp\/v2\/media?parent=1348"}],"wp:term":[{"taxonomy":"category","embeddable":true,"href":"https:\/\/itameriprojekti.fi\/sv\/wp-json\/wp\/v2\/categories?post=1348"},{"taxonomy":"post_tag","embeddable":true,"href":"https:\/\/itameriprojekti.fi\/sv\/wp-json\/wp\/v2\/tags?post=1348"}],"curies":[{"name":"wp","href":"https:\/\/api.w.org\/{rel}","templated":true}]}}