{"id":1356,"date":"2018-07-01T10:57:58","date_gmt":"2018-07-01T07:57:58","guid":{"rendered":"https:\/\/itameriprojekti.fi\/?p=1356"},"modified":"2023-12-27T14:08:13","modified_gmt":"2023-12-27T12:08:13","slug":"radda-ostersjon-med-din-digitala-innovation","status":"publish","type":"post","link":"https:\/\/itameriprojekti.fi\/sv\/nyheter\/radda-ostersjon-med-din-digitala-innovation\/","title":{"rendered":"R\u00e4dda \u00d6stersj\u00f6n med din digitala innovation"},"content":{"rendered":"<p>\u00d6stersj\u00f6projektet arbetar f\u00f6r ett friskare hav, och \u00e4ven du kan vara med och g\u00f6ra skillnad. Med hj\u00e4lp av \u00d6stersj\u00f6projektet vill \u00c5landsbanken uppmuntra organisationer, privatpersoner, arbetsplatser och skolor att utveckla goda id\u00e9er f\u00f6r milj\u00f6n. Du kan ans\u00f6ka om st\u00f6d b\u00e5de g\u00e4llande finansiering och kunskap. I \u00e5r delar \u00c5landsbanken ut via \u00d6stersj\u00f6projektet upp till 360 000\u00a0 euro f\u00f6r goda id\u00e9er och projekt som hj\u00e4lper till att f\u00f6rb\u00e4ttra \u00d6stersj\u00f6ns tillst\u00e5nd.<\/p>\n<p><strong class=\"redactor-inline-converted\">Kategorin f\u00f6r digitala innovationer<\/strong><\/p>\n<p>\u00d6stersj\u00f6n beh\u00f6ver nyt\u00e4nkande som utnyttjar den potential som ny teknologi f\u00f6r med sig. \u00c5r 2017 lanserades den nya kategorin f\u00f6r digitala innovationer, med bland annat Skype-medgrundaren <strong class=\"redactor-inline-converted\"><em class=\"redactor-inline-converted\">Niklas Zennstr\u00f6m<\/em><\/strong> och <strong><em class=\"redactor-inline-converted\">Ilkka Paananen<\/em><\/strong>, verkst\u00e4llande direkt\u00f6r f\u00f6r Supercell, i spetsen f\u00f6r juryn. Ambitionen \u00e4r att locka fram fler digitala innovationer f\u00f6r ett renare \u00d6stersj\u00f6n.<\/p>\n<p><em>&#8211; \u00d6stersj\u00f6n \u00e4r i ett kritiskt tillst\u00e5nd, men det finns alltid hopp. Det beh\u00f6vs nya id\u00e9er f\u00f6r milj\u00f6arbetet och stora visioner kan ge stora resultat, s\u00e4ger Ilkka Paananen<\/em><\/p>\n<p><em>&#8211;\u00a0 Nu f\u00f6r tiden har vi stora m\u00f6jligheter att anv\u00e4nda teknik f\u00f6r att l\u00f6sa m\u00e5nga av de problem som vi k\u00e4nt till l\u00e4nge. Den h\u00e4r regionen har kapacitet att vara v\u00e4rldsledande inom ansvariga och innovativa l\u00f6sningar n\u00e4r det g\u00e4ller utmaningar inom vattenkvalitet. F\u00f6r att detta ska ske m\u00e5ste vi g\u00e5 samman med andra, och denna kategori \u00e4r en bra plattform f\u00f6r att g\u00f6ra det, s\u00e4ger Niklas Zennstr\u00f6m.<\/em><\/p>\n<p><a href=\"https:\/\/vimeo.com\/194810569\/e97680c62e\" target=\"_blank\" rel=\"noopener\">Se videointervju med Niklas Zennstr\u00f6m &gt;<\/a><\/p>\n<p>Kategorin f\u00f6r digitala innovationer fr\u00e4mjar en h\u00e5llbar livsstil, en h\u00e5llbar industri och en h\u00e5llbar livsmedelsmarknad som leder till en h\u00e4lsosammare milj\u00f6 i \u00d6stersj\u00f6n och dess kringliggande omr\u00e5den. Med digital innovation menas att en innovations eller ett projekts digitalisering medf\u00f6r ett merv\u00e4rde som p\u00e5 annat s\u00e4tt inte skulle g\u00e5 att uppn\u00e5.<\/p>\n<p><strong class=\"redactor-inline-converted\">Gr\u00e4srotsfinansiering och minskande av matsvinn<\/strong><\/p>\n<p>F\u00f6rra \u00e5ret finansierades tv\u00e5 projekt inom kategorin f\u00f6r digitala innovationer. Ett av dem \u00e4r webbtj\u00e4nsten<a href=\"http:\/\/www.balticseaproject.org\/projekt\/nutribute-styrka-och-snabb-hjaelp-foer-oestersjoeskyddet-med-graesrotsfinansiering\" target=\"_blank\" rel=\"noopener\">Nutribute<\/a>, som best\u00e5r av en plattform f\u00f6r gr\u00e4srotsfinansiering med fokus p\u00e5 projekt som f\u00f6rb\u00e4ttrar \u00d6stersj\u00f6ns tillst\u00e5nd. Det andra projektet som finansierades \u00e4r spelapplikationen <a href=\"http:\/\/www.balticseaproject.org\/projekt\/froodly-go\" target=\"_blank\" rel=\"noopener\">Froodly Go<\/a>, som erbjuder ett modernt och roligt s\u00e4tt att sk\u00e4ra ned p\u00e5 m\u00e4ngden bortkastad mat genom att uppmuntra m\u00e4nniskor att samla in svinnvaror fr\u00e5n butikerna i n\u00e4romr\u00e5det.<\/p>\n<p><strong class=\"redactor-inline-converted\">R\u00e5kar du ha den sortens innovation vi letar efter?<\/strong><\/p>\n<p>Du som bor eller verkar i Finland, p\u00e5 \u00c5land eller i Sverige kan anm\u00e4la ditt projekt <a href=\"http:\/\/www.balticseaproject.org\/anmal-projekt\" target=\"_blank\" rel=\"noopener\">h\u00e4r &gt;<\/a><br \/>\nAns\u00f6kan b\u00f6r inneh\u00e5lla en kort beskrivning av projektet, samt information om budget och tidsplan. Sista ans\u00f6kningsdagen \u00e4r 30.9.<\/p>\n<p><a href=\"http:\/\/www.balticseaproject.org\/taevlingen\" target=\"_blank\" rel=\"noopener\">L\u00e4s mer om \u00d6stersj\u00f6projektet och de \u00f6vriga kategorierna h\u00e4r &gt;<\/a><\/p>\n<p><strong class=\"redactor-inline-converted\">Alla ans\u00f6kningar \u00e4r v\u00e4lkomna!<\/strong><\/p>\n","protected":false},"excerpt":{"rendered":"<p>\u00d6stersj\u00f6projektet arbetar f\u00f6r ett friskare hav, och \u00e4ven du kan vara med och g\u00f6ra skillnad. Med hj\u00e4lp av \u00d6stersj\u00f6projektet vill [&hellip;]<\/p>\n","protected":false},"author":3,"featured_media":91,"comment_status":"closed","ping_status":"open","sticky":false,"template":"","format":"standard","meta":{"footnotes":""},"categories":[66],"tags":[],"class_list":["post-1356","post","type-post","status-publish","format-standard","has-post-thumbnail","hentry","category-nyheter"],"yoast_head":"<!-- This site is optimized with the Yoast SEO plugin v27.0 - https:\/\/yoast.com\/product\/yoast-seo-wordpress\/ -->\n<title>R\u00e4dda \u00d6stersj\u00f6n med din digitala innovation - \u00d6stersj\u00f6projektet<\/title>\n<meta name=\"robots\" content=\"index, follow, max-snippet:-1, max-image-preview:large, max-video-preview:-1\" \/>\n<link rel=\"canonical\" href=\"https:\/\/itameriprojekti.fi\/sv\/nyheter\/radda-ostersjon-med-din-digitala-innovation\/\" \/>\n<meta property=\"og:locale\" content=\"sv_SE\" \/>\n<meta property=\"og:type\" content=\"article\" \/>\n<meta property=\"og:title\" content=\"R\u00e4dda \u00d6stersj\u00f6n med din digitala innovation - \u00d6stersj\u00f6projektet\" \/>\n<meta property=\"og:description\" content=\"\u00d6stersj\u00f6projektet arbetar f\u00f6r ett friskare hav, och \u00e4ven du kan vara med och g\u00f6ra skillnad. Med hj\u00e4lp av \u00d6stersj\u00f6projektet vill [&hellip;]\" \/>\n<meta property=\"og:url\" content=\"https:\/\/itameriprojekti.fi\/sv\/nyheter\/radda-ostersjon-med-din-digitala-innovation\/\" \/>\n<meta property=\"og:site_name\" content=\"\u00d6stersj\u00f6projektet\" \/>\n<meta property=\"article:published_time\" content=\"2018-07-01T07:57:58+00:00\" \/>\n<meta property=\"article:modified_time\" content=\"2023-12-27T12:08:13+00:00\" \/>\n<meta property=\"og:image\" content=\"https:\/\/itameriprojekti.fi\/wp-content\/uploads\/2018\/07\/meri_67.png\" \/>\n\t<meta property=\"og:image:width\" content=\"1920\" \/>\n\t<meta property=\"og:image:height\" content=\"1080\" \/>\n\t<meta property=\"og:image:type\" content=\"image\/png\" \/>\n<meta name=\"author\" content=\"Sergei Markov\" \/>\n<meta name=\"twitter:card\" content=\"summary_large_image\" \/>\n<meta name=\"twitter:label1\" content=\"Skriven av\" \/>\n\t<meta name=\"twitter:data1\" content=\"Sergei Markov\" \/>\n\t<meta name=\"twitter:label2\" content=\"Ber\u00e4knad l\u00e4stid\" \/>\n\t<meta name=\"twitter:data2\" content=\"2 minuter\" \/>\n<script type=\"application\/ld+json\" class=\"yoast-schema-graph\">{\"@context\":\"https:\/\/schema.org\",\"@graph\":[{\"@type\":\"Article\",\"@id\":\"https:\/\/itameriprojekti.fi\/sv\/nyheter\/radda-ostersjon-med-din-digitala-innovation\/#article\",\"isPartOf\":{\"@id\":\"https:\/\/itameriprojekti.fi\/sv\/nyheter\/radda-ostersjon-med-din-digitala-innovation\/\"},\"author\":{\"name\":\"Sergei Markov\",\"@id\":\"https:\/\/itameriprojekti.fi\/sv\/#\/schema\/person\/93841f7a17884603aea545bef5bbbe2d\"},\"headline\":\"R\u00e4dda \u00d6stersj\u00f6n med din digitala innovation\",\"datePublished\":\"2018-07-01T07:57:58+00:00\",\"dateModified\":\"2023-12-27T12:08:13+00:00\",\"mainEntityOfPage\":{\"@id\":\"https:\/\/itameriprojekti.fi\/sv\/nyheter\/radda-ostersjon-med-din-digitala-innovation\/\"},\"wordCount\":507,\"image\":{\"@id\":\"https:\/\/itameriprojekti.fi\/sv\/nyheter\/radda-ostersjon-med-din-digitala-innovation\/#primaryimage\"},\"thumbnailUrl\":\"https:\/\/itameriprojekti.fi\/wp-content\/uploads\/2018\/07\/meri_67.png\",\"articleSection\":[\"Nyheter\"],\"inLanguage\":\"sv-SE\"},{\"@type\":\"WebPage\",\"@id\":\"https:\/\/itameriprojekti.fi\/sv\/nyheter\/radda-ostersjon-med-din-digitala-innovation\/\",\"url\":\"https:\/\/itameriprojekti.fi\/sv\/nyheter\/radda-ostersjon-med-din-digitala-innovation\/\",\"name\":\"R\u00e4dda \u00d6stersj\u00f6n med din digitala innovation - \u00d6stersj\u00f6projektet\",\"isPartOf\":{\"@id\":\"https:\/\/itameriprojekti.fi\/sv\/#website\"},\"primaryImageOfPage\":{\"@id\":\"https:\/\/itameriprojekti.fi\/sv\/nyheter\/radda-ostersjon-med-din-digitala-innovation\/#primaryimage\"},\"image\":{\"@id\":\"https:\/\/itameriprojekti.fi\/sv\/nyheter\/radda-ostersjon-med-din-digitala-innovation\/#primaryimage\"},\"thumbnailUrl\":\"https:\/\/itameriprojekti.fi\/wp-content\/uploads\/2018\/07\/meri_67.png\",\"datePublished\":\"2018-07-01T07:57:58+00:00\",\"dateModified\":\"2023-12-27T12:08:13+00:00\",\"author\":{\"@id\":\"https:\/\/itameriprojekti.fi\/sv\/#\/schema\/person\/93841f7a17884603aea545bef5bbbe2d\"},\"breadcrumb\":{\"@id\":\"https:\/\/itameriprojekti.fi\/sv\/nyheter\/radda-ostersjon-med-din-digitala-innovation\/#breadcrumb\"},\"inLanguage\":\"sv-SE\",\"potentialAction\":[{\"@type\":\"ReadAction\",\"target\":[\"https:\/\/itameriprojekti.fi\/sv\/nyheter\/radda-ostersjon-med-din-digitala-innovation\/\"]}]},{\"@type\":\"ImageObject\",\"inLanguage\":\"sv-SE\",\"@id\":\"https:\/\/itameriprojekti.fi\/sv\/nyheter\/radda-ostersjon-med-din-digitala-innovation\/#primaryimage\",\"url\":\"https:\/\/itameriprojekti.fi\/wp-content\/uploads\/2018\/07\/meri_67.png\",\"contentUrl\":\"https:\/\/itameriprojekti.fi\/wp-content\/uploads\/2018\/07\/meri_67.png\",\"width\":1920,\"height\":1080},{\"@type\":\"BreadcrumbList\",\"@id\":\"https:\/\/itameriprojekti.fi\/sv\/nyheter\/radda-ostersjon-med-din-digitala-innovation\/#breadcrumb\",\"itemListElement\":[{\"@type\":\"ListItem\",\"position\":1,\"name\":\"Framsida\",\"item\":\"https:\/\/itameriprojekti.fi\/sv\/\"},{\"@type\":\"ListItem\",\"position\":2,\"name\":\"R\u00e4dda \u00d6stersj\u00f6n med din digitala innovation\"}]},{\"@type\":\"WebSite\",\"@id\":\"https:\/\/itameriprojekti.fi\/sv\/#website\",\"url\":\"https:\/\/itameriprojekti.fi\/sv\/\",\"name\":\"\u00d6stersj\u00f6projektet\",\"description\":\"\u00c5landsbankenin It\u00e4meriprojekti parantaa It\u00e4meren tilaa\",\"potentialAction\":[{\"@type\":\"SearchAction\",\"target\":{\"@type\":\"EntryPoint\",\"urlTemplate\":\"https:\/\/itameriprojekti.fi\/sv\/?s={search_term_string}\"},\"query-input\":{\"@type\":\"PropertyValueSpecification\",\"valueRequired\":true,\"valueName\":\"search_term_string\"}}],\"inLanguage\":\"sv-SE\"},{\"@type\":\"Person\",\"@id\":\"https:\/\/itameriprojekti.fi\/sv\/#\/schema\/person\/93841f7a17884603aea545bef5bbbe2d\",\"name\":\"Sergei Markov\",\"sameAs\":[\"https:\/\/cron.fi\"]}]}<\/script>\n<!-- \/ Yoast SEO plugin. -->","yoast_head_json":{"title":"R\u00e4dda \u00d6stersj\u00f6n med din digitala innovation - \u00d6stersj\u00f6projektet","robots":{"index":"index","follow":"follow","max-snippet":"max-snippet:-1","max-image-preview":"max-image-preview:large","max-video-preview":"max-video-preview:-1"},"canonical":"https:\/\/itameriprojekti.fi\/sv\/nyheter\/radda-ostersjon-med-din-digitala-innovation\/","og_locale":"sv_SE","og_type":"article","og_title":"R\u00e4dda \u00d6stersj\u00f6n med din digitala innovation - \u00d6stersj\u00f6projektet","og_description":"\u00d6stersj\u00f6projektet arbetar f\u00f6r ett friskare hav, och \u00e4ven du kan vara med och g\u00f6ra skillnad. Med hj\u00e4lp av \u00d6stersj\u00f6projektet vill [&hellip;]","og_url":"https:\/\/itameriprojekti.fi\/sv\/nyheter\/radda-ostersjon-med-din-digitala-innovation\/","og_site_name":"\u00d6stersj\u00f6projektet","article_published_time":"2018-07-01T07:57:58+00:00","article_modified_time":"2023-12-27T12:08:13+00:00","og_image":[{"width":1920,"height":1080,"url":"https:\/\/itameriprojekti.fi\/wp-content\/uploads\/2018\/07\/meri_67.png","type":"image\/png"}],"author":"Sergei Markov","twitter_card":"summary_large_image","twitter_misc":{"Skriven av":"Sergei Markov","Ber\u00e4knad l\u00e4stid":"2 minuter"},"schema":{"@context":"https:\/\/schema.org","@graph":[{"@type":"Article","@id":"https:\/\/itameriprojekti.fi\/sv\/nyheter\/radda-ostersjon-med-din-digitala-innovation\/#article","isPartOf":{"@id":"https:\/\/itameriprojekti.fi\/sv\/nyheter\/radda-ostersjon-med-din-digitala-innovation\/"},"author":{"name":"Sergei Markov","@id":"https:\/\/itameriprojekti.fi\/sv\/#\/schema\/person\/93841f7a17884603aea545bef5bbbe2d"},"headline":"R\u00e4dda \u00d6stersj\u00f6n med din digitala innovation","datePublished":"2018-07-01T07:57:58+00:00","dateModified":"2023-12-27T12:08:13+00:00","mainEntityOfPage":{"@id":"https:\/\/itameriprojekti.fi\/sv\/nyheter\/radda-ostersjon-med-din-digitala-innovation\/"},"wordCount":507,"image":{"@id":"https:\/\/itameriprojekti.fi\/sv\/nyheter\/radda-ostersjon-med-din-digitala-innovation\/#primaryimage"},"thumbnailUrl":"https:\/\/itameriprojekti.fi\/wp-content\/uploads\/2018\/07\/meri_67.png","articleSection":["Nyheter"],"inLanguage":"sv-SE"},{"@type":"WebPage","@id":"https:\/\/itameriprojekti.fi\/sv\/nyheter\/radda-ostersjon-med-din-digitala-innovation\/","url":"https:\/\/itameriprojekti.fi\/sv\/nyheter\/radda-ostersjon-med-din-digitala-innovation\/","name":"R\u00e4dda \u00d6stersj\u00f6n med din digitala innovation - \u00d6stersj\u00f6projektet","isPartOf":{"@id":"https:\/\/itameriprojekti.fi\/sv\/#website"},"primaryImageOfPage":{"@id":"https:\/\/itameriprojekti.fi\/sv\/nyheter\/radda-ostersjon-med-din-digitala-innovation\/#primaryimage"},"image":{"@id":"https:\/\/itameriprojekti.fi\/sv\/nyheter\/radda-ostersjon-med-din-digitala-innovation\/#primaryimage"},"thumbnailUrl":"https:\/\/itameriprojekti.fi\/wp-content\/uploads\/2018\/07\/meri_67.png","datePublished":"2018-07-01T07:57:58+00:00","dateModified":"2023-12-27T12:08:13+00:00","author":{"@id":"https:\/\/itameriprojekti.fi\/sv\/#\/schema\/person\/93841f7a17884603aea545bef5bbbe2d"},"breadcrumb":{"@id":"https:\/\/itameriprojekti.fi\/sv\/nyheter\/radda-ostersjon-med-din-digitala-innovation\/#breadcrumb"},"inLanguage":"sv-SE","potentialAction":[{"@type":"ReadAction","target":["https:\/\/itameriprojekti.fi\/sv\/nyheter\/radda-ostersjon-med-din-digitala-innovation\/"]}]},{"@type":"ImageObject","inLanguage":"sv-SE","@id":"https:\/\/itameriprojekti.fi\/sv\/nyheter\/radda-ostersjon-med-din-digitala-innovation\/#primaryimage","url":"https:\/\/itameriprojekti.fi\/wp-content\/uploads\/2018\/07\/meri_67.png","contentUrl":"https:\/\/itameriprojekti.fi\/wp-content\/uploads\/2018\/07\/meri_67.png","width":1920,"height":1080},{"@type":"BreadcrumbList","@id":"https:\/\/itameriprojekti.fi\/sv\/nyheter\/radda-ostersjon-med-din-digitala-innovation\/#breadcrumb","itemListElement":[{"@type":"ListItem","position":1,"name":"Framsida","item":"https:\/\/itameriprojekti.fi\/sv\/"},{"@type":"ListItem","position":2,"name":"R\u00e4dda \u00d6stersj\u00f6n med din digitala innovation"}]},{"@type":"WebSite","@id":"https:\/\/itameriprojekti.fi\/sv\/#website","url":"https:\/\/itameriprojekti.fi\/sv\/","name":"\u00d6stersj\u00f6projektet","description":"\u00c5landsbankenin It\u00e4meriprojekti parantaa It\u00e4meren tilaa","potentialAction":[{"@type":"SearchAction","target":{"@type":"EntryPoint","urlTemplate":"https:\/\/itameriprojekti.fi\/sv\/?s={search_term_string}"},"query-input":{"@type":"PropertyValueSpecification","valueRequired":true,"valueName":"search_term_string"}}],"inLanguage":"sv-SE"},{"@type":"Person","@id":"https:\/\/itameriprojekti.fi\/sv\/#\/schema\/person\/93841f7a17884603aea545bef5bbbe2d","name":"Sergei Markov","sameAs":["https:\/\/cron.fi"]}]}},"_links":{"self":[{"href":"https:\/\/itameriprojekti.fi\/sv\/wp-json\/wp\/v2\/posts\/1356","targetHints":{"allow":["GET"]}}],"collection":[{"href":"https:\/\/itameriprojekti.fi\/sv\/wp-json\/wp\/v2\/posts"}],"about":[{"href":"https:\/\/itameriprojekti.fi\/sv\/wp-json\/wp\/v2\/types\/post"}],"author":[{"embeddable":true,"href":"https:\/\/itameriprojekti.fi\/sv\/wp-json\/wp\/v2\/users\/3"}],"replies":[{"embeddable":true,"href":"https:\/\/itameriprojekti.fi\/sv\/wp-json\/wp\/v2\/comments?post=1356"}],"version-history":[{"count":1,"href":"https:\/\/itameriprojekti.fi\/sv\/wp-json\/wp\/v2\/posts\/1356\/revisions"}],"predecessor-version":[{"id":1357,"href":"https:\/\/itameriprojekti.fi\/sv\/wp-json\/wp\/v2\/posts\/1356\/revisions\/1357"}],"wp:featuredmedia":[{"embeddable":true,"href":"https:\/\/itameriprojekti.fi\/sv\/wp-json\/wp\/v2\/media\/91"}],"wp:attachment":[{"href":"https:\/\/itameriprojekti.fi\/sv\/wp-json\/wp\/v2\/media?parent=1356"}],"wp:term":[{"taxonomy":"category","embeddable":true,"href":"https:\/\/itameriprojekti.fi\/sv\/wp-json\/wp\/v2\/categories?post=1356"},{"taxonomy":"post_tag","embeddable":true,"href":"https:\/\/itameriprojekti.fi\/sv\/wp-json\/wp\/v2\/tags?post=1356"}],"curies":[{"name":"wp","href":"https:\/\/api.w.org\/{rel}","templated":true}]}}