{"id":1358,"date":"2018-06-06T09:51:33","date_gmt":"2018-06-06T06:51:33","guid":{"rendered":"https:\/\/itameriprojekti.fi\/?p=1358"},"modified":"2023-12-27T14:09:50","modified_gmt":"2023-12-27T12:09:50","slug":"varldsraddaren-liisa-rohweder","status":"publish","type":"post","link":"https:\/\/itameriprojekti.fi\/sv\/nyheter\/varldsraddaren-liisa-rohweder\/","title":{"rendered":"V\u00e4rldsr\u00e4ddaren \u2013 Liisa Rohweder"},"content":{"rendered":"<p>\u00c5ret var 1992. I Rio de Janeiro, Brasilien, p\u00e5gick FN:s toppm\u00f6te Earth Summit. 32-\u00e5riga Liisa Rohweder, som var moderskapsledig och hemma med sina tv\u00e5 d\u00f6ttrar, f\u00f6ljde med n\u00e4r jordens ledare uttryckte sin oro f\u00f6r milj\u00f6n. D\u00e5 slog det henne: det h\u00e4r vill jag g\u00f6ra.<\/p>\n<p><strong><a href=\"https:\/\/www.alandsbanken.fi\/sv\/blog\/varldsraddaren-liisa-rohweder\" target=\"_blank\" rel=\"noopener\">L\u00e4s mer om Liisa och hennes k\u00e4rlek till naturen h\u00e4r.<\/a><\/strong><\/p>\n","protected":false},"excerpt":{"rendered":"<p>\u00c5ret var 1992. I Rio de Janeiro, Brasilien, p\u00e5gick FN:s toppm\u00f6te Earth Summit. 32-\u00e5riga Liisa Rohweder, som var moderskapsledig och [&hellip;]<\/p>\n","protected":false},"author":3,"featured_media":136,"comment_status":"closed","ping_status":"open","sticky":false,"template":"","format":"standard","meta":{"footnotes":""},"categories":[66],"tags":[],"class_list":["post-1358","post","type-post","status-publish","format-standard","has-post-thumbnail","hentry","category-nyheter"],"yoast_head":"<!-- This site is optimized with the Yoast SEO plugin v27.0 - https:\/\/yoast.com\/product\/yoast-seo-wordpress\/ -->\n<title>V\u00e4rldsr\u00e4ddaren \u2013 Liisa Rohweder - \u00d6stersj\u00f6projektet<\/title>\n<meta name=\"robots\" content=\"index, follow, max-snippet:-1, max-image-preview:large, max-video-preview:-1\" \/>\n<link rel=\"canonical\" href=\"https:\/\/itameriprojekti.fi\/sv\/nyheter\/varldsraddaren-liisa-rohweder\/\" \/>\n<meta property=\"og:locale\" content=\"sv_SE\" \/>\n<meta property=\"og:type\" content=\"article\" \/>\n<meta property=\"og:title\" content=\"V\u00e4rldsr\u00e4ddaren \u2013 Liisa Rohweder - \u00d6stersj\u00f6projektet\" \/>\n<meta property=\"og:description\" content=\"\u00c5ret var 1992. I Rio de Janeiro, Brasilien, p\u00e5gick FN:s toppm\u00f6te Earth Summit. 32-\u00e5riga Liisa Rohweder, som var moderskapsledig och [&hellip;]\" \/>\n<meta property=\"og:url\" content=\"https:\/\/itameriprojekti.fi\/sv\/nyheter\/varldsraddaren-liisa-rohweder\/\" \/>\n<meta property=\"og:site_name\" content=\"\u00d6stersj\u00f6projektet\" \/>\n<meta property=\"article:published_time\" content=\"2018-06-06T06:51:33+00:00\" \/>\n<meta property=\"article:modified_time\" content=\"2023-12-27T12:09:50+00:00\" \/>\n<meta property=\"og:image\" content=\"https:\/\/itameriprojekti.fi\/wp-content\/uploads\/2020\/07\/liisa-rohweder.png\" \/>\n\t<meta property=\"og:image:width\" content=\"800\" \/>\n\t<meta property=\"og:image:height\" content=\"377\" \/>\n\t<meta property=\"og:image:type\" content=\"image\/png\" \/>\n<meta name=\"author\" content=\"Sergei Markov\" \/>\n<meta name=\"twitter:card\" content=\"summary_large_image\" \/>\n<meta name=\"twitter:label1\" content=\"Skriven av\" \/>\n\t<meta name=\"twitter:data1\" content=\"Sergei Markov\" \/>\n<script type=\"application\/ld+json\" class=\"yoast-schema-graph\">{\"@context\":\"https:\/\/schema.org\",\"@graph\":[{\"@type\":\"Article\",\"@id\":\"https:\/\/itameriprojekti.fi\/sv\/nyheter\/varldsraddaren-liisa-rohweder\/#article\",\"isPartOf\":{\"@id\":\"https:\/\/itameriprojekti.fi\/sv\/nyheter\/varldsraddaren-liisa-rohweder\/\"},\"author\":{\"name\":\"Sergei Markov\",\"@id\":\"https:\/\/itameriprojekti.fi\/sv\/#\/schema\/person\/93841f7a17884603aea545bef5bbbe2d\"},\"headline\":\"V\u00e4rldsr\u00e4ddaren \u2013 Liisa Rohweder\",\"datePublished\":\"2018-06-06T06:51:33+00:00\",\"dateModified\":\"2023-12-27T12:09:50+00:00\",\"mainEntityOfPage\":{\"@id\":\"https:\/\/itameriprojekti.fi\/sv\/nyheter\/varldsraddaren-liisa-rohweder\/\"},\"wordCount\":72,\"image\":{\"@id\":\"https:\/\/itameriprojekti.fi\/sv\/nyheter\/varldsraddaren-liisa-rohweder\/#primaryimage\"},\"thumbnailUrl\":\"https:\/\/itameriprojekti.fi\/wp-content\/uploads\/2020\/07\/liisa-rohweder.png\",\"articleSection\":[\"Nyheter\"],\"inLanguage\":\"sv-SE\"},{\"@type\":\"WebPage\",\"@id\":\"https:\/\/itameriprojekti.fi\/sv\/nyheter\/varldsraddaren-liisa-rohweder\/\",\"url\":\"https:\/\/itameriprojekti.fi\/sv\/nyheter\/varldsraddaren-liisa-rohweder\/\",\"name\":\"V\u00e4rldsr\u00e4ddaren \u2013 Liisa Rohweder - \u00d6stersj\u00f6projektet\",\"isPartOf\":{\"@id\":\"https:\/\/itameriprojekti.fi\/sv\/#website\"},\"primaryImageOfPage\":{\"@id\":\"https:\/\/itameriprojekti.fi\/sv\/nyheter\/varldsraddaren-liisa-rohweder\/#primaryimage\"},\"image\":{\"@id\":\"https:\/\/itameriprojekti.fi\/sv\/nyheter\/varldsraddaren-liisa-rohweder\/#primaryimage\"},\"thumbnailUrl\":\"https:\/\/itameriprojekti.fi\/wp-content\/uploads\/2020\/07\/liisa-rohweder.png\",\"datePublished\":\"2018-06-06T06:51:33+00:00\",\"dateModified\":\"2023-12-27T12:09:50+00:00\",\"author\":{\"@id\":\"https:\/\/itameriprojekti.fi\/sv\/#\/schema\/person\/93841f7a17884603aea545bef5bbbe2d\"},\"breadcrumb\":{\"@id\":\"https:\/\/itameriprojekti.fi\/sv\/nyheter\/varldsraddaren-liisa-rohweder\/#breadcrumb\"},\"inLanguage\":\"sv-SE\",\"potentialAction\":[{\"@type\":\"ReadAction\",\"target\":[\"https:\/\/itameriprojekti.fi\/sv\/nyheter\/varldsraddaren-liisa-rohweder\/\"]}]},{\"@type\":\"ImageObject\",\"inLanguage\":\"sv-SE\",\"@id\":\"https:\/\/itameriprojekti.fi\/sv\/nyheter\/varldsraddaren-liisa-rohweder\/#primaryimage\",\"url\":\"https:\/\/itameriprojekti.fi\/wp-content\/uploads\/2020\/07\/liisa-rohweder.png\",\"contentUrl\":\"https:\/\/itameriprojekti.fi\/wp-content\/uploads\/2020\/07\/liisa-rohweder.png\",\"width\":800,\"height\":377},{\"@type\":\"BreadcrumbList\",\"@id\":\"https:\/\/itameriprojekti.fi\/sv\/nyheter\/varldsraddaren-liisa-rohweder\/#breadcrumb\",\"itemListElement\":[{\"@type\":\"ListItem\",\"position\":1,\"name\":\"Framsida\",\"item\":\"https:\/\/itameriprojekti.fi\/sv\/\"},{\"@type\":\"ListItem\",\"position\":2,\"name\":\"V\u00e4rldsr\u00e4ddaren \u2013 Liisa Rohweder\"}]},{\"@type\":\"WebSite\",\"@id\":\"https:\/\/itameriprojekti.fi\/sv\/#website\",\"url\":\"https:\/\/itameriprojekti.fi\/sv\/\",\"name\":\"\u00d6stersj\u00f6projektet\",\"description\":\"\u00c5landsbankenin It\u00e4meriprojekti parantaa It\u00e4meren tilaa\",\"potentialAction\":[{\"@type\":\"SearchAction\",\"target\":{\"@type\":\"EntryPoint\",\"urlTemplate\":\"https:\/\/itameriprojekti.fi\/sv\/?s={search_term_string}\"},\"query-input\":{\"@type\":\"PropertyValueSpecification\",\"valueRequired\":true,\"valueName\":\"search_term_string\"}}],\"inLanguage\":\"sv-SE\"},{\"@type\":\"Person\",\"@id\":\"https:\/\/itameriprojekti.fi\/sv\/#\/schema\/person\/93841f7a17884603aea545bef5bbbe2d\",\"name\":\"Sergei Markov\",\"sameAs\":[\"https:\/\/cron.fi\"]}]}<\/script>\n<!-- \/ Yoast SEO plugin. -->","yoast_head_json":{"title":"V\u00e4rldsr\u00e4ddaren \u2013 Liisa Rohweder - \u00d6stersj\u00f6projektet","robots":{"index":"index","follow":"follow","max-snippet":"max-snippet:-1","max-image-preview":"max-image-preview:large","max-video-preview":"max-video-preview:-1"},"canonical":"https:\/\/itameriprojekti.fi\/sv\/nyheter\/varldsraddaren-liisa-rohweder\/","og_locale":"sv_SE","og_type":"article","og_title":"V\u00e4rldsr\u00e4ddaren \u2013 Liisa Rohweder - \u00d6stersj\u00f6projektet","og_description":"\u00c5ret var 1992. I Rio de Janeiro, Brasilien, p\u00e5gick FN:s toppm\u00f6te Earth Summit. 32-\u00e5riga Liisa Rohweder, som var moderskapsledig och [&hellip;]","og_url":"https:\/\/itameriprojekti.fi\/sv\/nyheter\/varldsraddaren-liisa-rohweder\/","og_site_name":"\u00d6stersj\u00f6projektet","article_published_time":"2018-06-06T06:51:33+00:00","article_modified_time":"2023-12-27T12:09:50+00:00","og_image":[{"width":800,"height":377,"url":"https:\/\/itameriprojekti.fi\/wp-content\/uploads\/2020\/07\/liisa-rohweder.png","type":"image\/png"}],"author":"Sergei Markov","twitter_card":"summary_large_image","twitter_misc":{"Skriven av":"Sergei Markov"},"schema":{"@context":"https:\/\/schema.org","@graph":[{"@type":"Article","@id":"https:\/\/itameriprojekti.fi\/sv\/nyheter\/varldsraddaren-liisa-rohweder\/#article","isPartOf":{"@id":"https:\/\/itameriprojekti.fi\/sv\/nyheter\/varldsraddaren-liisa-rohweder\/"},"author":{"name":"Sergei Markov","@id":"https:\/\/itameriprojekti.fi\/sv\/#\/schema\/person\/93841f7a17884603aea545bef5bbbe2d"},"headline":"V\u00e4rldsr\u00e4ddaren \u2013 Liisa Rohweder","datePublished":"2018-06-06T06:51:33+00:00","dateModified":"2023-12-27T12:09:50+00:00","mainEntityOfPage":{"@id":"https:\/\/itameriprojekti.fi\/sv\/nyheter\/varldsraddaren-liisa-rohweder\/"},"wordCount":72,"image":{"@id":"https:\/\/itameriprojekti.fi\/sv\/nyheter\/varldsraddaren-liisa-rohweder\/#primaryimage"},"thumbnailUrl":"https:\/\/itameriprojekti.fi\/wp-content\/uploads\/2020\/07\/liisa-rohweder.png","articleSection":["Nyheter"],"inLanguage":"sv-SE"},{"@type":"WebPage","@id":"https:\/\/itameriprojekti.fi\/sv\/nyheter\/varldsraddaren-liisa-rohweder\/","url":"https:\/\/itameriprojekti.fi\/sv\/nyheter\/varldsraddaren-liisa-rohweder\/","name":"V\u00e4rldsr\u00e4ddaren \u2013 Liisa Rohweder - \u00d6stersj\u00f6projektet","isPartOf":{"@id":"https:\/\/itameriprojekti.fi\/sv\/#website"},"primaryImageOfPage":{"@id":"https:\/\/itameriprojekti.fi\/sv\/nyheter\/varldsraddaren-liisa-rohweder\/#primaryimage"},"image":{"@id":"https:\/\/itameriprojekti.fi\/sv\/nyheter\/varldsraddaren-liisa-rohweder\/#primaryimage"},"thumbnailUrl":"https:\/\/itameriprojekti.fi\/wp-content\/uploads\/2020\/07\/liisa-rohweder.png","datePublished":"2018-06-06T06:51:33+00:00","dateModified":"2023-12-27T12:09:50+00:00","author":{"@id":"https:\/\/itameriprojekti.fi\/sv\/#\/schema\/person\/93841f7a17884603aea545bef5bbbe2d"},"breadcrumb":{"@id":"https:\/\/itameriprojekti.fi\/sv\/nyheter\/varldsraddaren-liisa-rohweder\/#breadcrumb"},"inLanguage":"sv-SE","potentialAction":[{"@type":"ReadAction","target":["https:\/\/itameriprojekti.fi\/sv\/nyheter\/varldsraddaren-liisa-rohweder\/"]}]},{"@type":"ImageObject","inLanguage":"sv-SE","@id":"https:\/\/itameriprojekti.fi\/sv\/nyheter\/varldsraddaren-liisa-rohweder\/#primaryimage","url":"https:\/\/itameriprojekti.fi\/wp-content\/uploads\/2020\/07\/liisa-rohweder.png","contentUrl":"https:\/\/itameriprojekti.fi\/wp-content\/uploads\/2020\/07\/liisa-rohweder.png","width":800,"height":377},{"@type":"BreadcrumbList","@id":"https:\/\/itameriprojekti.fi\/sv\/nyheter\/varldsraddaren-liisa-rohweder\/#breadcrumb","itemListElement":[{"@type":"ListItem","position":1,"name":"Framsida","item":"https:\/\/itameriprojekti.fi\/sv\/"},{"@type":"ListItem","position":2,"name":"V\u00e4rldsr\u00e4ddaren \u2013 Liisa Rohweder"}]},{"@type":"WebSite","@id":"https:\/\/itameriprojekti.fi\/sv\/#website","url":"https:\/\/itameriprojekti.fi\/sv\/","name":"\u00d6stersj\u00f6projektet","description":"\u00c5landsbankenin It\u00e4meriprojekti parantaa It\u00e4meren tilaa","potentialAction":[{"@type":"SearchAction","target":{"@type":"EntryPoint","urlTemplate":"https:\/\/itameriprojekti.fi\/sv\/?s={search_term_string}"},"query-input":{"@type":"PropertyValueSpecification","valueRequired":true,"valueName":"search_term_string"}}],"inLanguage":"sv-SE"},{"@type":"Person","@id":"https:\/\/itameriprojekti.fi\/sv\/#\/schema\/person\/93841f7a17884603aea545bef5bbbe2d","name":"Sergei Markov","sameAs":["https:\/\/cron.fi"]}]}},"_links":{"self":[{"href":"https:\/\/itameriprojekti.fi\/sv\/wp-json\/wp\/v2\/posts\/1358","targetHints":{"allow":["GET"]}}],"collection":[{"href":"https:\/\/itameriprojekti.fi\/sv\/wp-json\/wp\/v2\/posts"}],"about":[{"href":"https:\/\/itameriprojekti.fi\/sv\/wp-json\/wp\/v2\/types\/post"}],"author":[{"embeddable":true,"href":"https:\/\/itameriprojekti.fi\/sv\/wp-json\/wp\/v2\/users\/3"}],"replies":[{"embeddable":true,"href":"https:\/\/itameriprojekti.fi\/sv\/wp-json\/wp\/v2\/comments?post=1358"}],"version-history":[{"count":1,"href":"https:\/\/itameriprojekti.fi\/sv\/wp-json\/wp\/v2\/posts\/1358\/revisions"}],"predecessor-version":[{"id":1359,"href":"https:\/\/itameriprojekti.fi\/sv\/wp-json\/wp\/v2\/posts\/1358\/revisions\/1359"}],"wp:featuredmedia":[{"embeddable":true,"href":"https:\/\/itameriprojekti.fi\/sv\/wp-json\/wp\/v2\/media\/136"}],"wp:attachment":[{"href":"https:\/\/itameriprojekti.fi\/sv\/wp-json\/wp\/v2\/media?parent=1358"}],"wp:term":[{"taxonomy":"category","embeddable":true,"href":"https:\/\/itameriprojekti.fi\/sv\/wp-json\/wp\/v2\/categories?post=1358"},{"taxonomy":"post_tag","embeddable":true,"href":"https:\/\/itameriprojekti.fi\/sv\/wp-json\/wp\/v2\/tags?post=1358"}],"curies":[{"name":"wp","href":"https:\/\/api.w.org\/{rel}","templated":true}]}}