{"id":1360,"date":"2018-05-18T11:13:36","date_gmt":"2018-05-18T08:13:36","guid":{"rendered":"https:\/\/itameriprojekti.fi\/?p=1360"},"modified":"2023-12-27T14:10:51","modified_gmt":"2023-12-27T12:10:51","slug":"ostersjoprojektet-uppmanar-allmanheten-att-radda-ostersjon","status":"publish","type":"post","link":"https:\/\/itameriprojekti.fi\/sv\/nyheter\/ostersjoprojektet-uppmanar-allmanheten-att-radda-ostersjon\/","title":{"rendered":"\u00d6stersj\u00f6projektet uppmanar allm\u00e4nheten att r\u00e4dda \u00d6stersj\u00f6n"},"content":{"rendered":"<p><strong class=\"redactor-inline-converted\">Ans\u00f6kningstiden f\u00f6r \u00d6stersj\u00f6projektet b\u00f6rjar och \u00e4r \u00f6ppen f\u00f6r allas id\u00e9er. I \u00e5r delar \u00c5landsbanken ut upp till 360 000 euro via \u00d6stersj\u00f6projektet.<\/strong><\/p>\n<p>\u00d6stersj\u00f6n \u00e4r ett av v\u00e4rldens mest f\u00f6rorenade hav. D\u00f6da zoner t\u00e4cker delar av havsbotten\u00a0som en konsekvens av \u00f6verg\u00f6dningen. Samverkan mellan engagerade parter fr\u00e5n m\u00e5nga olika omr\u00e5den och utveckling av nya id\u00e9er \u00e4r avg\u00f6rande f\u00f6r \u00d6stersj\u00f6ns framtid. \u00d6stersj\u00f6projektet uppmanar dig som engagerar dig i \u00d6stersj\u00f6ns v\u00e4lbefinnande att medverka genom att ans\u00f6ka om finansiering f\u00f6r din id\u00e9 eller ditt projekt,\u00a0som fr\u00e4mjar \u00d6stersj\u00f6ns tillst\u00e5nd.<\/p>\n<p>F\u00f6rra \u00e5ret lanserades en ny kategori f\u00f6r digitala innovationer d\u00e4r Ilkka Paananen, verkst\u00e4llande direkt\u00f6r f\u00f6r spelbolaget Supercell, utv\u00e4rderar projektid\u00e9er tillsammans med bland annat Skype-medgrundaren Niklas Zennstr\u00f6m.<br \/>\n&#8211;\u00a0\u00d6stersj\u00f6n \u00e4r i ett kritiskt tillst\u00e5nd, men det finns alltid hopp. Det beh\u00f6vs nya id\u00e9er f\u00f6r milj\u00f6arbetet och stora visioner kan ge stora resultat, s\u00e4ger Ilkka Paananen.<br \/>\n&#8211;\u00a0Nu f\u00f6r tiden har vi stora m\u00f6jligheter att anv\u00e4nda teknik f\u00f6r att l\u00f6sa m\u00e5nga av de problem som vi k\u00e4nt till l\u00e4nge. Den h\u00e4r regionen har kapacitet att vara v\u00e4rldsledande inom ansvarsfulla\u00a0och innovativa l\u00f6sningar n\u00e4r det g\u00e4ller utmaningar inom vattenkvalitet. F\u00f6r att detta ska ske m\u00e5ste vi g\u00e5 samman med andra, och denna kategori \u00e4r en bra plattform f\u00f6r att g\u00f6ra det, s\u00e4ger Niklas Zennstr\u00f6m.<\/p>\n<p><strong class=\"redactor-inline-converted\">Ans\u00f6kningstiden startar onsdagen den\u00a018 maj<\/strong><br \/>\nNu kan privatpersoner, skolor och organisationer ans\u00f6ka om finansiering f\u00f6r att skydda \u00d6stersj\u00f6n. Alla id\u00e9er \u00e4r v\u00e4lkomna med och ans\u00f6kningstiden \u00e4r \u00f6ppen fram till den 30 september. Vinnarna v\u00e4ljs ut genom en allm\u00e4n omr\u00f6stning och med hj\u00e4lp av en jury som best\u00e5r av flera milj\u00f6experter. De mest innovativa projekten tilldelas finansiering.<br \/>\n&#8211;\u00a0I \u00d6stersj\u00f6projektet har vi under tidigare \u00e5r sett fantastiska initiativ, som redan gett goda resultat. Vi uppmuntrar alla att delta f\u00f6r ett friskare \u00d6stersj\u00f6n, ber\u00e4ttar Anne-Maria Salonius, direkt\u00f6r f\u00f6r aff\u00e4rsomr\u00e5det Finland.<\/p>\n<p>F\u00f6rra \u00e5ret fick 9 projekt dela p\u00e5 250 000 euro, varav vinnaren tilldelades 70 000 euro f\u00f6r sin innovation som samlar plastavfall och olja fr\u00e5n haven. Totalt fick \u00d6stersj\u00f6projektet 124 ans\u00f6kningar \u00e5r 2017.<\/p>\n<p>Mera information om ans\u00f6kan hittar du <a href=\"http:\/\/www.balticseaproject.org\/taevlingen\">h\u00e4r<\/a><\/p>\n<p>Till\u00e4ggsinformation:<br \/>\nAnne-Maria Salonius, direkt\u00f6r f\u00f6r aff\u00e4rsomr\u00e5det Finland \u00c5landsbanken, tfn\u00a0+35840733 1106, anne-maria.salonius@alandsbanken.fi<br \/>\nCrista Tammela, kommunikationschef, \u00c5landsbanken Finland, tfn\u00a0+358 40 646 3501, crista.tammela@alandsbanken.fi<\/p>\n","protected":false},"excerpt":{"rendered":"<p>Ans\u00f6kningstiden f\u00f6r \u00d6stersj\u00f6projektet b\u00f6rjar och \u00e4r \u00f6ppen f\u00f6r allas id\u00e9er. I \u00e5r delar \u00c5landsbanken ut upp till 360 000 euro [&hellip;]<\/p>\n","protected":false},"author":3,"featured_media":99,"comment_status":"closed","ping_status":"open","sticky":false,"template":"","format":"standard","meta":{"footnotes":""},"categories":[66],"tags":[],"class_list":["post-1360","post","type-post","status-publish","format-standard","has-post-thumbnail","hentry","category-nyheter"],"yoast_head":"<!-- This site is optimized with the Yoast SEO plugin v27.0 - https:\/\/yoast.com\/product\/yoast-seo-wordpress\/ -->\n<title>\u00d6stersj\u00f6projektet uppmanar allm\u00e4nheten att r\u00e4dda \u00d6stersj\u00f6n - \u00d6stersj\u00f6projektet<\/title>\n<meta name=\"robots\" content=\"index, follow, max-snippet:-1, max-image-preview:large, max-video-preview:-1\" \/>\n<link rel=\"canonical\" href=\"https:\/\/itameriprojekti.fi\/sv\/nyheter\/ostersjoprojektet-uppmanar-allmanheten-att-radda-ostersjon\/\" \/>\n<meta property=\"og:locale\" content=\"sv_SE\" \/>\n<meta property=\"og:type\" content=\"article\" \/>\n<meta property=\"og:title\" content=\"\u00d6stersj\u00f6projektet uppmanar allm\u00e4nheten att r\u00e4dda \u00d6stersj\u00f6n - \u00d6stersj\u00f6projektet\" \/>\n<meta property=\"og:description\" content=\"Ans\u00f6kningstiden f\u00f6r \u00d6stersj\u00f6projektet b\u00f6rjar och \u00e4r \u00f6ppen f\u00f6r allas id\u00e9er. I \u00e5r delar \u00c5landsbanken ut upp till 360 000 euro [&hellip;]\" \/>\n<meta property=\"og:url\" content=\"https:\/\/itameriprojekti.fi\/sv\/nyheter\/ostersjoprojektet-uppmanar-allmanheten-att-radda-ostersjon\/\" \/>\n<meta property=\"og:site_name\" content=\"\u00d6stersj\u00f6projektet\" \/>\n<meta property=\"article:published_time\" content=\"2018-05-18T08:13:36+00:00\" \/>\n<meta property=\"article:modified_time\" content=\"2023-12-27T12:10:51+00:00\" \/>\n<meta property=\"og:image\" content=\"https:\/\/itameriprojekti.fi\/wp-content\/uploads\/2019\/07\/itameri_2.png\" \/>\n\t<meta property=\"og:image:width\" content=\"1920\" \/>\n\t<meta property=\"og:image:height\" content=\"1080\" \/>\n\t<meta property=\"og:image:type\" content=\"image\/png\" \/>\n<meta name=\"author\" content=\"Sergei Markov\" \/>\n<meta name=\"twitter:card\" content=\"summary_large_image\" \/>\n<meta name=\"twitter:label1\" content=\"Skriven av\" \/>\n\t<meta name=\"twitter:data1\" content=\"Sergei Markov\" \/>\n\t<meta name=\"twitter:label2\" content=\"Ber\u00e4knad l\u00e4stid\" \/>\n\t<meta name=\"twitter:data2\" content=\"2 minuter\" \/>\n<script type=\"application\/ld+json\" class=\"yoast-schema-graph\">{\"@context\":\"https:\/\/schema.org\",\"@graph\":[{\"@type\":\"Article\",\"@id\":\"https:\/\/itameriprojekti.fi\/sv\/nyheter\/ostersjoprojektet-uppmanar-allmanheten-att-radda-ostersjon\/#article\",\"isPartOf\":{\"@id\":\"https:\/\/itameriprojekti.fi\/sv\/nyheter\/ostersjoprojektet-uppmanar-allmanheten-att-radda-ostersjon\/\"},\"author\":{\"name\":\"Sergei Markov\",\"@id\":\"https:\/\/itameriprojekti.fi\/sv\/#\/schema\/person\/93841f7a17884603aea545bef5bbbe2d\"},\"headline\":\"\u00d6stersj\u00f6projektet uppmanar allm\u00e4nheten att r\u00e4dda \u00d6stersj\u00f6n\",\"datePublished\":\"2018-05-18T08:13:36+00:00\",\"dateModified\":\"2023-12-27T12:10:51+00:00\",\"mainEntityOfPage\":{\"@id\":\"https:\/\/itameriprojekti.fi\/sv\/nyheter\/ostersjoprojektet-uppmanar-allmanheten-att-radda-ostersjon\/\"},\"wordCount\":453,\"image\":{\"@id\":\"https:\/\/itameriprojekti.fi\/sv\/nyheter\/ostersjoprojektet-uppmanar-allmanheten-att-radda-ostersjon\/#primaryimage\"},\"thumbnailUrl\":\"https:\/\/itameriprojekti.fi\/wp-content\/uploads\/2019\/07\/itameri_2.png\",\"articleSection\":[\"Nyheter\"],\"inLanguage\":\"sv-SE\"},{\"@type\":\"WebPage\",\"@id\":\"https:\/\/itameriprojekti.fi\/sv\/nyheter\/ostersjoprojektet-uppmanar-allmanheten-att-radda-ostersjon\/\",\"url\":\"https:\/\/itameriprojekti.fi\/sv\/nyheter\/ostersjoprojektet-uppmanar-allmanheten-att-radda-ostersjon\/\",\"name\":\"\u00d6stersj\u00f6projektet uppmanar allm\u00e4nheten att r\u00e4dda \u00d6stersj\u00f6n - \u00d6stersj\u00f6projektet\",\"isPartOf\":{\"@id\":\"https:\/\/itameriprojekti.fi\/sv\/#website\"},\"primaryImageOfPage\":{\"@id\":\"https:\/\/itameriprojekti.fi\/sv\/nyheter\/ostersjoprojektet-uppmanar-allmanheten-att-radda-ostersjon\/#primaryimage\"},\"image\":{\"@id\":\"https:\/\/itameriprojekti.fi\/sv\/nyheter\/ostersjoprojektet-uppmanar-allmanheten-att-radda-ostersjon\/#primaryimage\"},\"thumbnailUrl\":\"https:\/\/itameriprojekti.fi\/wp-content\/uploads\/2019\/07\/itameri_2.png\",\"datePublished\":\"2018-05-18T08:13:36+00:00\",\"dateModified\":\"2023-12-27T12:10:51+00:00\",\"author\":{\"@id\":\"https:\/\/itameriprojekti.fi\/sv\/#\/schema\/person\/93841f7a17884603aea545bef5bbbe2d\"},\"breadcrumb\":{\"@id\":\"https:\/\/itameriprojekti.fi\/sv\/nyheter\/ostersjoprojektet-uppmanar-allmanheten-att-radda-ostersjon\/#breadcrumb\"},\"inLanguage\":\"sv-SE\",\"potentialAction\":[{\"@type\":\"ReadAction\",\"target\":[\"https:\/\/itameriprojekti.fi\/sv\/nyheter\/ostersjoprojektet-uppmanar-allmanheten-att-radda-ostersjon\/\"]}]},{\"@type\":\"ImageObject\",\"inLanguage\":\"sv-SE\",\"@id\":\"https:\/\/itameriprojekti.fi\/sv\/nyheter\/ostersjoprojektet-uppmanar-allmanheten-att-radda-ostersjon\/#primaryimage\",\"url\":\"https:\/\/itameriprojekti.fi\/wp-content\/uploads\/2019\/07\/itameri_2.png\",\"contentUrl\":\"https:\/\/itameriprojekti.fi\/wp-content\/uploads\/2019\/07\/itameri_2.png\",\"width\":1920,\"height\":1080},{\"@type\":\"BreadcrumbList\",\"@id\":\"https:\/\/itameriprojekti.fi\/sv\/nyheter\/ostersjoprojektet-uppmanar-allmanheten-att-radda-ostersjon\/#breadcrumb\",\"itemListElement\":[{\"@type\":\"ListItem\",\"position\":1,\"name\":\"Framsida\",\"item\":\"https:\/\/itameriprojekti.fi\/sv\/\"},{\"@type\":\"ListItem\",\"position\":2,\"name\":\"\u00d6stersj\u00f6projektet uppmanar allm\u00e4nheten att r\u00e4dda \u00d6stersj\u00f6n\"}]},{\"@type\":\"WebSite\",\"@id\":\"https:\/\/itameriprojekti.fi\/sv\/#website\",\"url\":\"https:\/\/itameriprojekti.fi\/sv\/\",\"name\":\"\u00d6stersj\u00f6projektet\",\"description\":\"\u00c5landsbankenin It\u00e4meriprojekti parantaa It\u00e4meren tilaa\",\"potentialAction\":[{\"@type\":\"SearchAction\",\"target\":{\"@type\":\"EntryPoint\",\"urlTemplate\":\"https:\/\/itameriprojekti.fi\/sv\/?s={search_term_string}\"},\"query-input\":{\"@type\":\"PropertyValueSpecification\",\"valueRequired\":true,\"valueName\":\"search_term_string\"}}],\"inLanguage\":\"sv-SE\"},{\"@type\":\"Person\",\"@id\":\"https:\/\/itameriprojekti.fi\/sv\/#\/schema\/person\/93841f7a17884603aea545bef5bbbe2d\",\"name\":\"Sergei Markov\",\"sameAs\":[\"https:\/\/cron.fi\"]}]}<\/script>\n<!-- \/ Yoast SEO plugin. -->","yoast_head_json":{"title":"\u00d6stersj\u00f6projektet uppmanar allm\u00e4nheten att r\u00e4dda \u00d6stersj\u00f6n - \u00d6stersj\u00f6projektet","robots":{"index":"index","follow":"follow","max-snippet":"max-snippet:-1","max-image-preview":"max-image-preview:large","max-video-preview":"max-video-preview:-1"},"canonical":"https:\/\/itameriprojekti.fi\/sv\/nyheter\/ostersjoprojektet-uppmanar-allmanheten-att-radda-ostersjon\/","og_locale":"sv_SE","og_type":"article","og_title":"\u00d6stersj\u00f6projektet uppmanar allm\u00e4nheten att r\u00e4dda \u00d6stersj\u00f6n - \u00d6stersj\u00f6projektet","og_description":"Ans\u00f6kningstiden f\u00f6r \u00d6stersj\u00f6projektet b\u00f6rjar och \u00e4r \u00f6ppen f\u00f6r allas id\u00e9er. I \u00e5r delar \u00c5landsbanken ut upp till 360 000 euro [&hellip;]","og_url":"https:\/\/itameriprojekti.fi\/sv\/nyheter\/ostersjoprojektet-uppmanar-allmanheten-att-radda-ostersjon\/","og_site_name":"\u00d6stersj\u00f6projektet","article_published_time":"2018-05-18T08:13:36+00:00","article_modified_time":"2023-12-27T12:10:51+00:00","og_image":[{"width":1920,"height":1080,"url":"https:\/\/itameriprojekti.fi\/wp-content\/uploads\/2019\/07\/itameri_2.png","type":"image\/png"}],"author":"Sergei Markov","twitter_card":"summary_large_image","twitter_misc":{"Skriven av":"Sergei Markov","Ber\u00e4knad l\u00e4stid":"2 minuter"},"schema":{"@context":"https:\/\/schema.org","@graph":[{"@type":"Article","@id":"https:\/\/itameriprojekti.fi\/sv\/nyheter\/ostersjoprojektet-uppmanar-allmanheten-att-radda-ostersjon\/#article","isPartOf":{"@id":"https:\/\/itameriprojekti.fi\/sv\/nyheter\/ostersjoprojektet-uppmanar-allmanheten-att-radda-ostersjon\/"},"author":{"name":"Sergei Markov","@id":"https:\/\/itameriprojekti.fi\/sv\/#\/schema\/person\/93841f7a17884603aea545bef5bbbe2d"},"headline":"\u00d6stersj\u00f6projektet uppmanar allm\u00e4nheten att r\u00e4dda \u00d6stersj\u00f6n","datePublished":"2018-05-18T08:13:36+00:00","dateModified":"2023-12-27T12:10:51+00:00","mainEntityOfPage":{"@id":"https:\/\/itameriprojekti.fi\/sv\/nyheter\/ostersjoprojektet-uppmanar-allmanheten-att-radda-ostersjon\/"},"wordCount":453,"image":{"@id":"https:\/\/itameriprojekti.fi\/sv\/nyheter\/ostersjoprojektet-uppmanar-allmanheten-att-radda-ostersjon\/#primaryimage"},"thumbnailUrl":"https:\/\/itameriprojekti.fi\/wp-content\/uploads\/2019\/07\/itameri_2.png","articleSection":["Nyheter"],"inLanguage":"sv-SE"},{"@type":"WebPage","@id":"https:\/\/itameriprojekti.fi\/sv\/nyheter\/ostersjoprojektet-uppmanar-allmanheten-att-radda-ostersjon\/","url":"https:\/\/itameriprojekti.fi\/sv\/nyheter\/ostersjoprojektet-uppmanar-allmanheten-att-radda-ostersjon\/","name":"\u00d6stersj\u00f6projektet uppmanar allm\u00e4nheten att r\u00e4dda \u00d6stersj\u00f6n - \u00d6stersj\u00f6projektet","isPartOf":{"@id":"https:\/\/itameriprojekti.fi\/sv\/#website"},"primaryImageOfPage":{"@id":"https:\/\/itameriprojekti.fi\/sv\/nyheter\/ostersjoprojektet-uppmanar-allmanheten-att-radda-ostersjon\/#primaryimage"},"image":{"@id":"https:\/\/itameriprojekti.fi\/sv\/nyheter\/ostersjoprojektet-uppmanar-allmanheten-att-radda-ostersjon\/#primaryimage"},"thumbnailUrl":"https:\/\/itameriprojekti.fi\/wp-content\/uploads\/2019\/07\/itameri_2.png","datePublished":"2018-05-18T08:13:36+00:00","dateModified":"2023-12-27T12:10:51+00:00","author":{"@id":"https:\/\/itameriprojekti.fi\/sv\/#\/schema\/person\/93841f7a17884603aea545bef5bbbe2d"},"breadcrumb":{"@id":"https:\/\/itameriprojekti.fi\/sv\/nyheter\/ostersjoprojektet-uppmanar-allmanheten-att-radda-ostersjon\/#breadcrumb"},"inLanguage":"sv-SE","potentialAction":[{"@type":"ReadAction","target":["https:\/\/itameriprojekti.fi\/sv\/nyheter\/ostersjoprojektet-uppmanar-allmanheten-att-radda-ostersjon\/"]}]},{"@type":"ImageObject","inLanguage":"sv-SE","@id":"https:\/\/itameriprojekti.fi\/sv\/nyheter\/ostersjoprojektet-uppmanar-allmanheten-att-radda-ostersjon\/#primaryimage","url":"https:\/\/itameriprojekti.fi\/wp-content\/uploads\/2019\/07\/itameri_2.png","contentUrl":"https:\/\/itameriprojekti.fi\/wp-content\/uploads\/2019\/07\/itameri_2.png","width":1920,"height":1080},{"@type":"BreadcrumbList","@id":"https:\/\/itameriprojekti.fi\/sv\/nyheter\/ostersjoprojektet-uppmanar-allmanheten-att-radda-ostersjon\/#breadcrumb","itemListElement":[{"@type":"ListItem","position":1,"name":"Framsida","item":"https:\/\/itameriprojekti.fi\/sv\/"},{"@type":"ListItem","position":2,"name":"\u00d6stersj\u00f6projektet uppmanar allm\u00e4nheten att r\u00e4dda \u00d6stersj\u00f6n"}]},{"@type":"WebSite","@id":"https:\/\/itameriprojekti.fi\/sv\/#website","url":"https:\/\/itameriprojekti.fi\/sv\/","name":"\u00d6stersj\u00f6projektet","description":"\u00c5landsbankenin It\u00e4meriprojekti parantaa It\u00e4meren tilaa","potentialAction":[{"@type":"SearchAction","target":{"@type":"EntryPoint","urlTemplate":"https:\/\/itameriprojekti.fi\/sv\/?s={search_term_string}"},"query-input":{"@type":"PropertyValueSpecification","valueRequired":true,"valueName":"search_term_string"}}],"inLanguage":"sv-SE"},{"@type":"Person","@id":"https:\/\/itameriprojekti.fi\/sv\/#\/schema\/person\/93841f7a17884603aea545bef5bbbe2d","name":"Sergei Markov","sameAs":["https:\/\/cron.fi"]}]}},"_links":{"self":[{"href":"https:\/\/itameriprojekti.fi\/sv\/wp-json\/wp\/v2\/posts\/1360","targetHints":{"allow":["GET"]}}],"collection":[{"href":"https:\/\/itameriprojekti.fi\/sv\/wp-json\/wp\/v2\/posts"}],"about":[{"href":"https:\/\/itameriprojekti.fi\/sv\/wp-json\/wp\/v2\/types\/post"}],"author":[{"embeddable":true,"href":"https:\/\/itameriprojekti.fi\/sv\/wp-json\/wp\/v2\/users\/3"}],"replies":[{"embeddable":true,"href":"https:\/\/itameriprojekti.fi\/sv\/wp-json\/wp\/v2\/comments?post=1360"}],"version-history":[{"count":1,"href":"https:\/\/itameriprojekti.fi\/sv\/wp-json\/wp\/v2\/posts\/1360\/revisions"}],"predecessor-version":[{"id":1361,"href":"https:\/\/itameriprojekti.fi\/sv\/wp-json\/wp\/v2\/posts\/1360\/revisions\/1361"}],"wp:featuredmedia":[{"embeddable":true,"href":"https:\/\/itameriprojekti.fi\/sv\/wp-json\/wp\/v2\/media\/99"}],"wp:attachment":[{"href":"https:\/\/itameriprojekti.fi\/sv\/wp-json\/wp\/v2\/media?parent=1360"}],"wp:term":[{"taxonomy":"category","embeddable":true,"href":"https:\/\/itameriprojekti.fi\/sv\/wp-json\/wp\/v2\/categories?post=1360"},{"taxonomy":"post_tag","embeddable":true,"href":"https:\/\/itameriprojekti.fi\/sv\/wp-json\/wp\/v2\/tags?post=1360"}],"curies":[{"name":"wp","href":"https:\/\/api.w.org\/{rel}","templated":true}]}}