{"id":1363,"date":"2018-02-16T12:42:56","date_gmt":"2018-02-16T10:42:56","guid":{"rendered":"https:\/\/itameriprojekti.fi\/?p=1363"},"modified":"2023-12-27T14:13:10","modified_gmt":"2023-12-27T12:13:10","slug":"ostersjoprojektets-vinnare-bekampar-ostersjons-plastproblem","status":"publish","type":"post","link":"https:\/\/itameriprojekti.fi\/sv\/nyheter\/ostersjoprojektets-vinnare-bekampar-ostersjons-plastproblem\/","title":{"rendered":"\u00d6stersj\u00f6projektets vinnare bek\u00e4mpar \u00d6stersj\u00f6ns plastproblem"},"content":{"rendered":"<p><strong>\u00c5landsbankens \u00d6stersj\u00f6projekt finansierar i \u00e5r bland annat\u00a0olika\u00a0projekt som bek\u00e4mpar \u00d6stersj\u00f6ns plastproblem och n\u00e5gra\u00a0digitala innovationer. Totalt finansierar \u00d6stersj\u00f6projektet i \u00e5r nio projekt med n\u00e4stan 250\u00a0000 euro.<\/strong><\/p>\n<p><em>\u201dDet \u00e4r gl\u00e4djande att se hur stort engagemang det finns bland f\u00f6retag, stiftelser, skolor och privatpersoner f\u00f6r att r\u00e4dda \u00d6stersj\u00f6n. Ans\u00f6kningarna representerade en bred skala av l\u00f6sningar f\u00f6r att r\u00e4dda \u00d6stersj\u00f6n och det fanns mycket nyt\u00e4nk bland projekten\u201d<\/em>, s\u00e4ger <strong>Anne-Maria Salonius<\/strong>, \u00c5landsbankens direkt\u00f6r f\u00f6r aff\u00e4rsomr\u00e5det Finland<em>.<\/em><\/p>\n<p><strong>Samlare av plastavfall samlade ocks\u00e5 mest r\u00f6ster<\/strong><\/p>\n<p>Plastavfall och mikroplast \u00e4r n\u00e5got som oroar allm\u00e4nheten, vilket syns i de 124 ans\u00f6kningar som \u00d6stersj\u00f6projektet fick in. Oron m\u00e4rktes \u00e4ven i den allm\u00e4nna omr\u00f6stningen d\u00e5 det vinnande projektet samlade 37 % av r\u00f6sterna. Sammanlagt fick alla plastrelaterade projekt, fyra projekt av tolv, 64 % av r\u00f6sterna. Det vinnande projektet \u00e4r en samlare av plastavfall som kan anv\u00e4ndas f\u00f6r att st\u00e4da bort skr\u00e4p fr\u00e5n stora havsomr\u00e5den.<\/p>\n<p><em>&#8221;Plastproduktionen har vuxit snabbt de senaste decennierna. Andelen plastavfall av allt skr\u00e4p som samlas l\u00e4ngs \u00d6stersj\u00f6ns kust varierar fr\u00e5n 30 till 80 procent. Plastavfall i haven \u00e4r ett stort milj\u00f6problem\u00a0eftersom plasten har en l\u00e5ng livscykel.\u00a0Den bryts ner i mindre partiklar och\u00a0kan inneh\u00e5lla skadliga kemikalier. Mikroplast, som brutits ner fr\u00e5n till exempel s\u00f6nderfallet plastskr\u00e4p, \u00e4r s\u00e4rskilt skadligt eftersom den l\u00e4mpar sig storleksm\u00e4ssigt som f\u00f6da f\u00f6r m\u00e5nga marina organismer som f\u00e5glar, fiskar och ryggradsl\u00f6sa djur. Utsl\u00e4pp av mikroplaster\u00a0sker \u00e4ven fr\u00e5n hush\u00e5llen och trafiken.\u201d<\/em>, s\u00e4ger <strong>Seppo Knuuttila<\/strong>, specialforskare f\u00f6r havscentret vid Finlands milj\u00f6central (SYKE) och jurymedlem i \u00d6stersj\u00f6projektet.<\/p>\n<p>Vinnaren i den nya kategorin Digitala Innovationer \u00e4r John Nurminen Stiftelses plattform f\u00f6r gr\u00e4srotsfinansiering &#8211; Nutribute. Juryn f\u00f6r digitala innovationer \u00e4r utvidgad med <strong>Ilkka Paananen<\/strong>, vd f\u00f6r spelbolaget Supercell samt<strong>Niklas Zennstr\u00f6m<\/strong>, medgrundare av Skype.<\/p>\n<p><em>\u201dDet \u00e4r uppmuntrande att se gr\u00e4srotsfinansiering anv\u00e4ndas specifikt f\u00f6r att l\u00f6sa \u00d6stersj\u00f6ns utmaningar. Det finns m\u00e5nga id\u00e9er d\u00e4r ute som beh\u00f6ver st\u00f6d och det h\u00e4r \u00e4r ett bra s\u00e4tt att sammanf\u00f6ra akt\u00f6rer och p\u00e5skynda handlingarna genom att anv\u00e4nda en digital plattform. Nutribute har potential att skapa nya aff\u00e4rsm\u00f6jligheter och st\u00e4da upp \u00d6stersj\u00f6n &#8211; och jag ser fram emot att f\u00f6lja deras framsteg\u201d, <\/em>s\u00e4ger<strong> Niklas Zennstr\u00f6m.<\/strong><\/p>\n<p><strong>Vinnarna av den publika r\u00f6stningen samt storleken p\u00e5 finansiering:<\/strong><\/p>\n<ul>\n<li><strong>Placering 1:\u00a0<\/strong>En samlare f\u00f6r plastavfall, Clewat Oy\u00a070 000 \u20ac<\/li>\n<li><strong>Placering 2:\u00a0<\/strong>\u00d6stersj\u00f6n rent fr\u00e5n plast med bionedbrytbara f\u00f6rpackningar, Sulapac\u00a050 000 \u20ac<\/li>\n<li><strong>Placering 3:\u00a0<\/strong>Nutribute \u2013 plattform f\u00f6r gr\u00e4srotsfinansiering, John Nurminen Stiftelse\u00a015 000 \u20ac<\/li>\n<li><strong>\u00d6vriga finansierade projekt samt storlek p\u00e5 finansiering:<\/strong><\/li>\n<li>Inga mikroplaster i Slemmern, Mariehamns stad\u00a035\u00a0000 \u20ac<\/li>\n<li>Kustobservatoriet, Helsingfors Universitet\u00a035\u00a0000 \u20ac<\/li>\n<li>St\u00e4rka rovfiskbest\u00e5ndet, \u00c5lands Fiskev\u00e5rdsf\u00f6rening rf.\u00a05\u00a0000 \u20ac<\/li>\n<li>Froodly Go, Froodly Oy\u00a028\u00a0000 \u20ac<\/li>\n<li>Ungdom dina handlingar f\u00f6r \u00d6stersj\u00f6n, Karjaan yhteiskoulu\u00a03\u00a0500 \u20ac<\/li>\n<li>Eleverna bekantar sig med sk\u00e4rg\u00e5rdsnaturen, Rauman freinetkoulu\u00a04\u00a0100 \u20ac<\/li>\n<\/ul>\n<p>\u00c5landsbanken har i \u00e5r \u00e4ven varit med och st\u00f6ttat \u00d6stersj\u00f6n genom milj\u00f6organisationerna WWF Finland och Race For The Baltic med totalt 105\u00a0000 \u20ac. Sedan 1997 har \u00c5landsbanken delat ut n\u00e4stan 2 000 000 euro till olika milj\u00f6projekt.<\/p>\n<p><strong>JURY<br \/>\n<\/strong>Anne-Maria Salonius, juryordf\u00f6rande f\u00f6r \u00d6stersj\u00f6projektet<br \/>\nKarl-Johan Lehtinen, Milj\u00f6chef vid NEFCO (Nordiska milj\u00f6finansieringsbolaget)<br \/>\nSeppo Knuuttila, Specialforskare f\u00f6r havscentret vid Finlands milj\u00f6central (SYKE)<br \/>\nLotta Nummelin, VD f\u00f6r \u00d6stersj\u00f6fonden<br \/>\nAlf Norkko, Professor i \u00d6stersj\u00f6forskning p\u00e5 Tv\u00e4rminne zoologiska station vid Helsingfors Universitet.<\/p>\n<p><strong>Till\u00e4ggsinformation:<br \/>\n<\/strong>Mera information om de vinnande projekten finns p\u00e5 sidan <a href=\"http:\/\/www.balticseaproject.org\/2017\">http:\/\/www.balticseaproject.org\/2017<\/a><br \/>\n\u00c5landsbanken Abp: Anne-Maria Salonius, direkt\u00f6r f\u00f6r aff\u00e4rsomr\u00e5det Finland, tfn +358 40\u00a0733 1106.<\/p>\n","protected":false},"excerpt":{"rendered":"<p>\u00c5landsbankens \u00d6stersj\u00f6projekt finansierar i \u00e5r bland annat\u00a0olika\u00a0projekt som bek\u00e4mpar \u00d6stersj\u00f6ns plastproblem och n\u00e5gra\u00a0digitala innovationer. Totalt finansierar \u00d6stersj\u00f6projektet i \u00e5r nio [&hellip;]<\/p>\n","protected":false},"author":3,"featured_media":103,"comment_status":"closed","ping_status":"open","sticky":false,"template":"","format":"standard","meta":{"footnotes":""},"categories":[66],"tags":[],"class_list":["post-1363","post","type-post","status-publish","format-standard","has-post-thumbnail","hentry","category-nyheter"],"yoast_head":"<!-- This site is optimized with the Yoast SEO plugin v27.0 - https:\/\/yoast.com\/product\/yoast-seo-wordpress\/ -->\n<title>\u00d6stersj\u00f6projektets vinnare bek\u00e4mpar \u00d6stersj\u00f6ns plastproblem - \u00d6stersj\u00f6projektet<\/title>\n<meta name=\"robots\" content=\"index, follow, max-snippet:-1, max-image-preview:large, max-video-preview:-1\" \/>\n<link rel=\"canonical\" href=\"https:\/\/itameriprojekti.fi\/sv\/nyheter\/ostersjoprojektets-vinnare-bekampar-ostersjons-plastproblem\/\" \/>\n<meta property=\"og:locale\" content=\"sv_SE\" \/>\n<meta property=\"og:type\" content=\"article\" \/>\n<meta property=\"og:title\" content=\"\u00d6stersj\u00f6projektets vinnare bek\u00e4mpar \u00d6stersj\u00f6ns plastproblem - \u00d6stersj\u00f6projektet\" \/>\n<meta property=\"og:description\" content=\"\u00c5landsbankens \u00d6stersj\u00f6projekt finansierar i \u00e5r bland annat\u00a0olika\u00a0projekt som bek\u00e4mpar \u00d6stersj\u00f6ns plastproblem och n\u00e5gra\u00a0digitala innovationer. Totalt finansierar \u00d6stersj\u00f6projektet i \u00e5r nio [&hellip;]\" \/>\n<meta property=\"og:url\" content=\"https:\/\/itameriprojekti.fi\/sv\/nyheter\/ostersjoprojektets-vinnare-bekampar-ostersjons-plastproblem\/\" \/>\n<meta property=\"og:site_name\" content=\"\u00d6stersj\u00f6projektet\" \/>\n<meta property=\"article:published_time\" content=\"2018-02-16T10:42:56+00:00\" \/>\n<meta property=\"article:modified_time\" content=\"2023-12-27T12:13:10+00:00\" \/>\n<meta property=\"og:image\" content=\"https:\/\/itameriprojekti.fi\/wp-content\/uploads\/2019\/07\/itameriprojektinvoittaja.jpg\" \/>\n\t<meta property=\"og:image:width\" content=\"866\" \/>\n\t<meta property=\"og:image:height\" content=\"602\" \/>\n\t<meta property=\"og:image:type\" content=\"image\/jpeg\" \/>\n<meta name=\"author\" content=\"Sergei Markov\" \/>\n<meta name=\"twitter:card\" content=\"summary_large_image\" \/>\n<meta name=\"twitter:label1\" content=\"Skriven av\" \/>\n\t<meta name=\"twitter:data1\" content=\"Sergei Markov\" \/>\n\t<meta name=\"twitter:label2\" content=\"Ber\u00e4knad l\u00e4stid\" \/>\n\t<meta name=\"twitter:data2\" content=\"3 minuter\" \/>\n<script type=\"application\/ld+json\" class=\"yoast-schema-graph\">{\"@context\":\"https:\/\/schema.org\",\"@graph\":[{\"@type\":\"Article\",\"@id\":\"https:\/\/itameriprojekti.fi\/sv\/nyheter\/ostersjoprojektets-vinnare-bekampar-ostersjons-plastproblem\/#article\",\"isPartOf\":{\"@id\":\"https:\/\/itameriprojekti.fi\/sv\/nyheter\/ostersjoprojektets-vinnare-bekampar-ostersjons-plastproblem\/\"},\"author\":{\"name\":\"Sergei Markov\",\"@id\":\"https:\/\/itameriprojekti.fi\/sv\/#\/schema\/person\/93841f7a17884603aea545bef5bbbe2d\"},\"headline\":\"\u00d6stersj\u00f6projektets vinnare bek\u00e4mpar \u00d6stersj\u00f6ns plastproblem\",\"datePublished\":\"2018-02-16T10:42:56+00:00\",\"dateModified\":\"2023-12-27T12:13:10+00:00\",\"mainEntityOfPage\":{\"@id\":\"https:\/\/itameriprojekti.fi\/sv\/nyheter\/ostersjoprojektets-vinnare-bekampar-ostersjons-plastproblem\/\"},\"wordCount\":637,\"image\":{\"@id\":\"https:\/\/itameriprojekti.fi\/sv\/nyheter\/ostersjoprojektets-vinnare-bekampar-ostersjons-plastproblem\/#primaryimage\"},\"thumbnailUrl\":\"https:\/\/itameriprojekti.fi\/wp-content\/uploads\/2019\/07\/itameriprojektinvoittaja.jpg\",\"articleSection\":[\"Nyheter\"],\"inLanguage\":\"sv-SE\"},{\"@type\":\"WebPage\",\"@id\":\"https:\/\/itameriprojekti.fi\/sv\/nyheter\/ostersjoprojektets-vinnare-bekampar-ostersjons-plastproblem\/\",\"url\":\"https:\/\/itameriprojekti.fi\/sv\/nyheter\/ostersjoprojektets-vinnare-bekampar-ostersjons-plastproblem\/\",\"name\":\"\u00d6stersj\u00f6projektets vinnare bek\u00e4mpar \u00d6stersj\u00f6ns plastproblem - \u00d6stersj\u00f6projektet\",\"isPartOf\":{\"@id\":\"https:\/\/itameriprojekti.fi\/sv\/#website\"},\"primaryImageOfPage\":{\"@id\":\"https:\/\/itameriprojekti.fi\/sv\/nyheter\/ostersjoprojektets-vinnare-bekampar-ostersjons-plastproblem\/#primaryimage\"},\"image\":{\"@id\":\"https:\/\/itameriprojekti.fi\/sv\/nyheter\/ostersjoprojektets-vinnare-bekampar-ostersjons-plastproblem\/#primaryimage\"},\"thumbnailUrl\":\"https:\/\/itameriprojekti.fi\/wp-content\/uploads\/2019\/07\/itameriprojektinvoittaja.jpg\",\"datePublished\":\"2018-02-16T10:42:56+00:00\",\"dateModified\":\"2023-12-27T12:13:10+00:00\",\"author\":{\"@id\":\"https:\/\/itameriprojekti.fi\/sv\/#\/schema\/person\/93841f7a17884603aea545bef5bbbe2d\"},\"breadcrumb\":{\"@id\":\"https:\/\/itameriprojekti.fi\/sv\/nyheter\/ostersjoprojektets-vinnare-bekampar-ostersjons-plastproblem\/#breadcrumb\"},\"inLanguage\":\"sv-SE\",\"potentialAction\":[{\"@type\":\"ReadAction\",\"target\":[\"https:\/\/itameriprojekti.fi\/sv\/nyheter\/ostersjoprojektets-vinnare-bekampar-ostersjons-plastproblem\/\"]}]},{\"@type\":\"ImageObject\",\"inLanguage\":\"sv-SE\",\"@id\":\"https:\/\/itameriprojekti.fi\/sv\/nyheter\/ostersjoprojektets-vinnare-bekampar-ostersjons-plastproblem\/#primaryimage\",\"url\":\"https:\/\/itameriprojekti.fi\/wp-content\/uploads\/2019\/07\/itameriprojektinvoittaja.jpg\",\"contentUrl\":\"https:\/\/itameriprojekti.fi\/wp-content\/uploads\/2019\/07\/itameriprojektinvoittaja.jpg\",\"width\":866,\"height\":602},{\"@type\":\"BreadcrumbList\",\"@id\":\"https:\/\/itameriprojekti.fi\/sv\/nyheter\/ostersjoprojektets-vinnare-bekampar-ostersjons-plastproblem\/#breadcrumb\",\"itemListElement\":[{\"@type\":\"ListItem\",\"position\":1,\"name\":\"Framsida\",\"item\":\"https:\/\/itameriprojekti.fi\/sv\/\"},{\"@type\":\"ListItem\",\"position\":2,\"name\":\"\u00d6stersj\u00f6projektets vinnare bek\u00e4mpar \u00d6stersj\u00f6ns plastproblem\"}]},{\"@type\":\"WebSite\",\"@id\":\"https:\/\/itameriprojekti.fi\/sv\/#website\",\"url\":\"https:\/\/itameriprojekti.fi\/sv\/\",\"name\":\"\u00d6stersj\u00f6projektet\",\"description\":\"\u00c5landsbankenin It\u00e4meriprojekti parantaa It\u00e4meren tilaa\",\"potentialAction\":[{\"@type\":\"SearchAction\",\"target\":{\"@type\":\"EntryPoint\",\"urlTemplate\":\"https:\/\/itameriprojekti.fi\/sv\/?s={search_term_string}\"},\"query-input\":{\"@type\":\"PropertyValueSpecification\",\"valueRequired\":true,\"valueName\":\"search_term_string\"}}],\"inLanguage\":\"sv-SE\"},{\"@type\":\"Person\",\"@id\":\"https:\/\/itameriprojekti.fi\/sv\/#\/schema\/person\/93841f7a17884603aea545bef5bbbe2d\",\"name\":\"Sergei Markov\",\"sameAs\":[\"https:\/\/cron.fi\"]}]}<\/script>\n<!-- \/ Yoast SEO plugin. -->","yoast_head_json":{"title":"\u00d6stersj\u00f6projektets vinnare bek\u00e4mpar \u00d6stersj\u00f6ns plastproblem - \u00d6stersj\u00f6projektet","robots":{"index":"index","follow":"follow","max-snippet":"max-snippet:-1","max-image-preview":"max-image-preview:large","max-video-preview":"max-video-preview:-1"},"canonical":"https:\/\/itameriprojekti.fi\/sv\/nyheter\/ostersjoprojektets-vinnare-bekampar-ostersjons-plastproblem\/","og_locale":"sv_SE","og_type":"article","og_title":"\u00d6stersj\u00f6projektets vinnare bek\u00e4mpar \u00d6stersj\u00f6ns plastproblem - \u00d6stersj\u00f6projektet","og_description":"\u00c5landsbankens \u00d6stersj\u00f6projekt finansierar i \u00e5r bland annat\u00a0olika\u00a0projekt som bek\u00e4mpar \u00d6stersj\u00f6ns plastproblem och n\u00e5gra\u00a0digitala innovationer. Totalt finansierar \u00d6stersj\u00f6projektet i \u00e5r nio [&hellip;]","og_url":"https:\/\/itameriprojekti.fi\/sv\/nyheter\/ostersjoprojektets-vinnare-bekampar-ostersjons-plastproblem\/","og_site_name":"\u00d6stersj\u00f6projektet","article_published_time":"2018-02-16T10:42:56+00:00","article_modified_time":"2023-12-27T12:13:10+00:00","og_image":[{"width":866,"height":602,"url":"https:\/\/itameriprojekti.fi\/wp-content\/uploads\/2019\/07\/itameriprojektinvoittaja.jpg","type":"image\/jpeg"}],"author":"Sergei Markov","twitter_card":"summary_large_image","twitter_misc":{"Skriven av":"Sergei Markov","Ber\u00e4knad l\u00e4stid":"3 minuter"},"schema":{"@context":"https:\/\/schema.org","@graph":[{"@type":"Article","@id":"https:\/\/itameriprojekti.fi\/sv\/nyheter\/ostersjoprojektets-vinnare-bekampar-ostersjons-plastproblem\/#article","isPartOf":{"@id":"https:\/\/itameriprojekti.fi\/sv\/nyheter\/ostersjoprojektets-vinnare-bekampar-ostersjons-plastproblem\/"},"author":{"name":"Sergei Markov","@id":"https:\/\/itameriprojekti.fi\/sv\/#\/schema\/person\/93841f7a17884603aea545bef5bbbe2d"},"headline":"\u00d6stersj\u00f6projektets vinnare bek\u00e4mpar \u00d6stersj\u00f6ns plastproblem","datePublished":"2018-02-16T10:42:56+00:00","dateModified":"2023-12-27T12:13:10+00:00","mainEntityOfPage":{"@id":"https:\/\/itameriprojekti.fi\/sv\/nyheter\/ostersjoprojektets-vinnare-bekampar-ostersjons-plastproblem\/"},"wordCount":637,"image":{"@id":"https:\/\/itameriprojekti.fi\/sv\/nyheter\/ostersjoprojektets-vinnare-bekampar-ostersjons-plastproblem\/#primaryimage"},"thumbnailUrl":"https:\/\/itameriprojekti.fi\/wp-content\/uploads\/2019\/07\/itameriprojektinvoittaja.jpg","articleSection":["Nyheter"],"inLanguage":"sv-SE"},{"@type":"WebPage","@id":"https:\/\/itameriprojekti.fi\/sv\/nyheter\/ostersjoprojektets-vinnare-bekampar-ostersjons-plastproblem\/","url":"https:\/\/itameriprojekti.fi\/sv\/nyheter\/ostersjoprojektets-vinnare-bekampar-ostersjons-plastproblem\/","name":"\u00d6stersj\u00f6projektets vinnare bek\u00e4mpar \u00d6stersj\u00f6ns plastproblem - \u00d6stersj\u00f6projektet","isPartOf":{"@id":"https:\/\/itameriprojekti.fi\/sv\/#website"},"primaryImageOfPage":{"@id":"https:\/\/itameriprojekti.fi\/sv\/nyheter\/ostersjoprojektets-vinnare-bekampar-ostersjons-plastproblem\/#primaryimage"},"image":{"@id":"https:\/\/itameriprojekti.fi\/sv\/nyheter\/ostersjoprojektets-vinnare-bekampar-ostersjons-plastproblem\/#primaryimage"},"thumbnailUrl":"https:\/\/itameriprojekti.fi\/wp-content\/uploads\/2019\/07\/itameriprojektinvoittaja.jpg","datePublished":"2018-02-16T10:42:56+00:00","dateModified":"2023-12-27T12:13:10+00:00","author":{"@id":"https:\/\/itameriprojekti.fi\/sv\/#\/schema\/person\/93841f7a17884603aea545bef5bbbe2d"},"breadcrumb":{"@id":"https:\/\/itameriprojekti.fi\/sv\/nyheter\/ostersjoprojektets-vinnare-bekampar-ostersjons-plastproblem\/#breadcrumb"},"inLanguage":"sv-SE","potentialAction":[{"@type":"ReadAction","target":["https:\/\/itameriprojekti.fi\/sv\/nyheter\/ostersjoprojektets-vinnare-bekampar-ostersjons-plastproblem\/"]}]},{"@type":"ImageObject","inLanguage":"sv-SE","@id":"https:\/\/itameriprojekti.fi\/sv\/nyheter\/ostersjoprojektets-vinnare-bekampar-ostersjons-plastproblem\/#primaryimage","url":"https:\/\/itameriprojekti.fi\/wp-content\/uploads\/2019\/07\/itameriprojektinvoittaja.jpg","contentUrl":"https:\/\/itameriprojekti.fi\/wp-content\/uploads\/2019\/07\/itameriprojektinvoittaja.jpg","width":866,"height":602},{"@type":"BreadcrumbList","@id":"https:\/\/itameriprojekti.fi\/sv\/nyheter\/ostersjoprojektets-vinnare-bekampar-ostersjons-plastproblem\/#breadcrumb","itemListElement":[{"@type":"ListItem","position":1,"name":"Framsida","item":"https:\/\/itameriprojekti.fi\/sv\/"},{"@type":"ListItem","position":2,"name":"\u00d6stersj\u00f6projektets vinnare bek\u00e4mpar \u00d6stersj\u00f6ns plastproblem"}]},{"@type":"WebSite","@id":"https:\/\/itameriprojekti.fi\/sv\/#website","url":"https:\/\/itameriprojekti.fi\/sv\/","name":"\u00d6stersj\u00f6projektet","description":"\u00c5landsbankenin It\u00e4meriprojekti parantaa It\u00e4meren tilaa","potentialAction":[{"@type":"SearchAction","target":{"@type":"EntryPoint","urlTemplate":"https:\/\/itameriprojekti.fi\/sv\/?s={search_term_string}"},"query-input":{"@type":"PropertyValueSpecification","valueRequired":true,"valueName":"search_term_string"}}],"inLanguage":"sv-SE"},{"@type":"Person","@id":"https:\/\/itameriprojekti.fi\/sv\/#\/schema\/person\/93841f7a17884603aea545bef5bbbe2d","name":"Sergei Markov","sameAs":["https:\/\/cron.fi"]}]}},"_links":{"self":[{"href":"https:\/\/itameriprojekti.fi\/sv\/wp-json\/wp\/v2\/posts\/1363","targetHints":{"allow":["GET"]}}],"collection":[{"href":"https:\/\/itameriprojekti.fi\/sv\/wp-json\/wp\/v2\/posts"}],"about":[{"href":"https:\/\/itameriprojekti.fi\/sv\/wp-json\/wp\/v2\/types\/post"}],"author":[{"embeddable":true,"href":"https:\/\/itameriprojekti.fi\/sv\/wp-json\/wp\/v2\/users\/3"}],"replies":[{"embeddable":true,"href":"https:\/\/itameriprojekti.fi\/sv\/wp-json\/wp\/v2\/comments?post=1363"}],"version-history":[{"count":1,"href":"https:\/\/itameriprojekti.fi\/sv\/wp-json\/wp\/v2\/posts\/1363\/revisions"}],"predecessor-version":[{"id":1365,"href":"https:\/\/itameriprojekti.fi\/sv\/wp-json\/wp\/v2\/posts\/1363\/revisions\/1365"}],"wp:featuredmedia":[{"embeddable":true,"href":"https:\/\/itameriprojekti.fi\/sv\/wp-json\/wp\/v2\/media\/103"}],"wp:attachment":[{"href":"https:\/\/itameriprojekti.fi\/sv\/wp-json\/wp\/v2\/media?parent=1363"}],"wp:term":[{"taxonomy":"category","embeddable":true,"href":"https:\/\/itameriprojekti.fi\/sv\/wp-json\/wp\/v2\/categories?post=1363"},{"taxonomy":"post_tag","embeddable":true,"href":"https:\/\/itameriprojekti.fi\/sv\/wp-json\/wp\/v2\/tags?post=1363"}],"curies":[{"name":"wp","href":"https:\/\/api.w.org\/{rel}","templated":true}]}}