{"id":1366,"date":"2017-12-11T12:52:26","date_gmt":"2017-12-11T10:52:26","guid":{"rendered":"https:\/\/itameriprojekti.fi\/?p=1366"},"modified":"2023-12-27T14:14:18","modified_gmt":"2023-12-27T12:14:18","slug":"mat-det-viktigaste-valet-i-var-vardag-ur-ett-miljoperspektiv","status":"publish","type":"post","link":"https:\/\/itameriprojekti.fi\/sv\/nyheter\/mat-det-viktigaste-valet-i-var-vardag-ur-ett-miljoperspektiv\/","title":{"rendered":"Mat, det viktigaste valet i v\u00e5r vardag ur ett milj\u00f6perspektiv"},"content":{"rendered":"<p>Klimatf\u00f6r\u00e4ndringen \u00e4r den st\u00f6rsta utmaningen av v\u00e5r tid och det kr\u00e4vs stater, f\u00f6retag, organisationer och medborgare f\u00f6r att bek\u00e4mpa\u00a0den. Det finns inte l\u00e4ngre\u00a0tid f\u00f6r tomt prat, utan det\u00a0beh\u00f6vs konkreta \u00e5tg\u00e4rder omedelbart. Under FN:s \u00e5rsm\u00f6te i New York\u00a0ordnades <strong class=\"redactor-inline-converted\">Zero Emissions Summit<\/strong>\u00a0som en \u00e5tg\u00e4rd f\u00f6r att bek\u00e4mpa klimatf\u00f6r\u00e4ndringen. Tillst\u00e4llningen\u00a0syftade till att betona individers m\u00f6jligheter att p\u00e5verka klimatf\u00f6r\u00e4ndringen.<\/p>\n<p><strong class=\"redactor-inline-converted\">Finlands president Sauli Niinist\u00f6 <\/strong>\u00f6ppnade tillst\u00e4llningen och visade \u00e5terigen ledarskap genom att betona klimatf\u00f6r\u00e4ndringens allvar. Han visade ocks\u00e5 sitt eget engagemang genom att ber\u00e4tta om sina\u00a0f\u00f6rs\u00f6k att\u00a0minska sitt koldioxidavtryck. Som en viktig\u00a0\u00e5tg\u00e4rd n\u00e4mnde\u00a0Niinist\u00f6 sitt eget\u00a0m\u00e5l att minska p\u00e5 matsvinnet. I slutet av oktober ber\u00e4ttade Niinist\u00f6 p\u00e5 Twitter att han numera \u00e4ter k\u00f6tt endast en g\u00e5ng i veckan.<\/p>\n<p>\u00c4ven<strong> minister Kai Mykk\u00e4nen<\/strong>\u00a0po\u00e4ngterade vikten av varje medborgares individuella val. Som ett exempel ber\u00e4ttade Mykk\u00e4nen om sina egna insatser i att minska sin familjs\u00a0k\u00f6ttkonsumtion. Mykk\u00e4nen erk\u00e4nde att det kr\u00e4vs en del jobb\u00a0f\u00f6r att uppn\u00e5 m\u00e5let, men med hj\u00e4lp av sunt f\u00f6rnuft\u00a0kommer de att lyckas.<\/p>\n<p>Min egen keynote fokuserade ocks\u00e5 p\u00e5 mat, s\u00e4rskilt p\u00e5 hur minskningen av k\u00f6ttkonsumtion kan p\u00e5verka klimatf\u00f6r\u00e4ndringen.<\/p>\n<p>De l\u00e4nder som\u00a0undertecknade\u00a0klimatavtalet p\u00e5 FN:s klimatm\u00f6te i Bonn i november\u00a0letar som b\u00e4st\u00a0efter gemensamma spelregler p\u00e5 hur man rapporterar om sina utsl\u00e4pp och minskningen av dessa. Det \u00e4r tydligt att l\u00e4nderna kommer att beh\u00f6va \u00f6ka utsl\u00e4ppsminskningarna redan under de n\u00e4rmaste \u00e5ren. Enligt en f\u00e4rsk\u00a0rapport\u00a0av FN:s milj\u00f6program\u00a0UNEP\u00a0t\u00e4cker\u00a0nuvarande utsl\u00e4ppsf\u00f6rpliktelser endast en tredjedel av de utsl\u00e4ppsminskningar som beh\u00f6vs f\u00f6r att begr\u00e4nsa atmosf\u00e4rens\u00a0temperatur\u00f6kning\u00a0till tv\u00e5 grader. \u00c4ven i Bonn lyftes matens roll\u00a0som en\u00a0viktig\u00a0\u00e5tg\u00e4rd i\u00a0klimatf\u00f6r\u00e4ndringens bek\u00e4mpning: om vi inte \u00e4ndrar v\u00e5ra matvanor, kommer vi aldrig att uppn\u00e5 klimatm\u00e5len.<\/p>\n<p><strong>Varf\u00f6r har mat &#8211; och s\u00e4rskilt k\u00f6tt &#8211;\u00a0spelat en s\u00e5 stor roll vid senaste m\u00f6ten och tillst\u00e4llningar?<\/strong><\/p>\n<p>Om boskap var ett land, skulle det vara\u00a0det tredje st\u00f6rsta landet med\u00a0v\u00e4xthusgasutsl\u00e4pp\u00a0i hela\u00a0v\u00e4rlden. \u00d6kningen av jordbruk\u00a0\u00e4r den fr\u00e4msta k\u00e4llan till avskogning. Cirka 80 % av jordbruksmarken anv\u00e4nds f\u00f6r boskapsproduktionens behov. I Finland st\u00e5r livsmedel f\u00f6r 20 % av koldioxidavtrycket, vilket \u00e4r lika mycket som transportutsl\u00e4ppen. Genom att \u00e4ta milj\u00f6v\u00e4nligt kan vi alla effektivt lindra klimatf\u00f6r\u00e4ndringen.<\/p>\n<p>Men hur kan man f\u00e5 individer att \u00f6verg\u00e5 till en milj\u00f6v\u00e4nligare kosth\u00e5llning? Man borde\u00a0f\u00f6rse m\u00e4nniskor med l\u00e4ttanv\u00e4nda l\u00f6sningar\u00a0vars effekter\u00a0enkelt kan\u00a0m\u00e4tas. Tv\u00e5 bra exempel i samband med\u00a0mat och koldioxidavtryck\u00a0\u00e4r<strong class=\"redactor-inline-converted\">WWF:s K\u00f6ttguide<\/strong>\u00a0och\u00a0<strong class=\"redactor-inline-converted\">\u00c5landsbankens \u00d6stersj\u00f6kort<\/strong>.<\/p>\n<p>WWF:s k\u00f6ttguide \u00e4r en mobilapplikation\u00a0som ger praktiska r\u00e5d\u00a0f\u00f6r ansvarsfulla val. Den uppmuntrar oss alla\u00a0att \u00e4ta mindre k\u00f6tt och \u00f6ka p\u00e5\u00a0m\u00e4ngden gr\u00f6nsaker och h\u00e5llbart fiskad eller odlad fisk i v\u00e5r kosth\u00e5llning. Dessutom rekommenderar k\u00f6ttguiden milj\u00f6v\u00e4nligare k\u00f6tt p\u00e5 tallriken de g\u00e5nger man v\u00e4ljer att \u00e4ta\u00a0k\u00f6tt. Klimatv\u00e4nlig mat \u00e4r ocks\u00e5 h\u00e4lsosammare \u00e4n mat som inneh\u00e5ller mycket\u00a0k\u00f6tt!<\/p>\n<p><a href=\"http:\/\/www.balticseaproject.org\/ostersjokortet\" target=\"_blank\" rel=\"noopener\">\u00d6stersj\u00f6kortet<\/a>, lanserat av \u00c5landsbanken, presenterades ocks\u00e5 p\u00e5 Zero Emissions Summit. \u00d6stersj\u00f6kortet \u00e4r ett helt unikt biologiskt nedbrytbart betalkort som ber\u00e4knar kundernas\u00a0koldioxidavtryck baserat p\u00e5 deras genomsnittliga ink\u00f6p. Kunder\u00a0med \u00d6stersj\u00f6kortet f\u00e5r tillg\u00e5ng till presentation\u00a0av\u00a0koldioxidavtrycket via Internetkontoret eller Mobilbanken, och de kan ocks\u00e5 v\u00e4lja att donera pengar till\u00a0viktiga milj\u00f6projekt. Genom att illustrera hur vi som konsumenter p\u00e5verkar milj\u00f6n\u00a0vill \u00c5landsbanken hj\u00e4lpa\u00a0oss\u00a0att g\u00f6ra mer medvetna val i vardagen. \u00d6stersj\u00f6kortet \u00e4r kopplat till \u00c5land Index, ett ber\u00e4kningssystem\u00a0som m\u00e4ter koldioxidavtrycket av ink\u00f6pen. \u00c5land Index \u00e4r \u00e4ven \u00f6ppet f\u00f6r andra banker. Man kan inte r\u00e4dda v\u00e4rlden ensam, men tillsammans \u00e4r det fullt m\u00f6jligt.<\/p>\n<p>Jag uppmuntrar alla till att r\u00e4dda v\u00e5r\u00a0planet\u00a0en portion och ett\u00a0ink\u00f6p \u00e5t g\u00e5ngen. Vi kan\u00a0alla vara\u00a0klimathj\u00e4ltar i v\u00e5r egna vardag!<\/p>\n<p>Liisa Rohweder<br \/>\nHuvudsekreterare, WWF Finland<\/p>\n","protected":false},"excerpt":{"rendered":"<p>Klimatf\u00f6r\u00e4ndringen \u00e4r den st\u00f6rsta utmaningen av v\u00e5r tid och det kr\u00e4vs stater, f\u00f6retag, organisationer och medborgare f\u00f6r att bek\u00e4mpa\u00a0den. Det [&hellip;]<\/p>\n","protected":false},"author":3,"featured_media":109,"comment_status":"closed","ping_status":"open","sticky":false,"template":"","format":"standard","meta":{"footnotes":""},"categories":[66],"tags":[],"class_list":["post-1366","post","type-post","status-publish","format-standard","has-post-thumbnail","hentry","category-nyheter"],"yoast_head":"<!-- This site is optimized with the Yoast SEO plugin v27.0 - https:\/\/yoast.com\/product\/yoast-seo-wordpress\/ -->\n<title>Mat, det viktigaste valet i v\u00e5r vardag ur ett milj\u00f6perspektiv - \u00d6stersj\u00f6projektet<\/title>\n<meta name=\"robots\" content=\"index, follow, max-snippet:-1, max-image-preview:large, max-video-preview:-1\" \/>\n<link rel=\"canonical\" href=\"https:\/\/itameriprojekti.fi\/sv\/nyheter\/mat-det-viktigaste-valet-i-var-vardag-ur-ett-miljoperspektiv\/\" \/>\n<meta property=\"og:locale\" content=\"sv_SE\" \/>\n<meta property=\"og:type\" content=\"article\" \/>\n<meta property=\"og:title\" content=\"Mat, det viktigaste valet i v\u00e5r vardag ur ett milj\u00f6perspektiv - \u00d6stersj\u00f6projektet\" \/>\n<meta property=\"og:description\" content=\"Klimatf\u00f6r\u00e4ndringen \u00e4r den st\u00f6rsta utmaningen av v\u00e5r tid och det kr\u00e4vs stater, f\u00f6retag, organisationer och medborgare f\u00f6r att bek\u00e4mpa\u00a0den. Det [&hellip;]\" \/>\n<meta property=\"og:url\" content=\"https:\/\/itameriprojekti.fi\/sv\/nyheter\/mat-det-viktigaste-valet-i-var-vardag-ur-ett-miljoperspektiv\/\" \/>\n<meta property=\"og:site_name\" content=\"\u00d6stersj\u00f6projektet\" \/>\n<meta property=\"article:published_time\" content=\"2017-12-11T10:52:26+00:00\" \/>\n<meta property=\"article:modified_time\" content=\"2023-12-27T12:14:18+00:00\" \/>\n<meta property=\"og:image\" content=\"https:\/\/itameriprojekti.fi\/wp-content\/uploads\/2019\/07\/Liisa.jpg\" \/>\n\t<meta property=\"og:image:width\" content=\"1853\" \/>\n\t<meta property=\"og:image:height\" content=\"921\" \/>\n\t<meta property=\"og:image:type\" content=\"image\/jpeg\" \/>\n<meta name=\"author\" content=\"Sergei Markov\" \/>\n<meta name=\"twitter:card\" content=\"summary_large_image\" \/>\n<meta name=\"twitter:label1\" content=\"Skriven av\" \/>\n\t<meta name=\"twitter:data1\" content=\"Sergei Markov\" \/>\n\t<meta name=\"twitter:label2\" content=\"Ber\u00e4knad l\u00e4stid\" \/>\n\t<meta name=\"twitter:data2\" content=\"4 minuter\" \/>\n<script type=\"application\/ld+json\" class=\"yoast-schema-graph\">{\"@context\":\"https:\/\/schema.org\",\"@graph\":[{\"@type\":\"Article\",\"@id\":\"https:\/\/itameriprojekti.fi\/sv\/nyheter\/mat-det-viktigaste-valet-i-var-vardag-ur-ett-miljoperspektiv\/#article\",\"isPartOf\":{\"@id\":\"https:\/\/itameriprojekti.fi\/sv\/nyheter\/mat-det-viktigaste-valet-i-var-vardag-ur-ett-miljoperspektiv\/\"},\"author\":{\"name\":\"Sergei Markov\",\"@id\":\"https:\/\/itameriprojekti.fi\/sv\/#\/schema\/person\/93841f7a17884603aea545bef5bbbe2d\"},\"headline\":\"Mat, det viktigaste valet i v\u00e5r vardag ur ett milj\u00f6perspektiv\",\"datePublished\":\"2017-12-11T10:52:26+00:00\",\"dateModified\":\"2023-12-27T12:14:18+00:00\",\"mainEntityOfPage\":{\"@id\":\"https:\/\/itameriprojekti.fi\/sv\/nyheter\/mat-det-viktigaste-valet-i-var-vardag-ur-ett-miljoperspektiv\/\"},\"wordCount\":759,\"image\":{\"@id\":\"https:\/\/itameriprojekti.fi\/sv\/nyheter\/mat-det-viktigaste-valet-i-var-vardag-ur-ett-miljoperspektiv\/#primaryimage\"},\"thumbnailUrl\":\"https:\/\/itameriprojekti.fi\/wp-content\/uploads\/2019\/07\/Liisa.jpg\",\"articleSection\":[\"Nyheter\"],\"inLanguage\":\"sv-SE\"},{\"@type\":\"WebPage\",\"@id\":\"https:\/\/itameriprojekti.fi\/sv\/nyheter\/mat-det-viktigaste-valet-i-var-vardag-ur-ett-miljoperspektiv\/\",\"url\":\"https:\/\/itameriprojekti.fi\/sv\/nyheter\/mat-det-viktigaste-valet-i-var-vardag-ur-ett-miljoperspektiv\/\",\"name\":\"Mat, det viktigaste valet i v\u00e5r vardag ur ett milj\u00f6perspektiv - \u00d6stersj\u00f6projektet\",\"isPartOf\":{\"@id\":\"https:\/\/itameriprojekti.fi\/sv\/#website\"},\"primaryImageOfPage\":{\"@id\":\"https:\/\/itameriprojekti.fi\/sv\/nyheter\/mat-det-viktigaste-valet-i-var-vardag-ur-ett-miljoperspektiv\/#primaryimage\"},\"image\":{\"@id\":\"https:\/\/itameriprojekti.fi\/sv\/nyheter\/mat-det-viktigaste-valet-i-var-vardag-ur-ett-miljoperspektiv\/#primaryimage\"},\"thumbnailUrl\":\"https:\/\/itameriprojekti.fi\/wp-content\/uploads\/2019\/07\/Liisa.jpg\",\"datePublished\":\"2017-12-11T10:52:26+00:00\",\"dateModified\":\"2023-12-27T12:14:18+00:00\",\"author\":{\"@id\":\"https:\/\/itameriprojekti.fi\/sv\/#\/schema\/person\/93841f7a17884603aea545bef5bbbe2d\"},\"breadcrumb\":{\"@id\":\"https:\/\/itameriprojekti.fi\/sv\/nyheter\/mat-det-viktigaste-valet-i-var-vardag-ur-ett-miljoperspektiv\/#breadcrumb\"},\"inLanguage\":\"sv-SE\",\"potentialAction\":[{\"@type\":\"ReadAction\",\"target\":[\"https:\/\/itameriprojekti.fi\/sv\/nyheter\/mat-det-viktigaste-valet-i-var-vardag-ur-ett-miljoperspektiv\/\"]}]},{\"@type\":\"ImageObject\",\"inLanguage\":\"sv-SE\",\"@id\":\"https:\/\/itameriprojekti.fi\/sv\/nyheter\/mat-det-viktigaste-valet-i-var-vardag-ur-ett-miljoperspektiv\/#primaryimage\",\"url\":\"https:\/\/itameriprojekti.fi\/wp-content\/uploads\/2019\/07\/Liisa.jpg\",\"contentUrl\":\"https:\/\/itameriprojekti.fi\/wp-content\/uploads\/2019\/07\/Liisa.jpg\",\"width\":1853,\"height\":921,\"caption\":\"SAMSUNG CSC\"},{\"@type\":\"BreadcrumbList\",\"@id\":\"https:\/\/itameriprojekti.fi\/sv\/nyheter\/mat-det-viktigaste-valet-i-var-vardag-ur-ett-miljoperspektiv\/#breadcrumb\",\"itemListElement\":[{\"@type\":\"ListItem\",\"position\":1,\"name\":\"Framsida\",\"item\":\"https:\/\/itameriprojekti.fi\/sv\/\"},{\"@type\":\"ListItem\",\"position\":2,\"name\":\"Mat, det viktigaste valet i v\u00e5r vardag ur ett milj\u00f6perspektiv\"}]},{\"@type\":\"WebSite\",\"@id\":\"https:\/\/itameriprojekti.fi\/sv\/#website\",\"url\":\"https:\/\/itameriprojekti.fi\/sv\/\",\"name\":\"\u00d6stersj\u00f6projektet\",\"description\":\"\u00c5landsbankenin It\u00e4meriprojekti parantaa It\u00e4meren tilaa\",\"potentialAction\":[{\"@type\":\"SearchAction\",\"target\":{\"@type\":\"EntryPoint\",\"urlTemplate\":\"https:\/\/itameriprojekti.fi\/sv\/?s={search_term_string}\"},\"query-input\":{\"@type\":\"PropertyValueSpecification\",\"valueRequired\":true,\"valueName\":\"search_term_string\"}}],\"inLanguage\":\"sv-SE\"},{\"@type\":\"Person\",\"@id\":\"https:\/\/itameriprojekti.fi\/sv\/#\/schema\/person\/93841f7a17884603aea545bef5bbbe2d\",\"name\":\"Sergei Markov\",\"sameAs\":[\"https:\/\/cron.fi\"]}]}<\/script>\n<!-- \/ Yoast SEO plugin. -->","yoast_head_json":{"title":"Mat, det viktigaste valet i v\u00e5r vardag ur ett milj\u00f6perspektiv - \u00d6stersj\u00f6projektet","robots":{"index":"index","follow":"follow","max-snippet":"max-snippet:-1","max-image-preview":"max-image-preview:large","max-video-preview":"max-video-preview:-1"},"canonical":"https:\/\/itameriprojekti.fi\/sv\/nyheter\/mat-det-viktigaste-valet-i-var-vardag-ur-ett-miljoperspektiv\/","og_locale":"sv_SE","og_type":"article","og_title":"Mat, det viktigaste valet i v\u00e5r vardag ur ett milj\u00f6perspektiv - \u00d6stersj\u00f6projektet","og_description":"Klimatf\u00f6r\u00e4ndringen \u00e4r den st\u00f6rsta utmaningen av v\u00e5r tid och det kr\u00e4vs stater, f\u00f6retag, organisationer och medborgare f\u00f6r att bek\u00e4mpa\u00a0den. Det [&hellip;]","og_url":"https:\/\/itameriprojekti.fi\/sv\/nyheter\/mat-det-viktigaste-valet-i-var-vardag-ur-ett-miljoperspektiv\/","og_site_name":"\u00d6stersj\u00f6projektet","article_published_time":"2017-12-11T10:52:26+00:00","article_modified_time":"2023-12-27T12:14:18+00:00","og_image":[{"width":1853,"height":921,"url":"https:\/\/itameriprojekti.fi\/wp-content\/uploads\/2019\/07\/Liisa.jpg","type":"image\/jpeg"}],"author":"Sergei Markov","twitter_card":"summary_large_image","twitter_misc":{"Skriven av":"Sergei Markov","Ber\u00e4knad l\u00e4stid":"4 minuter"},"schema":{"@context":"https:\/\/schema.org","@graph":[{"@type":"Article","@id":"https:\/\/itameriprojekti.fi\/sv\/nyheter\/mat-det-viktigaste-valet-i-var-vardag-ur-ett-miljoperspektiv\/#article","isPartOf":{"@id":"https:\/\/itameriprojekti.fi\/sv\/nyheter\/mat-det-viktigaste-valet-i-var-vardag-ur-ett-miljoperspektiv\/"},"author":{"name":"Sergei Markov","@id":"https:\/\/itameriprojekti.fi\/sv\/#\/schema\/person\/93841f7a17884603aea545bef5bbbe2d"},"headline":"Mat, det viktigaste valet i v\u00e5r vardag ur ett milj\u00f6perspektiv","datePublished":"2017-12-11T10:52:26+00:00","dateModified":"2023-12-27T12:14:18+00:00","mainEntityOfPage":{"@id":"https:\/\/itameriprojekti.fi\/sv\/nyheter\/mat-det-viktigaste-valet-i-var-vardag-ur-ett-miljoperspektiv\/"},"wordCount":759,"image":{"@id":"https:\/\/itameriprojekti.fi\/sv\/nyheter\/mat-det-viktigaste-valet-i-var-vardag-ur-ett-miljoperspektiv\/#primaryimage"},"thumbnailUrl":"https:\/\/itameriprojekti.fi\/wp-content\/uploads\/2019\/07\/Liisa.jpg","articleSection":["Nyheter"],"inLanguage":"sv-SE"},{"@type":"WebPage","@id":"https:\/\/itameriprojekti.fi\/sv\/nyheter\/mat-det-viktigaste-valet-i-var-vardag-ur-ett-miljoperspektiv\/","url":"https:\/\/itameriprojekti.fi\/sv\/nyheter\/mat-det-viktigaste-valet-i-var-vardag-ur-ett-miljoperspektiv\/","name":"Mat, det viktigaste valet i v\u00e5r vardag ur ett milj\u00f6perspektiv - \u00d6stersj\u00f6projektet","isPartOf":{"@id":"https:\/\/itameriprojekti.fi\/sv\/#website"},"primaryImageOfPage":{"@id":"https:\/\/itameriprojekti.fi\/sv\/nyheter\/mat-det-viktigaste-valet-i-var-vardag-ur-ett-miljoperspektiv\/#primaryimage"},"image":{"@id":"https:\/\/itameriprojekti.fi\/sv\/nyheter\/mat-det-viktigaste-valet-i-var-vardag-ur-ett-miljoperspektiv\/#primaryimage"},"thumbnailUrl":"https:\/\/itameriprojekti.fi\/wp-content\/uploads\/2019\/07\/Liisa.jpg","datePublished":"2017-12-11T10:52:26+00:00","dateModified":"2023-12-27T12:14:18+00:00","author":{"@id":"https:\/\/itameriprojekti.fi\/sv\/#\/schema\/person\/93841f7a17884603aea545bef5bbbe2d"},"breadcrumb":{"@id":"https:\/\/itameriprojekti.fi\/sv\/nyheter\/mat-det-viktigaste-valet-i-var-vardag-ur-ett-miljoperspektiv\/#breadcrumb"},"inLanguage":"sv-SE","potentialAction":[{"@type":"ReadAction","target":["https:\/\/itameriprojekti.fi\/sv\/nyheter\/mat-det-viktigaste-valet-i-var-vardag-ur-ett-miljoperspektiv\/"]}]},{"@type":"ImageObject","inLanguage":"sv-SE","@id":"https:\/\/itameriprojekti.fi\/sv\/nyheter\/mat-det-viktigaste-valet-i-var-vardag-ur-ett-miljoperspektiv\/#primaryimage","url":"https:\/\/itameriprojekti.fi\/wp-content\/uploads\/2019\/07\/Liisa.jpg","contentUrl":"https:\/\/itameriprojekti.fi\/wp-content\/uploads\/2019\/07\/Liisa.jpg","width":1853,"height":921,"caption":"SAMSUNG CSC"},{"@type":"BreadcrumbList","@id":"https:\/\/itameriprojekti.fi\/sv\/nyheter\/mat-det-viktigaste-valet-i-var-vardag-ur-ett-miljoperspektiv\/#breadcrumb","itemListElement":[{"@type":"ListItem","position":1,"name":"Framsida","item":"https:\/\/itameriprojekti.fi\/sv\/"},{"@type":"ListItem","position":2,"name":"Mat, det viktigaste valet i v\u00e5r vardag ur ett milj\u00f6perspektiv"}]},{"@type":"WebSite","@id":"https:\/\/itameriprojekti.fi\/sv\/#website","url":"https:\/\/itameriprojekti.fi\/sv\/","name":"\u00d6stersj\u00f6projektet","description":"\u00c5landsbankenin It\u00e4meriprojekti parantaa It\u00e4meren tilaa","potentialAction":[{"@type":"SearchAction","target":{"@type":"EntryPoint","urlTemplate":"https:\/\/itameriprojekti.fi\/sv\/?s={search_term_string}"},"query-input":{"@type":"PropertyValueSpecification","valueRequired":true,"valueName":"search_term_string"}}],"inLanguage":"sv-SE"},{"@type":"Person","@id":"https:\/\/itameriprojekti.fi\/sv\/#\/schema\/person\/93841f7a17884603aea545bef5bbbe2d","name":"Sergei Markov","sameAs":["https:\/\/cron.fi"]}]}},"_links":{"self":[{"href":"https:\/\/itameriprojekti.fi\/sv\/wp-json\/wp\/v2\/posts\/1366","targetHints":{"allow":["GET"]}}],"collection":[{"href":"https:\/\/itameriprojekti.fi\/sv\/wp-json\/wp\/v2\/posts"}],"about":[{"href":"https:\/\/itameriprojekti.fi\/sv\/wp-json\/wp\/v2\/types\/post"}],"author":[{"embeddable":true,"href":"https:\/\/itameriprojekti.fi\/sv\/wp-json\/wp\/v2\/users\/3"}],"replies":[{"embeddable":true,"href":"https:\/\/itameriprojekti.fi\/sv\/wp-json\/wp\/v2\/comments?post=1366"}],"version-history":[{"count":1,"href":"https:\/\/itameriprojekti.fi\/sv\/wp-json\/wp\/v2\/posts\/1366\/revisions"}],"predecessor-version":[{"id":1367,"href":"https:\/\/itameriprojekti.fi\/sv\/wp-json\/wp\/v2\/posts\/1366\/revisions\/1367"}],"wp:featuredmedia":[{"embeddable":true,"href":"https:\/\/itameriprojekti.fi\/sv\/wp-json\/wp\/v2\/media\/109"}],"wp:attachment":[{"href":"https:\/\/itameriprojekti.fi\/sv\/wp-json\/wp\/v2\/media?parent=1366"}],"wp:term":[{"taxonomy":"category","embeddable":true,"href":"https:\/\/itameriprojekti.fi\/sv\/wp-json\/wp\/v2\/categories?post=1366"},{"taxonomy":"post_tag","embeddable":true,"href":"https:\/\/itameriprojekti.fi\/sv\/wp-json\/wp\/v2\/tags?post=1366"}],"curies":[{"name":"wp","href":"https:\/\/api.w.org\/{rel}","templated":true}]}}