{"id":1375,"date":"2017-03-29T11:49:00","date_gmt":"2017-03-29T08:49:00","guid":{"rendered":"https:\/\/itameriprojekti.fi\/?p=1375"},"modified":"2023-12-27T14:17:44","modified_gmt":"2023-12-27T12:17:44","slug":"alandsbanken-inbjuden-att-presentera-aland-index-och-ostersjokortet-for-fn-i-new-york","status":"publish","type":"post","link":"https:\/\/itameriprojekti.fi\/sv\/nyheter\/alandsbanken-inbjuden-att-presentera-aland-index-och-ostersjokortet-for-fn-i-new-york\/","title":{"rendered":"\u00c5landsbanken inbjuden att presentera \u00c5land Index och \u00d6stersj\u00f6kortet f\u00f6r FN i New York"},"content":{"rendered":"<p>\u00c5landsbankens \u00d6stersj\u00f6arbete v\u00e4cker intresse hos F\u00f6renta Nationerna. \u00c5landsbankens verkst\u00e4llande direkt\u00f6r Peter Wikl\u00f6f deltog i ett klimatm\u00f6te hos FN i New York i f\u00f6rra veckan. Han var d\u00e4r f\u00f6r att ber\u00e4tta om \u00d6stersj\u00f6kortet och \u00c5land Index, ett digitalt verktyg som m\u00e4ter milj\u00f6belastningen p\u00e5 dina uppk\u00f6p. M\u00f6tet sammankallades av Peter Thomson, ordf\u00f6rande f\u00f6r FN:s generalf\u00f6rsamling.<\/p>\n<p>\u00c5landsbanken presenterade sina insatser f\u00f6r \u00d6stersj\u00f6n p\u00e5\u00a0<em>Climate Change and the Sustainable Development Agenda,<\/em><em>\u00a0<\/em>en konferens om klimatf\u00f6r\u00e4ndring och h\u00e5llbar utveckling som h\u00f6lls den 23 mars p\u00e5 FN i New York.<\/p>\n<p>\u00c5landsbankens verkst\u00e4llande direkt\u00f6r Peter Wikl\u00f6f presenterade som paneldeltagare \u00d6stersj\u00f6projektet, \u00d6stersj\u00f6kortet och \u00c5land Index som en del av ett id\u00e9utbyte f\u00f6r praktiska l\u00f6sningar f\u00f6r klimatarbetet.<\/p>\n<p>\u201dVi \u00e4r mycket glada att FN uppm\u00e4rksammar v\u00e5rt milj\u00f6arbete. P\u00e5 \u00c5landsbanken har vi kombinerat v\u00e5r expertis om bankv\u00e4rlden och k\u00e4nnedom av \u00d6stersj\u00f6n till att skapa klimatsmarta redskap och tj\u00e4nster. Vi hoppas p\u00e5 att kunna inspirera andra att g\u00f6ra insatser f\u00f6r milj\u00f6n \u2013 b\u00e5de globalt och med hj\u00e4lp av lokal expertis\u201d, s\u00e4ger\u00a0<strong>Peter Wikl\u00f6f<\/strong>, verkst\u00e4llande direkt\u00f6r f\u00f6r \u00c5landsbanken.<\/p>\n<p>\u00c5landsbanken har redan tidigare i \u00e5r utbytt id\u00e9er f\u00f6r klimatarbetet med F\u00f6renta Nationerna p\u00e5 det europeiska planet. \u00c5landsbankens insatser v\u00e4ckte intresse i Europa, och genom konferensen i New York fick banken \u00e4ven presentera sina insatser f\u00f6r den globala organisationen.<\/p>\n<p>\u201dDet finns ett klart behov f\u00f6r konkreta milj\u00f6satsningar. Vi har utvecklat\u00a0<em>\u00c5land Index<\/em><em>\u00a0<\/em>och\u00a0<em>\u00d6stersj\u00f6kortet<\/em><em>\u00a0<\/em>f\u00f6r att ge kunderna konkreta verktyg till klimatsmarta konsumtionsval.<\/p>\n<p>Vi \u00e4r stolta att dela med oss av v\u00e5rt kunnande och id\u00e9utbytet ger \u00e4ven v\u00e4gkost till oss att utvecklas vidare\u201d, s\u00e4ger\u00a0<strong>Anne-Maria Salonius,<\/strong>\u00a0\u00c5landsbankens direkt\u00f6r f\u00f6r aff\u00e4rsomr\u00e5de Finland.<\/p>\n<p>\u00c5landsbankens \u00d6stersj\u00f6kort \u00e4r v\u00e4rldens f\u00f6rsta biologiskt nedbrytbara betalkort, som m\u00e4ter milj\u00f6p\u00e5verkan av ink\u00f6pen. \u00d6stersj\u00f6kortet \u00e4r kopplat till \u00c5land Index, ett digitalt verktyg som ber\u00e4knar koldioxidbelastningen av uppk\u00f6p och ger kunden verktyg till att minska p\u00e5 sitt milj\u00f6avtryck, t.ex. genom f\u00f6rslag till kompensation via olika milj\u00f6projekt.<\/p>\n<p><strong>Till\u00e4ggsinformation:<\/strong> \u00c5landsbanken Abp: Anne-Maria Salonius, direkt\u00f6r f\u00f6r aff\u00e4rsomr\u00e5det Finland, tfn\u00a0+358 40 733 1106.<\/p>\n<p><strong>\u00c5landsbanken Abp<\/strong>\u00a01919 grundades \u00c5landsbanken och \u00e4r sedan 1942 b\u00f6rsnoterad i Helsingfors. \u00c5landsbanken skapar v\u00e4rde f\u00f6r m\u00e4nniskor och f\u00f6retag som v\u00e4rderar relationer genom att leverera den stora bankens tj\u00e4nsteutbud med den mindre bankens omtanke och f\u00f6rnuft. Koncernen har en balansomslutning om 5,1 miljarder euro och har ca 700 anst\u00e4llda f\u00f6rdelat p\u00e5 kontor p\u00e5 \u00c5land, i Finland och Sverige.<\/p>\n<p><strong>\u00d6stersj\u00f6projektet<\/strong>\u00a0Sedan 1997 har \u00c5landsbanken st\u00f6ttat en rad olika milj\u00f6projekt. \u00d6ver tid har 1 600 000 euro donerats till b\u00e5de sm\u00e5 och stora organisationers viktiga arbete. V\u00e5ra \u00d6stersj\u00f6konton ( tidigare Milj\u00f6konto) har varit grunden i att m\u00f6jlig g\u00f6ra detta: \u00e5rligen har banken donerat egna medel ett belopp som motsvarar upp till 0,2 % av depositionerna p\u00e5 \u00d6stersj\u00f6kontona. \u00d6stersj\u00f6projektet arbetar f\u00f6r ett friskare hav genom att finansiera goda id\u00e9er och genom att \u00f6ka k\u00e4nnedomen om tillst\u00e5ndet f\u00f6r \u00d6stersj\u00f6n<\/p>\n","protected":false},"excerpt":{"rendered":"<p>\u00c5landsbankens \u00d6stersj\u00f6arbete v\u00e4cker intresse hos F\u00f6renta Nationerna. \u00c5landsbankens verkst\u00e4llande direkt\u00f6r Peter Wikl\u00f6f deltog i ett klimatm\u00f6te hos FN i New [&hellip;]<\/p>\n","protected":false},"author":3,"featured_media":107,"comment_status":"closed","ping_status":"open","sticky":false,"template":"","format":"standard","meta":{"footnotes":""},"categories":[66],"tags":[],"class_list":["post-1375","post","type-post","status-publish","format-standard","has-post-thumbnail","hentry","category-nyheter"],"yoast_head":"<!-- This site is optimized with the Yoast SEO plugin v27.0 - https:\/\/yoast.com\/product\/yoast-seo-wordpress\/ -->\n<title>\u00c5landsbanken inbjuden att presentera \u00c5land Index och \u00d6stersj\u00f6kortet f\u00f6r FN i New York - \u00d6stersj\u00f6projektet<\/title>\n<meta name=\"robots\" content=\"index, follow, max-snippet:-1, max-image-preview:large, max-video-preview:-1\" \/>\n<link rel=\"canonical\" href=\"https:\/\/itameriprojekti.fi\/sv\/nyheter\/alandsbanken-inbjuden-att-presentera-aland-index-och-ostersjokortet-for-fn-i-new-york\/\" \/>\n<meta property=\"og:locale\" content=\"sv_SE\" \/>\n<meta property=\"og:type\" content=\"article\" \/>\n<meta property=\"og:title\" content=\"\u00c5landsbanken inbjuden att presentera \u00c5land Index och \u00d6stersj\u00f6kortet f\u00f6r FN i New York - \u00d6stersj\u00f6projektet\" \/>\n<meta property=\"og:description\" content=\"\u00c5landsbankens \u00d6stersj\u00f6arbete v\u00e4cker intresse hos F\u00f6renta Nationerna. \u00c5landsbankens verkst\u00e4llande direkt\u00f6r Peter Wikl\u00f6f deltog i ett klimatm\u00f6te hos FN i New [&hellip;]\" \/>\n<meta property=\"og:url\" content=\"https:\/\/itameriprojekti.fi\/sv\/nyheter\/alandsbanken-inbjuden-att-presentera-aland-index-och-ostersjokortet-for-fn-i-new-york\/\" \/>\n<meta property=\"og:site_name\" content=\"\u00d6stersj\u00f6projektet\" \/>\n<meta property=\"article:published_time\" content=\"2017-03-29T08:49:00+00:00\" \/>\n<meta property=\"article:modified_time\" content=\"2023-12-27T12:17:44+00:00\" \/>\n<meta property=\"og:image\" content=\"https:\/\/itameriprojekti.fi\/wp-content\/uploads\/2019\/07\/facebook_cover.jpg\" \/>\n\t<meta property=\"og:image:width\" content=\"1261\" \/>\n\t<meta property=\"og:image:height\" content=\"488\" \/>\n\t<meta property=\"og:image:type\" content=\"image\/jpeg\" \/>\n<meta name=\"author\" content=\"Sergei Markov\" \/>\n<meta name=\"twitter:card\" content=\"summary_large_image\" \/>\n<meta name=\"twitter:label1\" content=\"Skriven av\" \/>\n\t<meta name=\"twitter:data1\" content=\"Sergei Markov\" \/>\n\t<meta name=\"twitter:label2\" content=\"Ber\u00e4knad l\u00e4stid\" \/>\n\t<meta name=\"twitter:data2\" content=\"3 minuter\" \/>\n<script type=\"application\/ld+json\" class=\"yoast-schema-graph\">{\"@context\":\"https:\/\/schema.org\",\"@graph\":[{\"@type\":\"Article\",\"@id\":\"https:\/\/itameriprojekti.fi\/sv\/nyheter\/alandsbanken-inbjuden-att-presentera-aland-index-och-ostersjokortet-for-fn-i-new-york\/#article\",\"isPartOf\":{\"@id\":\"https:\/\/itameriprojekti.fi\/sv\/nyheter\/alandsbanken-inbjuden-att-presentera-aland-index-och-ostersjokortet-for-fn-i-new-york\/\"},\"author\":{\"name\":\"Sergei Markov\",\"@id\":\"https:\/\/itameriprojekti.fi\/sv\/#\/schema\/person\/93841f7a17884603aea545bef5bbbe2d\"},\"headline\":\"\u00c5landsbanken inbjuden att presentera \u00c5land Index och \u00d6stersj\u00f6kortet f\u00f6r FN i New York\",\"datePublished\":\"2017-03-29T08:49:00+00:00\",\"dateModified\":\"2023-12-27T12:17:44+00:00\",\"mainEntityOfPage\":{\"@id\":\"https:\/\/itameriprojekti.fi\/sv\/nyheter\/alandsbanken-inbjuden-att-presentera-aland-index-och-ostersjokortet-for-fn-i-new-york\/\"},\"wordCount\":564,\"image\":{\"@id\":\"https:\/\/itameriprojekti.fi\/sv\/nyheter\/alandsbanken-inbjuden-att-presentera-aland-index-och-ostersjokortet-for-fn-i-new-york\/#primaryimage\"},\"thumbnailUrl\":\"https:\/\/itameriprojekti.fi\/wp-content\/uploads\/2019\/07\/facebook_cover.jpg\",\"articleSection\":[\"Nyheter\"],\"inLanguage\":\"sv-SE\"},{\"@type\":\"WebPage\",\"@id\":\"https:\/\/itameriprojekti.fi\/sv\/nyheter\/alandsbanken-inbjuden-att-presentera-aland-index-och-ostersjokortet-for-fn-i-new-york\/\",\"url\":\"https:\/\/itameriprojekti.fi\/sv\/nyheter\/alandsbanken-inbjuden-att-presentera-aland-index-och-ostersjokortet-for-fn-i-new-york\/\",\"name\":\"\u00c5landsbanken inbjuden att presentera \u00c5land Index och \u00d6stersj\u00f6kortet f\u00f6r FN i New York - \u00d6stersj\u00f6projektet\",\"isPartOf\":{\"@id\":\"https:\/\/itameriprojekti.fi\/sv\/#website\"},\"primaryImageOfPage\":{\"@id\":\"https:\/\/itameriprojekti.fi\/sv\/nyheter\/alandsbanken-inbjuden-att-presentera-aland-index-och-ostersjokortet-for-fn-i-new-york\/#primaryimage\"},\"image\":{\"@id\":\"https:\/\/itameriprojekti.fi\/sv\/nyheter\/alandsbanken-inbjuden-att-presentera-aland-index-och-ostersjokortet-for-fn-i-new-york\/#primaryimage\"},\"thumbnailUrl\":\"https:\/\/itameriprojekti.fi\/wp-content\/uploads\/2019\/07\/facebook_cover.jpg\",\"datePublished\":\"2017-03-29T08:49:00+00:00\",\"dateModified\":\"2023-12-27T12:17:44+00:00\",\"author\":{\"@id\":\"https:\/\/itameriprojekti.fi\/sv\/#\/schema\/person\/93841f7a17884603aea545bef5bbbe2d\"},\"breadcrumb\":{\"@id\":\"https:\/\/itameriprojekti.fi\/sv\/nyheter\/alandsbanken-inbjuden-att-presentera-aland-index-och-ostersjokortet-for-fn-i-new-york\/#breadcrumb\"},\"inLanguage\":\"sv-SE\",\"potentialAction\":[{\"@type\":\"ReadAction\",\"target\":[\"https:\/\/itameriprojekti.fi\/sv\/nyheter\/alandsbanken-inbjuden-att-presentera-aland-index-och-ostersjokortet-for-fn-i-new-york\/\"]}]},{\"@type\":\"ImageObject\",\"inLanguage\":\"sv-SE\",\"@id\":\"https:\/\/itameriprojekti.fi\/sv\/nyheter\/alandsbanken-inbjuden-att-presentera-aland-index-och-ostersjokortet-for-fn-i-new-york\/#primaryimage\",\"url\":\"https:\/\/itameriprojekti.fi\/wp-content\/uploads\/2019\/07\/facebook_cover.jpg\",\"contentUrl\":\"https:\/\/itameriprojekti.fi\/wp-content\/uploads\/2019\/07\/facebook_cover.jpg\",\"width\":1261,\"height\":488},{\"@type\":\"BreadcrumbList\",\"@id\":\"https:\/\/itameriprojekti.fi\/sv\/nyheter\/alandsbanken-inbjuden-att-presentera-aland-index-och-ostersjokortet-for-fn-i-new-york\/#breadcrumb\",\"itemListElement\":[{\"@type\":\"ListItem\",\"position\":1,\"name\":\"Framsida\",\"item\":\"https:\/\/itameriprojekti.fi\/sv\/\"},{\"@type\":\"ListItem\",\"position\":2,\"name\":\"\u00c5landsbanken inbjuden att presentera \u00c5land Index och \u00d6stersj\u00f6kortet f\u00f6r FN i New York\"}]},{\"@type\":\"WebSite\",\"@id\":\"https:\/\/itameriprojekti.fi\/sv\/#website\",\"url\":\"https:\/\/itameriprojekti.fi\/sv\/\",\"name\":\"\u00d6stersj\u00f6projektet\",\"description\":\"\u00c5landsbankenin It\u00e4meriprojekti parantaa It\u00e4meren tilaa\",\"potentialAction\":[{\"@type\":\"SearchAction\",\"target\":{\"@type\":\"EntryPoint\",\"urlTemplate\":\"https:\/\/itameriprojekti.fi\/sv\/?s={search_term_string}\"},\"query-input\":{\"@type\":\"PropertyValueSpecification\",\"valueRequired\":true,\"valueName\":\"search_term_string\"}}],\"inLanguage\":\"sv-SE\"},{\"@type\":\"Person\",\"@id\":\"https:\/\/itameriprojekti.fi\/sv\/#\/schema\/person\/93841f7a17884603aea545bef5bbbe2d\",\"name\":\"Sergei Markov\",\"sameAs\":[\"https:\/\/cron.fi\"]}]}<\/script>\n<!-- \/ Yoast SEO plugin. -->","yoast_head_json":{"title":"\u00c5landsbanken inbjuden att presentera \u00c5land Index och \u00d6stersj\u00f6kortet f\u00f6r FN i New York - \u00d6stersj\u00f6projektet","robots":{"index":"index","follow":"follow","max-snippet":"max-snippet:-1","max-image-preview":"max-image-preview:large","max-video-preview":"max-video-preview:-1"},"canonical":"https:\/\/itameriprojekti.fi\/sv\/nyheter\/alandsbanken-inbjuden-att-presentera-aland-index-och-ostersjokortet-for-fn-i-new-york\/","og_locale":"sv_SE","og_type":"article","og_title":"\u00c5landsbanken inbjuden att presentera \u00c5land Index och \u00d6stersj\u00f6kortet f\u00f6r FN i New York - \u00d6stersj\u00f6projektet","og_description":"\u00c5landsbankens \u00d6stersj\u00f6arbete v\u00e4cker intresse hos F\u00f6renta Nationerna. \u00c5landsbankens verkst\u00e4llande direkt\u00f6r Peter Wikl\u00f6f deltog i ett klimatm\u00f6te hos FN i New [&hellip;]","og_url":"https:\/\/itameriprojekti.fi\/sv\/nyheter\/alandsbanken-inbjuden-att-presentera-aland-index-och-ostersjokortet-for-fn-i-new-york\/","og_site_name":"\u00d6stersj\u00f6projektet","article_published_time":"2017-03-29T08:49:00+00:00","article_modified_time":"2023-12-27T12:17:44+00:00","og_image":[{"width":1261,"height":488,"url":"https:\/\/itameriprojekti.fi\/wp-content\/uploads\/2019\/07\/facebook_cover.jpg","type":"image\/jpeg"}],"author":"Sergei Markov","twitter_card":"summary_large_image","twitter_misc":{"Skriven av":"Sergei Markov","Ber\u00e4knad l\u00e4stid":"3 minuter"},"schema":{"@context":"https:\/\/schema.org","@graph":[{"@type":"Article","@id":"https:\/\/itameriprojekti.fi\/sv\/nyheter\/alandsbanken-inbjuden-att-presentera-aland-index-och-ostersjokortet-for-fn-i-new-york\/#article","isPartOf":{"@id":"https:\/\/itameriprojekti.fi\/sv\/nyheter\/alandsbanken-inbjuden-att-presentera-aland-index-och-ostersjokortet-for-fn-i-new-york\/"},"author":{"name":"Sergei Markov","@id":"https:\/\/itameriprojekti.fi\/sv\/#\/schema\/person\/93841f7a17884603aea545bef5bbbe2d"},"headline":"\u00c5landsbanken inbjuden att presentera \u00c5land Index och \u00d6stersj\u00f6kortet f\u00f6r FN i New York","datePublished":"2017-03-29T08:49:00+00:00","dateModified":"2023-12-27T12:17:44+00:00","mainEntityOfPage":{"@id":"https:\/\/itameriprojekti.fi\/sv\/nyheter\/alandsbanken-inbjuden-att-presentera-aland-index-och-ostersjokortet-for-fn-i-new-york\/"},"wordCount":564,"image":{"@id":"https:\/\/itameriprojekti.fi\/sv\/nyheter\/alandsbanken-inbjuden-att-presentera-aland-index-och-ostersjokortet-for-fn-i-new-york\/#primaryimage"},"thumbnailUrl":"https:\/\/itameriprojekti.fi\/wp-content\/uploads\/2019\/07\/facebook_cover.jpg","articleSection":["Nyheter"],"inLanguage":"sv-SE"},{"@type":"WebPage","@id":"https:\/\/itameriprojekti.fi\/sv\/nyheter\/alandsbanken-inbjuden-att-presentera-aland-index-och-ostersjokortet-for-fn-i-new-york\/","url":"https:\/\/itameriprojekti.fi\/sv\/nyheter\/alandsbanken-inbjuden-att-presentera-aland-index-och-ostersjokortet-for-fn-i-new-york\/","name":"\u00c5landsbanken inbjuden att presentera \u00c5land Index och \u00d6stersj\u00f6kortet f\u00f6r FN i New York - \u00d6stersj\u00f6projektet","isPartOf":{"@id":"https:\/\/itameriprojekti.fi\/sv\/#website"},"primaryImageOfPage":{"@id":"https:\/\/itameriprojekti.fi\/sv\/nyheter\/alandsbanken-inbjuden-att-presentera-aland-index-och-ostersjokortet-for-fn-i-new-york\/#primaryimage"},"image":{"@id":"https:\/\/itameriprojekti.fi\/sv\/nyheter\/alandsbanken-inbjuden-att-presentera-aland-index-och-ostersjokortet-for-fn-i-new-york\/#primaryimage"},"thumbnailUrl":"https:\/\/itameriprojekti.fi\/wp-content\/uploads\/2019\/07\/facebook_cover.jpg","datePublished":"2017-03-29T08:49:00+00:00","dateModified":"2023-12-27T12:17:44+00:00","author":{"@id":"https:\/\/itameriprojekti.fi\/sv\/#\/schema\/person\/93841f7a17884603aea545bef5bbbe2d"},"breadcrumb":{"@id":"https:\/\/itameriprojekti.fi\/sv\/nyheter\/alandsbanken-inbjuden-att-presentera-aland-index-och-ostersjokortet-for-fn-i-new-york\/#breadcrumb"},"inLanguage":"sv-SE","potentialAction":[{"@type":"ReadAction","target":["https:\/\/itameriprojekti.fi\/sv\/nyheter\/alandsbanken-inbjuden-att-presentera-aland-index-och-ostersjokortet-for-fn-i-new-york\/"]}]},{"@type":"ImageObject","inLanguage":"sv-SE","@id":"https:\/\/itameriprojekti.fi\/sv\/nyheter\/alandsbanken-inbjuden-att-presentera-aland-index-och-ostersjokortet-for-fn-i-new-york\/#primaryimage","url":"https:\/\/itameriprojekti.fi\/wp-content\/uploads\/2019\/07\/facebook_cover.jpg","contentUrl":"https:\/\/itameriprojekti.fi\/wp-content\/uploads\/2019\/07\/facebook_cover.jpg","width":1261,"height":488},{"@type":"BreadcrumbList","@id":"https:\/\/itameriprojekti.fi\/sv\/nyheter\/alandsbanken-inbjuden-att-presentera-aland-index-och-ostersjokortet-for-fn-i-new-york\/#breadcrumb","itemListElement":[{"@type":"ListItem","position":1,"name":"Framsida","item":"https:\/\/itameriprojekti.fi\/sv\/"},{"@type":"ListItem","position":2,"name":"\u00c5landsbanken inbjuden att presentera \u00c5land Index och \u00d6stersj\u00f6kortet f\u00f6r FN i New York"}]},{"@type":"WebSite","@id":"https:\/\/itameriprojekti.fi\/sv\/#website","url":"https:\/\/itameriprojekti.fi\/sv\/","name":"\u00d6stersj\u00f6projektet","description":"\u00c5landsbankenin It\u00e4meriprojekti parantaa It\u00e4meren tilaa","potentialAction":[{"@type":"SearchAction","target":{"@type":"EntryPoint","urlTemplate":"https:\/\/itameriprojekti.fi\/sv\/?s={search_term_string}"},"query-input":{"@type":"PropertyValueSpecification","valueRequired":true,"valueName":"search_term_string"}}],"inLanguage":"sv-SE"},{"@type":"Person","@id":"https:\/\/itameriprojekti.fi\/sv\/#\/schema\/person\/93841f7a17884603aea545bef5bbbe2d","name":"Sergei Markov","sameAs":["https:\/\/cron.fi"]}]}},"_links":{"self":[{"href":"https:\/\/itameriprojekti.fi\/sv\/wp-json\/wp\/v2\/posts\/1375","targetHints":{"allow":["GET"]}}],"collection":[{"href":"https:\/\/itameriprojekti.fi\/sv\/wp-json\/wp\/v2\/posts"}],"about":[{"href":"https:\/\/itameriprojekti.fi\/sv\/wp-json\/wp\/v2\/types\/post"}],"author":[{"embeddable":true,"href":"https:\/\/itameriprojekti.fi\/sv\/wp-json\/wp\/v2\/users\/3"}],"replies":[{"embeddable":true,"href":"https:\/\/itameriprojekti.fi\/sv\/wp-json\/wp\/v2\/comments?post=1375"}],"version-history":[{"count":1,"href":"https:\/\/itameriprojekti.fi\/sv\/wp-json\/wp\/v2\/posts\/1375\/revisions"}],"predecessor-version":[{"id":1376,"href":"https:\/\/itameriprojekti.fi\/sv\/wp-json\/wp\/v2\/posts\/1375\/revisions\/1376"}],"wp:featuredmedia":[{"embeddable":true,"href":"https:\/\/itameriprojekti.fi\/sv\/wp-json\/wp\/v2\/media\/107"}],"wp:attachment":[{"href":"https:\/\/itameriprojekti.fi\/sv\/wp-json\/wp\/v2\/media?parent=1375"}],"wp:term":[{"taxonomy":"category","embeddable":true,"href":"https:\/\/itameriprojekti.fi\/sv\/wp-json\/wp\/v2\/categories?post=1375"},{"taxonomy":"post_tag","embeddable":true,"href":"https:\/\/itameriprojekti.fi\/sv\/wp-json\/wp\/v2\/tags?post=1375"}],"curies":[{"name":"wp","href":"https:\/\/api.w.org\/{rel}","templated":true}]}}