{"id":1925,"date":"2024-12-11T14:33:49","date_gmt":"2024-12-11T12:33:49","guid":{"rendered":"https:\/\/itameriprojekti.fi\/?p=1925"},"modified":"2024-12-11T14:48:08","modified_gmt":"2024-12-11T12:48:08","slug":"den-silverfargade-fiskens-valmaende-speglar-hela-ostersjons-tillstand","status":"publish","type":"post","link":"https:\/\/itameriprojekti.fi\/sv\/nyheter\/den-silverfargade-fiskens-valmaende-speglar-hela-ostersjons-tillstand\/","title":{"rendered":"Den silverf\u00e4rgade fiskens v\u00e4lm\u00e5ende speglar hela \u00d6stersj\u00f6ns tillst\u00e5nd."},"content":{"rendered":"<p><strong>Str\u00f6mmingen (\u00d6stersj\u00f6sillen) har sannolikt varit en nyckelart i sitt ekosystem i tusentals \u00e5r. Hur ser dess framtid ut?<\/strong><\/p>\n<p>Finl\u00e4ndarna har \u00e4tit str\u00f6mming genom tiderna. Enligt vissa uppskattningar har den varit en av v\u00e5ra viktigaste f\u00e5ngstfiskar redan f\u00f6r tusen \u00e5r sedan.<\/p>\n<p>Str\u00f6mmingen \u00e4r fortfarande den viktigaste fisken som f\u00e5ngas i Finland, \u00e4ven om dess konsumtion som m\u00e4nniskof\u00f6da redan l\u00e4nge har varit ned\u00e5tg\u00e5ende. Sedan 1970-talet har st\u00f6rsta delen av f\u00e5ngsterna anv\u00e4nts till djurfoder.<\/p>\n<p>Samtidigt som str\u00f6mmingens popularitet p\u00e5 finl\u00e4ndarnas matbord har minskat, har ocks\u00e5 str\u00f6mmingsbest\u00e5nden f\u00f6rs\u00e4mrats.<\/p>\n<p>De troliga orsakerna anses vara f\u00f6r\u00e4ndringar i \u00d6stersj\u00f6ns n\u00e4ringsv\u00e4var och ekosystem. Klimatf\u00f6r\u00e4ndringen v\u00e4rmer bland annat upp havsvattnet, eutrofieringen \u00f6kar och livsmilj\u00f6n f\u00f6r marina arter f\u00f6r\u00e4ndras.<\/p>\n<p>Klimat- och vattenuppv\u00e4rmningen syns f\u00f6rst hos plankton och d\u00e4refter i plankton\u00e4tande arter som stimfisken sill.<\/p>\n<p>Mindre plankton betyder mindre sill och mindre sill betyder i sin tur mindre f\u00f6da f\u00f6r st\u00f6rre rovfiskar samt f\u00f6r \u00d6stersj\u00f6ns f\u00e5gelliv och fisk\u00e4tande d\u00e4ggdjur.<\/p>\n<p>Str\u00f6mmingen \u00e4r en nyckelart i \u00d6stersj\u00f6n. Detta inneb\u00e4r att den har en central roll f\u00f6r \u00d6stersj\u00f6ns hela ekosystems m\u00e5ngfald, best\u00e4ndighet och funktion j\u00e4mf\u00f6rt med andra arter.<\/p>\n<p>Om nyckelartbest\u00e5ndet kollapsar, syns dess effekter \u00e4ven i hela det \u00f6vriga ekosystemet eller organismgemenskapen.<br \/>\nStr\u00f6mmingsbest\u00e5ndens v\u00e4lbefinnande speglar s\u00e5ledes hela \u00d6stersj\u00f6ns h\u00e4lsa och vice versa. Om \u00d6stersj\u00f6ns tillst\u00e5nd f\u00f6rs\u00e4mras, minskar \u00e4ven str\u00f6mmingens livsutrymme.<\/p>\n<p>F\u00f6r n\u00e4rvarande anses arten fortfarande vara kvantitativt livskraftig. Framtiden \u00e4r dock oroande. Dagens str\u00f6mmingar \u00e4r magra och sm\u00e5, och den stigande vattentemperaturen har visat sig p\u00e5verka str\u00f6mmingens reproduktion avsev\u00e4rt.<\/p>\n<p>Under de senaste \u00e5ren har det d\u00e4rf\u00f6r funnits en stark <strong>vilja att begr\u00e4nsa str\u00f6mmingsfisket i \u00d6stersj\u00f6n<\/strong> f\u00f6r att best\u00e5nden skulle kunna \u00e5terh\u00e4mta sig. Till exempel har \u00d6stersj\u00f6projektets l\u00e5ngvariga samarbetspartner <strong>WWF<\/strong> f\u00f6reslagit att str\u00f6mming huvudsakligen b\u00f6r fiskas endast fr\u00e5n kusten och direkt f\u00f6r m\u00e4nniskof\u00f6da.<\/p>\n<p>F\u00f6r n\u00e4rvarande tr\u00e5las str\u00f6mming fr\u00e5n \u00d6stersj\u00f6n direkt f\u00f6r export och f\u00f6r anv\u00e4ndning inom foderindustrin. D\u00e4remot skulle det f\u00f6r den vanliga konsumenten vara en ekog\u00e4rning att \u00e4ta sill, vilket skulle hj\u00e4lpa till att avl\u00e4gsna n\u00e4rings\u00e4mnen fr\u00e5n havet.<\/p>\n<p>\u00c4ven ur klimatsynpunkt skulle det vara ett klokt alternativ att \u00e4ta inhemsk vildfisk ist\u00e4llet f\u00f6r odlad eller importerad fisk.<\/p>\n<p>De olika projekt som \u00d6stersj\u00f6projektet har finansierat under \u00e5rens lopp har varit viktiga f\u00f6r \u00d6stersj\u00f6ns \u00f6vergripande v\u00e4lbefinnande.<\/p>\n<p>Genom l\u00e5ngvariga samarbeten, bland annat med <strong>John Nurminens Stiftelse<\/strong>, har man f\u00f6rs\u00f6kt bek\u00e4mpa \u00f6verg\u00f6dningen i \u00d6stersj\u00f6n och d\u00e4rmed f\u00f6rb\u00e4ttra str\u00f6mmingens levnadsf\u00f6rh\u00e5llanden.<\/p>\n<p>\u00c5r 2023 finansierade \u00d6stersj\u00f6projektet livsmedelsteknologif\u00f6retaget <strong>Hailia Nordic<\/strong>, som med sina sm\u00e5fiskprodukter f\u00f6rs\u00f6kte \u00f6ka anv\u00e4ndningen av de enorma str\u00f6mmingsf\u00e5ngsterna p\u00e5 ett smartare s\u00e4tt samt utnyttja fiskar som \u00e4r mindre \u00e4n fil\u00e9storlek i livsmedelsproduktionen.<\/p>\n<p>Nyligen meddelade Hailia Nordic att de har vidareutvecklat sin livsmedelsteknologi s\u00e5 att de i sina nya produkter utnyttjar andra sidostr\u00f6mmar fr\u00e5n fisken\u00e4ringen.<\/p>\n<p>Vi konsumenter har m\u00e5nga goda sk\u00e4l att \u00e4ta mer str\u00f6mming. F\u00f6rutom att det skulle vara en h\u00e5llbar l\u00f6sning f\u00f6r milj\u00f6n, skulle vi samtidigt g\u00f6ra en god sak f\u00f6r oss sj\u00e4lva: str\u00f6mming \u00e4r en medelfet, proteinrik och n\u00e4ringsrik fisk, och en portion ger oss tillr\u00e4ckligt med bland annat D-vitamin f\u00f6r hela dagens behov.<\/p>\n","protected":false},"excerpt":{"rendered":"<p>Str\u00f6mmingen (\u00d6stersj\u00f6sillen) har sannolikt varit en nyckelart i sitt ekosystem i tusentals \u00e5r. Hur ser dess framtid ut?<\/p>\n","protected":false},"author":7,"featured_media":1905,"comment_status":"closed","ping_status":"closed","sticky":false,"template":"","format":"standard","meta":{"footnotes":""},"categories":[66],"tags":[70,124],"class_list":["post-1925","post","type-post","status-publish","format-standard","has-post-thumbnail","hentry","category-nyheter","tag-itameriprojekti-sv","tag-ostersjo"],"yoast_head":"<!-- This site is optimized with the Yoast SEO plugin v27.0 - https:\/\/yoast.com\/product\/yoast-seo-wordpress\/ -->\n<title>Den silverf\u00e4rgade fiskens v\u00e4lm\u00e5ende speglar hela \u00d6stersj\u00f6ns tillst\u00e5nd. - \u00d6stersj\u00f6projektet<\/title>\n<meta name=\"robots\" content=\"index, follow, max-snippet:-1, max-image-preview:large, max-video-preview:-1\" \/>\n<link rel=\"canonical\" href=\"https:\/\/itameriprojekti.fi\/sv\/nyheter\/den-silverfargade-fiskens-valmaende-speglar-hela-ostersjons-tillstand\/\" \/>\n<meta property=\"og:locale\" content=\"sv_SE\" \/>\n<meta property=\"og:type\" content=\"article\" \/>\n<meta property=\"og:title\" content=\"Den silverf\u00e4rgade fiskens v\u00e4lm\u00e5ende speglar hela \u00d6stersj\u00f6ns tillst\u00e5nd. - \u00d6stersj\u00f6projektet\" \/>\n<meta property=\"og:description\" content=\"Str\u00f6mmingen (\u00d6stersj\u00f6sillen) har sannolikt varit en nyckelart i sitt ekosystem i tusentals \u00e5r. Hur ser dess framtid ut?\" \/>\n<meta property=\"og:url\" content=\"https:\/\/itameriprojekti.fi\/sv\/nyheter\/den-silverfargade-fiskens-valmaende-speglar-hela-ostersjons-tillstand\/\" \/>\n<meta property=\"og:site_name\" content=\"\u00d6stersj\u00f6projektet\" \/>\n<meta property=\"article:published_time\" content=\"2024-12-11T12:33:49+00:00\" \/>\n<meta property=\"article:modified_time\" content=\"2024-12-11T12:48:08+00:00\" \/>\n<meta property=\"og:image\" content=\"https:\/\/itameriprojekti.fi\/wp-content\/uploads\/2024\/12\/Itameri_kansikuva_.jpg\" \/>\n\t<meta property=\"og:image:width\" content=\"1920\" \/>\n\t<meta property=\"og:image:height\" content=\"1080\" \/>\n\t<meta property=\"og:image:type\" content=\"image\/jpeg\" \/>\n<meta name=\"author\" content=\"Kaisa Viitasalo\" \/>\n<meta name=\"twitter:card\" content=\"summary_large_image\" \/>\n<meta name=\"twitter:label1\" content=\"Skriven av\" \/>\n\t<meta name=\"twitter:data1\" content=\"Kaisa Viitasalo\" \/>\n\t<meta name=\"twitter:label2\" content=\"Ber\u00e4knad l\u00e4stid\" \/>\n\t<meta name=\"twitter:data2\" content=\"4 minuter\" \/>\n<script type=\"application\/ld+json\" class=\"yoast-schema-graph\">{\"@context\":\"https:\/\/schema.org\",\"@graph\":[{\"@type\":\"Article\",\"@id\":\"https:\/\/itameriprojekti.fi\/sv\/nyheter\/den-silverfargade-fiskens-valmaende-speglar-hela-ostersjons-tillstand\/#article\",\"isPartOf\":{\"@id\":\"https:\/\/itameriprojekti.fi\/sv\/nyheter\/den-silverfargade-fiskens-valmaende-speglar-hela-ostersjons-tillstand\/\"},\"author\":{\"name\":\"Kaisa Viitasalo\",\"@id\":\"https:\/\/itameriprojekti.fi\/sv\/#\/schema\/person\/b3fe9aedfe254c429b98e4dda92ee251\"},\"headline\":\"Den silverf\u00e4rgade fiskens v\u00e4lm\u00e5ende speglar hela \u00d6stersj\u00f6ns tillst\u00e5nd.\",\"datePublished\":\"2024-12-11T12:33:49+00:00\",\"dateModified\":\"2024-12-11T12:48:08+00:00\",\"mainEntityOfPage\":{\"@id\":\"https:\/\/itameriprojekti.fi\/sv\/nyheter\/den-silverfargade-fiskens-valmaende-speglar-hela-ostersjons-tillstand\/\"},\"wordCount\":643,\"image\":{\"@id\":\"https:\/\/itameriprojekti.fi\/sv\/nyheter\/den-silverfargade-fiskens-valmaende-speglar-hela-ostersjons-tillstand\/#primaryimage\"},\"thumbnailUrl\":\"https:\/\/itameriprojekti.fi\/wp-content\/uploads\/2024\/12\/Itameri_kansikuva_.jpg\",\"keywords\":[\"It\u00e4meriprojekti\",\"\u00d6stersj\u00f6\"],\"articleSection\":[\"Nyheter\"],\"inLanguage\":\"sv-SE\"},{\"@type\":\"WebPage\",\"@id\":\"https:\/\/itameriprojekti.fi\/sv\/nyheter\/den-silverfargade-fiskens-valmaende-speglar-hela-ostersjons-tillstand\/\",\"url\":\"https:\/\/itameriprojekti.fi\/sv\/nyheter\/den-silverfargade-fiskens-valmaende-speglar-hela-ostersjons-tillstand\/\",\"name\":\"Den silverf\u00e4rgade fiskens v\u00e4lm\u00e5ende speglar hela \u00d6stersj\u00f6ns tillst\u00e5nd. - \u00d6stersj\u00f6projektet\",\"isPartOf\":{\"@id\":\"https:\/\/itameriprojekti.fi\/sv\/#website\"},\"primaryImageOfPage\":{\"@id\":\"https:\/\/itameriprojekti.fi\/sv\/nyheter\/den-silverfargade-fiskens-valmaende-speglar-hela-ostersjons-tillstand\/#primaryimage\"},\"image\":{\"@id\":\"https:\/\/itameriprojekti.fi\/sv\/nyheter\/den-silverfargade-fiskens-valmaende-speglar-hela-ostersjons-tillstand\/#primaryimage\"},\"thumbnailUrl\":\"https:\/\/itameriprojekti.fi\/wp-content\/uploads\/2024\/12\/Itameri_kansikuva_.jpg\",\"datePublished\":\"2024-12-11T12:33:49+00:00\",\"dateModified\":\"2024-12-11T12:48:08+00:00\",\"author\":{\"@id\":\"https:\/\/itameriprojekti.fi\/sv\/#\/schema\/person\/b3fe9aedfe254c429b98e4dda92ee251\"},\"breadcrumb\":{\"@id\":\"https:\/\/itameriprojekti.fi\/sv\/nyheter\/den-silverfargade-fiskens-valmaende-speglar-hela-ostersjons-tillstand\/#breadcrumb\"},\"inLanguage\":\"sv-SE\",\"potentialAction\":[{\"@type\":\"ReadAction\",\"target\":[\"https:\/\/itameriprojekti.fi\/sv\/nyheter\/den-silverfargade-fiskens-valmaende-speglar-hela-ostersjons-tillstand\/\"]}]},{\"@type\":\"ImageObject\",\"inLanguage\":\"sv-SE\",\"@id\":\"https:\/\/itameriprojekti.fi\/sv\/nyheter\/den-silverfargade-fiskens-valmaende-speglar-hela-ostersjons-tillstand\/#primaryimage\",\"url\":\"https:\/\/itameriprojekti.fi\/wp-content\/uploads\/2024\/12\/Itameri_kansikuva_.jpg\",\"contentUrl\":\"https:\/\/itameriprojekti.fi\/wp-content\/uploads\/2024\/12\/Itameri_kansikuva_.jpg\",\"width\":1920,\"height\":1080,\"caption\":\"Sinis\u00e4vyinen kuva It\u00e4meren aallokosta.\"},{\"@type\":\"BreadcrumbList\",\"@id\":\"https:\/\/itameriprojekti.fi\/sv\/nyheter\/den-silverfargade-fiskens-valmaende-speglar-hela-ostersjons-tillstand\/#breadcrumb\",\"itemListElement\":[{\"@type\":\"ListItem\",\"position\":1,\"name\":\"Framsida\",\"item\":\"https:\/\/itameriprojekti.fi\/sv\/\"},{\"@type\":\"ListItem\",\"position\":2,\"name\":\"Den silverf\u00e4rgade fiskens v\u00e4lm\u00e5ende speglar hela \u00d6stersj\u00f6ns tillst\u00e5nd.\"}]},{\"@type\":\"WebSite\",\"@id\":\"https:\/\/itameriprojekti.fi\/sv\/#website\",\"url\":\"https:\/\/itameriprojekti.fi\/sv\/\",\"name\":\"\u00d6stersj\u00f6projektet\",\"description\":\"\u00c5landsbankenin It\u00e4meriprojekti parantaa It\u00e4meren tilaa\",\"potentialAction\":[{\"@type\":\"SearchAction\",\"target\":{\"@type\":\"EntryPoint\",\"urlTemplate\":\"https:\/\/itameriprojekti.fi\/sv\/?s={search_term_string}\"},\"query-input\":{\"@type\":\"PropertyValueSpecification\",\"valueRequired\":true,\"valueName\":\"search_term_string\"}}],\"inLanguage\":\"sv-SE\"},{\"@type\":\"Person\",\"@id\":\"https:\/\/itameriprojekti.fi\/sv\/#\/schema\/person\/b3fe9aedfe254c429b98e4dda92ee251\",\"name\":\"Kaisa Viitasalo\"}]}<\/script>\n<!-- \/ Yoast SEO plugin. -->","yoast_head_json":{"title":"Den silverf\u00e4rgade fiskens v\u00e4lm\u00e5ende speglar hela \u00d6stersj\u00f6ns tillst\u00e5nd. - \u00d6stersj\u00f6projektet","robots":{"index":"index","follow":"follow","max-snippet":"max-snippet:-1","max-image-preview":"max-image-preview:large","max-video-preview":"max-video-preview:-1"},"canonical":"https:\/\/itameriprojekti.fi\/sv\/nyheter\/den-silverfargade-fiskens-valmaende-speglar-hela-ostersjons-tillstand\/","og_locale":"sv_SE","og_type":"article","og_title":"Den silverf\u00e4rgade fiskens v\u00e4lm\u00e5ende speglar hela \u00d6stersj\u00f6ns tillst\u00e5nd. - \u00d6stersj\u00f6projektet","og_description":"Str\u00f6mmingen (\u00d6stersj\u00f6sillen) har sannolikt varit en nyckelart i sitt ekosystem i tusentals \u00e5r. Hur ser dess framtid ut?","og_url":"https:\/\/itameriprojekti.fi\/sv\/nyheter\/den-silverfargade-fiskens-valmaende-speglar-hela-ostersjons-tillstand\/","og_site_name":"\u00d6stersj\u00f6projektet","article_published_time":"2024-12-11T12:33:49+00:00","article_modified_time":"2024-12-11T12:48:08+00:00","og_image":[{"width":1920,"height":1080,"url":"https:\/\/itameriprojekti.fi\/wp-content\/uploads\/2024\/12\/Itameri_kansikuva_.jpg","type":"image\/jpeg"}],"author":"Kaisa Viitasalo","twitter_card":"summary_large_image","twitter_misc":{"Skriven av":"Kaisa Viitasalo","Ber\u00e4knad l\u00e4stid":"4 minuter"},"schema":{"@context":"https:\/\/schema.org","@graph":[{"@type":"Article","@id":"https:\/\/itameriprojekti.fi\/sv\/nyheter\/den-silverfargade-fiskens-valmaende-speglar-hela-ostersjons-tillstand\/#article","isPartOf":{"@id":"https:\/\/itameriprojekti.fi\/sv\/nyheter\/den-silverfargade-fiskens-valmaende-speglar-hela-ostersjons-tillstand\/"},"author":{"name":"Kaisa Viitasalo","@id":"https:\/\/itameriprojekti.fi\/sv\/#\/schema\/person\/b3fe9aedfe254c429b98e4dda92ee251"},"headline":"Den silverf\u00e4rgade fiskens v\u00e4lm\u00e5ende speglar hela \u00d6stersj\u00f6ns tillst\u00e5nd.","datePublished":"2024-12-11T12:33:49+00:00","dateModified":"2024-12-11T12:48:08+00:00","mainEntityOfPage":{"@id":"https:\/\/itameriprojekti.fi\/sv\/nyheter\/den-silverfargade-fiskens-valmaende-speglar-hela-ostersjons-tillstand\/"},"wordCount":643,"image":{"@id":"https:\/\/itameriprojekti.fi\/sv\/nyheter\/den-silverfargade-fiskens-valmaende-speglar-hela-ostersjons-tillstand\/#primaryimage"},"thumbnailUrl":"https:\/\/itameriprojekti.fi\/wp-content\/uploads\/2024\/12\/Itameri_kansikuva_.jpg","keywords":["It\u00e4meriprojekti","\u00d6stersj\u00f6"],"articleSection":["Nyheter"],"inLanguage":"sv-SE"},{"@type":"WebPage","@id":"https:\/\/itameriprojekti.fi\/sv\/nyheter\/den-silverfargade-fiskens-valmaende-speglar-hela-ostersjons-tillstand\/","url":"https:\/\/itameriprojekti.fi\/sv\/nyheter\/den-silverfargade-fiskens-valmaende-speglar-hela-ostersjons-tillstand\/","name":"Den silverf\u00e4rgade fiskens v\u00e4lm\u00e5ende speglar hela \u00d6stersj\u00f6ns tillst\u00e5nd. - \u00d6stersj\u00f6projektet","isPartOf":{"@id":"https:\/\/itameriprojekti.fi\/sv\/#website"},"primaryImageOfPage":{"@id":"https:\/\/itameriprojekti.fi\/sv\/nyheter\/den-silverfargade-fiskens-valmaende-speglar-hela-ostersjons-tillstand\/#primaryimage"},"image":{"@id":"https:\/\/itameriprojekti.fi\/sv\/nyheter\/den-silverfargade-fiskens-valmaende-speglar-hela-ostersjons-tillstand\/#primaryimage"},"thumbnailUrl":"https:\/\/itameriprojekti.fi\/wp-content\/uploads\/2024\/12\/Itameri_kansikuva_.jpg","datePublished":"2024-12-11T12:33:49+00:00","dateModified":"2024-12-11T12:48:08+00:00","author":{"@id":"https:\/\/itameriprojekti.fi\/sv\/#\/schema\/person\/b3fe9aedfe254c429b98e4dda92ee251"},"breadcrumb":{"@id":"https:\/\/itameriprojekti.fi\/sv\/nyheter\/den-silverfargade-fiskens-valmaende-speglar-hela-ostersjons-tillstand\/#breadcrumb"},"inLanguage":"sv-SE","potentialAction":[{"@type":"ReadAction","target":["https:\/\/itameriprojekti.fi\/sv\/nyheter\/den-silverfargade-fiskens-valmaende-speglar-hela-ostersjons-tillstand\/"]}]},{"@type":"ImageObject","inLanguage":"sv-SE","@id":"https:\/\/itameriprojekti.fi\/sv\/nyheter\/den-silverfargade-fiskens-valmaende-speglar-hela-ostersjons-tillstand\/#primaryimage","url":"https:\/\/itameriprojekti.fi\/wp-content\/uploads\/2024\/12\/Itameri_kansikuva_.jpg","contentUrl":"https:\/\/itameriprojekti.fi\/wp-content\/uploads\/2024\/12\/Itameri_kansikuva_.jpg","width":1920,"height":1080,"caption":"Sinis\u00e4vyinen kuva It\u00e4meren aallokosta."},{"@type":"BreadcrumbList","@id":"https:\/\/itameriprojekti.fi\/sv\/nyheter\/den-silverfargade-fiskens-valmaende-speglar-hela-ostersjons-tillstand\/#breadcrumb","itemListElement":[{"@type":"ListItem","position":1,"name":"Framsida","item":"https:\/\/itameriprojekti.fi\/sv\/"},{"@type":"ListItem","position":2,"name":"Den silverf\u00e4rgade fiskens v\u00e4lm\u00e5ende speglar hela \u00d6stersj\u00f6ns tillst\u00e5nd."}]},{"@type":"WebSite","@id":"https:\/\/itameriprojekti.fi\/sv\/#website","url":"https:\/\/itameriprojekti.fi\/sv\/","name":"\u00d6stersj\u00f6projektet","description":"\u00c5landsbankenin It\u00e4meriprojekti parantaa It\u00e4meren tilaa","potentialAction":[{"@type":"SearchAction","target":{"@type":"EntryPoint","urlTemplate":"https:\/\/itameriprojekti.fi\/sv\/?s={search_term_string}"},"query-input":{"@type":"PropertyValueSpecification","valueRequired":true,"valueName":"search_term_string"}}],"inLanguage":"sv-SE"},{"@type":"Person","@id":"https:\/\/itameriprojekti.fi\/sv\/#\/schema\/person\/b3fe9aedfe254c429b98e4dda92ee251","name":"Kaisa Viitasalo"}]}},"_links":{"self":[{"href":"https:\/\/itameriprojekti.fi\/sv\/wp-json\/wp\/v2\/posts\/1925","targetHints":{"allow":["GET"]}}],"collection":[{"href":"https:\/\/itameriprojekti.fi\/sv\/wp-json\/wp\/v2\/posts"}],"about":[{"href":"https:\/\/itameriprojekti.fi\/sv\/wp-json\/wp\/v2\/types\/post"}],"author":[{"embeddable":true,"href":"https:\/\/itameriprojekti.fi\/sv\/wp-json\/wp\/v2\/users\/7"}],"replies":[{"embeddable":true,"href":"https:\/\/itameriprojekti.fi\/sv\/wp-json\/wp\/v2\/comments?post=1925"}],"version-history":[{"count":1,"href":"https:\/\/itameriprojekti.fi\/sv\/wp-json\/wp\/v2\/posts\/1925\/revisions"}],"predecessor-version":[{"id":1926,"href":"https:\/\/itameriprojekti.fi\/sv\/wp-json\/wp\/v2\/posts\/1925\/revisions\/1926"}],"wp:featuredmedia":[{"embeddable":true,"href":"https:\/\/itameriprojekti.fi\/sv\/wp-json\/wp\/v2\/media\/1905"}],"wp:attachment":[{"href":"https:\/\/itameriprojekti.fi\/sv\/wp-json\/wp\/v2\/media?parent=1925"}],"wp:term":[{"taxonomy":"category","embeddable":true,"href":"https:\/\/itameriprojekti.fi\/sv\/wp-json\/wp\/v2\/categories?post=1925"},{"taxonomy":"post_tag","embeddable":true,"href":"https:\/\/itameriprojekti.fi\/sv\/wp-json\/wp\/v2\/tags?post=1925"}],"curies":[{"name":"wp","href":"https:\/\/api.w.org\/{rel}","templated":true}]}}