{"id":291,"date":"2019-07-19T09:56:41","date_gmt":"2019-07-19T06:56:41","guid":{"rendered":"https:\/\/itameriprojekti.fi\/rahoituksen_saajat\/taktominlahden-ennallistaminen-20-000-e\/"},"modified":"2023-12-20T15:14:02","modified_gmt":"2023-12-20T13:14:02","slug":"taktominlahden-ennallistaminen-20-000-e","status":"publish","type":"post","link":"https:\/\/itameriprojekti.fi\/sv\/rahoituksen-saajat\/taktominlahden-ennallistaminen-20-000-e\/","title":{"rendered":"T\u00e4ktominlahden ennallistaminen \u2013 20 000 \u20ac"},"content":{"rendered":"<h1>T\u00e4ktominlahden ennallistaminen \u2013 20 000 \u20ac<\/h1>\n<div class=\"project-article__intro\">\n<div class=\"project-article__intro\">\n<div class=\"project-article__intro\">\n<div class=\"project-article__intro\">\n<div class=\"project-article__intro\">\n<div class=\"project-article__intro\">\n<div class=\"project-article__intro\">\n<p>K\u00e4\u00e4nt\u00e4\u00e4ksemme negatiivisen kehityksen, k\u00e4ynnistimme operaatio T\u00e4ktominlahden vuonna 2010.<\/p>\n<\/div>\n<div class=\"project-article__content\"><strong>1.\u00a0Projektin nimi ja sen toteuttaja<\/strong><\/div>\n<\/div>\n<\/div>\n<\/div>\n<\/div>\n<\/div>\n<\/div>\n<p>T\u00e4ktominlahden ennallistaminen Hangon matkailutoimisto ja T\u00e4ktominlahden hoitoyhdistys ry<\/p>\n<p><strong>2.\u00a0Ongelman kuvaus<\/strong><\/p>\n<p><span class=\"Apple-style-span\">T\u00e4ktominlahti Hankoniemell\u00e4 on kuin It\u00e4meri pienoiskoossa: matala allas, jota ihminen on kohdellut kaltoin vuosikymmeni\u00e4. Lahteen laskevasta kalojen kutupurosta on muodostunut viem\u00e4ri, johon vetens\u00e4 laskee iso suoalue, maanviljelykset, lentokentt\u00e4 ja golf-kentt\u00e4. Ensin ehtyiv\u00e4t kalojen kutumahdollisuudet ja pikkuhiljaa my\u00f6s ravinnekuorma on rehev\u00f6itt\u00e4nyt upean, hiekkapohjaisen lahden ja se on kasvamassa umpeen.<\/span><\/p>\n<p><strong>3. Mihin projekti t\u00e4ht\u00e4\u00e4? \/ Milt\u00e4 ratkaisunne n\u00e4ytt\u00e4\u00e4?<\/strong><\/p>\n<p><span class=\"Apple-style-span\">K\u00e4\u00e4nt\u00e4\u00e4ksemme negatiivisen kehityksen, k\u00e4ynnistimme operaatio T\u00e4ktominlahden vuonna 2010. Olemme talkoilla ja paikallisten yritysten voimin rakentaneet yhden kosteikon parantamaan puron veden laatua, mutta tarvitsemme viel\u00e4 toisen kosteikon edellisen yl\u00e4puolelle p\u00e4\u00e4st\u00e4ksemme p\u00e4\u00e4m\u00e4\u00e4r\u00e4\u00e4n. T\u00e4m\u00e4n j\u00e4lkeen tulemme mahdollisuuksien mukaan kunnostamaan puron kalakuntoon ja lopulta ennallistaa lahden ja suoalueen.<\/span><\/p>\n<p><strong>4.\u00a0Miten projekti my\u00f6t\u00e4vaikuttaa It\u00e4meren tilan parantamiseen?<\/strong><\/p>\n<article class=\"project-article\">\n<div class=\"project-article__content\">\n<p><span class=\"Apple-style-span\">Projekti my\u00f6t\u00e4vaikuttaa It\u00e4meren tilan parantamiseen kahdella tavalla. Ensinn\u00e4kin It\u00e4mereen valuu v\u00e4hemm\u00e4n ravinteita kun vedenlaatu purossa paranee. Toinen t\u00e4rke\u00e4 p\u00e4\u00e4m\u00e4\u00e4r\u00e4 projektille on ymp\u00e4rist\u00f6kasvatus. Projektin vet\u00e4j\u00e4, T\u00e4ktominlahden hoitoyhdistyksen puheenjohtaja, Ari Heinil\u00e4 on media-ammattilainen, mink\u00e4 takia projektilla on ollut ja tulee olemaan hyv\u00e4 median\u00e4kyvyys. \u201dHaluamme olla esimerkkin\u00e4 It\u00e4meren suojelussa ja siin\u00e4, miten yksitt\u00e4iset kansalaiset voivat vaikuttaa ymp\u00e4rist\u00f6mme tilaan\u201d, h\u00e4n painottaa. T\u00e4ktominlahdella vierailee vuosittain ryhmi\u00e4 tutustumassa toimintaan ja mm. Hangon lukiot ovat olleet innolla mukana projektissa. Tavoitteena on ett\u00e4 lukiolaiset mm. tutkivat valuma-alueen p\u00e4\u00e4st\u00f6l\u00e4hteit\u00e4, selvitt\u00e4\u00e4 taustoja, istuttaa kosteikkokasveja ja valistaa paikallisia asukkaita ymp\u00e4rist\u00f6asioissa. Kaikella t\u00e4ll\u00e4 vuorovaikutteisella toiminnalla n\u00e4yt\u00e4mme esimerkki\u00e4 siit\u00e4, mit\u00e4 jokainen voi tehd\u00e4 yhteisen meremme hyv\u00e4ksi.<\/span><\/p>\n<\/div>\n<\/article>\n","protected":false},"excerpt":{"rendered":"<p>K\u00e4\u00e4nt\u00e4\u00e4ksemme negatiivisen kehityksen, k\u00e4ynnistimme operaatio T\u00e4ktominlahden vuonna 2010. <\/p>\n","protected":false},"author":2,"featured_media":292,"comment_status":"closed","ping_status":"closed","sticky":false,"template":"","format":"standard","meta":{"footnotes":""},"categories":[7],"tags":[],"class_list":["post-291","post","type-post","status-publish","format-standard","has-post-thumbnail","hentry","category-rahoituksen-saajat"],"yoast_head":"<!-- This site is optimized with the Yoast SEO plugin v27.0 - https:\/\/yoast.com\/product\/yoast-seo-wordpress\/ -->\n<title>T\u00e4ktominlahden ennallistaminen \u2013 20 000 \u20ac - \u00d6stersj\u00f6projektet<\/title>\n<meta name=\"robots\" content=\"index, follow, max-snippet:-1, max-image-preview:large, max-video-preview:-1\" \/>\n<link rel=\"canonical\" href=\"https:\/\/itameriprojekti.fi\/sv\/rahoituksen-saajat\/taktominlahden-ennallistaminen-20-000-e\/\" \/>\n<meta property=\"og:locale\" content=\"sv_SE\" \/>\n<meta property=\"og:type\" content=\"article\" \/>\n<meta property=\"og:title\" content=\"T\u00e4ktominlahden ennallistaminen \u2013 20 000 \u20ac - \u00d6stersj\u00f6projektet\" \/>\n<meta property=\"og:description\" content=\"K\u00e4\u00e4nt\u00e4\u00e4ksemme negatiivisen kehityksen, k\u00e4ynnistimme operaatio T\u00e4ktominlahden vuonna 2010.\" \/>\n<meta property=\"og:url\" content=\"https:\/\/itameriprojekti.fi\/sv\/rahoituksen-saajat\/taktominlahden-ennallistaminen-20-000-e\/\" \/>\n<meta property=\"og:site_name\" content=\"\u00d6stersj\u00f6projektet\" \/>\n<meta property=\"article:published_time\" content=\"2019-07-19T06:56:41+00:00\" \/>\n<meta property=\"article:modified_time\" content=\"2023-12-20T13:14:02+00:00\" \/>\n<meta property=\"og:image\" content=\"https:\/\/itameriprojekti.fi\/wp-content\/uploads\/2019\/07\/Taktomilahti-scaled.jpg\" \/>\n\t<meta property=\"og:image:width\" content=\"2560\" \/>\n\t<meta property=\"og:image:height\" content=\"1443\" \/>\n\t<meta property=\"og:image:type\" content=\"image\/jpeg\" \/>\n<meta name=\"author\" content=\"markus\" \/>\n<meta name=\"twitter:card\" content=\"summary_large_image\" \/>\n<meta name=\"twitter:label1\" content=\"Skriven av\" \/>\n\t<meta name=\"twitter:data1\" content=\"markus\" \/>\n\t<meta name=\"twitter:label2\" content=\"Ber\u00e4knad l\u00e4stid\" \/>\n\t<meta name=\"twitter:data2\" content=\"1 minut\" \/>\n<script type=\"application\/ld+json\" class=\"yoast-schema-graph\">{\"@context\":\"https:\/\/schema.org\",\"@graph\":[{\"@type\":\"Article\",\"@id\":\"https:\/\/itameriprojekti.fi\/sv\/rahoituksen-saajat\/taktominlahden-ennallistaminen-20-000-e\/#article\",\"isPartOf\":{\"@id\":\"https:\/\/itameriprojekti.fi\/sv\/rahoituksen-saajat\/taktominlahden-ennallistaminen-20-000-e\/\"},\"author\":{\"name\":\"markus\",\"@id\":\"https:\/\/itameriprojekti.fi\/sv\/#\/schema\/person\/5df17dada753df630ffc92ce3276ece8\"},\"headline\":\"T\u00e4ktominlahden ennallistaminen \u2013 20 000 \u20ac\",\"datePublished\":\"2019-07-19T06:56:41+00:00\",\"dateModified\":\"2023-12-20T13:14:02+00:00\",\"mainEntityOfPage\":{\"@id\":\"https:\/\/itameriprojekti.fi\/sv\/rahoituksen-saajat\/taktominlahden-ennallistaminen-20-000-e\/\"},\"wordCount\":295,\"image\":{\"@id\":\"https:\/\/itameriprojekti.fi\/sv\/rahoituksen-saajat\/taktominlahden-ennallistaminen-20-000-e\/#primaryimage\"},\"thumbnailUrl\":\"https:\/\/itameriprojekti.fi\/wp-content\/uploads\/2019\/07\/Taktomilahti-scaled.jpg\",\"articleSection\":[\"Rahoituksen saajat\"],\"inLanguage\":\"sv-SE\"},{\"@type\":\"WebPage\",\"@id\":\"https:\/\/itameriprojekti.fi\/sv\/rahoituksen-saajat\/taktominlahden-ennallistaminen-20-000-e\/\",\"url\":\"https:\/\/itameriprojekti.fi\/sv\/rahoituksen-saajat\/taktominlahden-ennallistaminen-20-000-e\/\",\"name\":\"T\u00e4ktominlahden ennallistaminen \u2013 20 000 \u20ac - \u00d6stersj\u00f6projektet\",\"isPartOf\":{\"@id\":\"https:\/\/itameriprojekti.fi\/sv\/#website\"},\"primaryImageOfPage\":{\"@id\":\"https:\/\/itameriprojekti.fi\/sv\/rahoituksen-saajat\/taktominlahden-ennallistaminen-20-000-e\/#primaryimage\"},\"image\":{\"@id\":\"https:\/\/itameriprojekti.fi\/sv\/rahoituksen-saajat\/taktominlahden-ennallistaminen-20-000-e\/#primaryimage\"},\"thumbnailUrl\":\"https:\/\/itameriprojekti.fi\/wp-content\/uploads\/2019\/07\/Taktomilahti-scaled.jpg\",\"datePublished\":\"2019-07-19T06:56:41+00:00\",\"dateModified\":\"2023-12-20T13:14:02+00:00\",\"author\":{\"@id\":\"https:\/\/itameriprojekti.fi\/sv\/#\/schema\/person\/5df17dada753df630ffc92ce3276ece8\"},\"breadcrumb\":{\"@id\":\"https:\/\/itameriprojekti.fi\/sv\/rahoituksen-saajat\/taktominlahden-ennallistaminen-20-000-e\/#breadcrumb\"},\"inLanguage\":\"sv-SE\",\"potentialAction\":[{\"@type\":\"ReadAction\",\"target\":[\"https:\/\/itameriprojekti.fi\/sv\/rahoituksen-saajat\/taktominlahden-ennallistaminen-20-000-e\/\"]}]},{\"@type\":\"ImageObject\",\"inLanguage\":\"sv-SE\",\"@id\":\"https:\/\/itameriprojekti.fi\/sv\/rahoituksen-saajat\/taktominlahden-ennallistaminen-20-000-e\/#primaryimage\",\"url\":\"https:\/\/itameriprojekti.fi\/wp-content\/uploads\/2019\/07\/Taktomilahti-scaled.jpg\",\"contentUrl\":\"https:\/\/itameriprojekti.fi\/wp-content\/uploads\/2019\/07\/Taktomilahti-scaled.jpg\",\"width\":2560,\"height\":1443},{\"@type\":\"BreadcrumbList\",\"@id\":\"https:\/\/itameriprojekti.fi\/sv\/rahoituksen-saajat\/taktominlahden-ennallistaminen-20-000-e\/#breadcrumb\",\"itemListElement\":[{\"@type\":\"ListItem\",\"position\":1,\"name\":\"Framsida\",\"item\":\"https:\/\/itameriprojekti.fi\/sv\/\"},{\"@type\":\"ListItem\",\"position\":2,\"name\":\"T\u00e4ktominlahden ennallistaminen \u2013 20 000 \u20ac\"}]},{\"@type\":\"WebSite\",\"@id\":\"https:\/\/itameriprojekti.fi\/sv\/#website\",\"url\":\"https:\/\/itameriprojekti.fi\/sv\/\",\"name\":\"\u00d6stersj\u00f6projektet\",\"description\":\"\u00c5landsbankenin It\u00e4meriprojekti parantaa It\u00e4meren tilaa\",\"potentialAction\":[{\"@type\":\"SearchAction\",\"target\":{\"@type\":\"EntryPoint\",\"urlTemplate\":\"https:\/\/itameriprojekti.fi\/sv\/?s={search_term_string}\"},\"query-input\":{\"@type\":\"PropertyValueSpecification\",\"valueRequired\":true,\"valueName\":\"search_term_string\"}}],\"inLanguage\":\"sv-SE\"},{\"@type\":\"Person\",\"@id\":\"https:\/\/itameriprojekti.fi\/sv\/#\/schema\/person\/5df17dada753df630ffc92ce3276ece8\",\"name\":\"markus\"}]}<\/script>\n<!-- \/ Yoast SEO plugin. -->","yoast_head_json":{"title":"T\u00e4ktominlahden ennallistaminen \u2013 20 000 \u20ac - \u00d6stersj\u00f6projektet","robots":{"index":"index","follow":"follow","max-snippet":"max-snippet:-1","max-image-preview":"max-image-preview:large","max-video-preview":"max-video-preview:-1"},"canonical":"https:\/\/itameriprojekti.fi\/sv\/rahoituksen-saajat\/taktominlahden-ennallistaminen-20-000-e\/","og_locale":"sv_SE","og_type":"article","og_title":"T\u00e4ktominlahden ennallistaminen \u2013 20 000 \u20ac - \u00d6stersj\u00f6projektet","og_description":"K\u00e4\u00e4nt\u00e4\u00e4ksemme negatiivisen kehityksen, k\u00e4ynnistimme operaatio T\u00e4ktominlahden vuonna 2010.","og_url":"https:\/\/itameriprojekti.fi\/sv\/rahoituksen-saajat\/taktominlahden-ennallistaminen-20-000-e\/","og_site_name":"\u00d6stersj\u00f6projektet","article_published_time":"2019-07-19T06:56:41+00:00","article_modified_time":"2023-12-20T13:14:02+00:00","og_image":[{"width":2560,"height":1443,"url":"https:\/\/itameriprojekti.fi\/wp-content\/uploads\/2019\/07\/Taktomilahti-scaled.jpg","type":"image\/jpeg"}],"author":"markus","twitter_card":"summary_large_image","twitter_misc":{"Skriven av":"markus","Ber\u00e4knad l\u00e4stid":"1 minut"},"schema":{"@context":"https:\/\/schema.org","@graph":[{"@type":"Article","@id":"https:\/\/itameriprojekti.fi\/sv\/rahoituksen-saajat\/taktominlahden-ennallistaminen-20-000-e\/#article","isPartOf":{"@id":"https:\/\/itameriprojekti.fi\/sv\/rahoituksen-saajat\/taktominlahden-ennallistaminen-20-000-e\/"},"author":{"name":"markus","@id":"https:\/\/itameriprojekti.fi\/sv\/#\/schema\/person\/5df17dada753df630ffc92ce3276ece8"},"headline":"T\u00e4ktominlahden ennallistaminen \u2013 20 000 \u20ac","datePublished":"2019-07-19T06:56:41+00:00","dateModified":"2023-12-20T13:14:02+00:00","mainEntityOfPage":{"@id":"https:\/\/itameriprojekti.fi\/sv\/rahoituksen-saajat\/taktominlahden-ennallistaminen-20-000-e\/"},"wordCount":295,"image":{"@id":"https:\/\/itameriprojekti.fi\/sv\/rahoituksen-saajat\/taktominlahden-ennallistaminen-20-000-e\/#primaryimage"},"thumbnailUrl":"https:\/\/itameriprojekti.fi\/wp-content\/uploads\/2019\/07\/Taktomilahti-scaled.jpg","articleSection":["Rahoituksen saajat"],"inLanguage":"sv-SE"},{"@type":"WebPage","@id":"https:\/\/itameriprojekti.fi\/sv\/rahoituksen-saajat\/taktominlahden-ennallistaminen-20-000-e\/","url":"https:\/\/itameriprojekti.fi\/sv\/rahoituksen-saajat\/taktominlahden-ennallistaminen-20-000-e\/","name":"T\u00e4ktominlahden ennallistaminen \u2013 20 000 \u20ac - \u00d6stersj\u00f6projektet","isPartOf":{"@id":"https:\/\/itameriprojekti.fi\/sv\/#website"},"primaryImageOfPage":{"@id":"https:\/\/itameriprojekti.fi\/sv\/rahoituksen-saajat\/taktominlahden-ennallistaminen-20-000-e\/#primaryimage"},"image":{"@id":"https:\/\/itameriprojekti.fi\/sv\/rahoituksen-saajat\/taktominlahden-ennallistaminen-20-000-e\/#primaryimage"},"thumbnailUrl":"https:\/\/itameriprojekti.fi\/wp-content\/uploads\/2019\/07\/Taktomilahti-scaled.jpg","datePublished":"2019-07-19T06:56:41+00:00","dateModified":"2023-12-20T13:14:02+00:00","author":{"@id":"https:\/\/itameriprojekti.fi\/sv\/#\/schema\/person\/5df17dada753df630ffc92ce3276ece8"},"breadcrumb":{"@id":"https:\/\/itameriprojekti.fi\/sv\/rahoituksen-saajat\/taktominlahden-ennallistaminen-20-000-e\/#breadcrumb"},"inLanguage":"sv-SE","potentialAction":[{"@type":"ReadAction","target":["https:\/\/itameriprojekti.fi\/sv\/rahoituksen-saajat\/taktominlahden-ennallistaminen-20-000-e\/"]}]},{"@type":"ImageObject","inLanguage":"sv-SE","@id":"https:\/\/itameriprojekti.fi\/sv\/rahoituksen-saajat\/taktominlahden-ennallistaminen-20-000-e\/#primaryimage","url":"https:\/\/itameriprojekti.fi\/wp-content\/uploads\/2019\/07\/Taktomilahti-scaled.jpg","contentUrl":"https:\/\/itameriprojekti.fi\/wp-content\/uploads\/2019\/07\/Taktomilahti-scaled.jpg","width":2560,"height":1443},{"@type":"BreadcrumbList","@id":"https:\/\/itameriprojekti.fi\/sv\/rahoituksen-saajat\/taktominlahden-ennallistaminen-20-000-e\/#breadcrumb","itemListElement":[{"@type":"ListItem","position":1,"name":"Framsida","item":"https:\/\/itameriprojekti.fi\/sv\/"},{"@type":"ListItem","position":2,"name":"T\u00e4ktominlahden ennallistaminen \u2013 20 000 \u20ac"}]},{"@type":"WebSite","@id":"https:\/\/itameriprojekti.fi\/sv\/#website","url":"https:\/\/itameriprojekti.fi\/sv\/","name":"\u00d6stersj\u00f6projektet","description":"\u00c5landsbankenin It\u00e4meriprojekti parantaa It\u00e4meren tilaa","potentialAction":[{"@type":"SearchAction","target":{"@type":"EntryPoint","urlTemplate":"https:\/\/itameriprojekti.fi\/sv\/?s={search_term_string}"},"query-input":{"@type":"PropertyValueSpecification","valueRequired":true,"valueName":"search_term_string"}}],"inLanguage":"sv-SE"},{"@type":"Person","@id":"https:\/\/itameriprojekti.fi\/sv\/#\/schema\/person\/5df17dada753df630ffc92ce3276ece8","name":"markus"}]}},"_links":{"self":[{"href":"https:\/\/itameriprojekti.fi\/sv\/wp-json\/wp\/v2\/posts\/291","targetHints":{"allow":["GET"]}}],"collection":[{"href":"https:\/\/itameriprojekti.fi\/sv\/wp-json\/wp\/v2\/posts"}],"about":[{"href":"https:\/\/itameriprojekti.fi\/sv\/wp-json\/wp\/v2\/types\/post"}],"author":[{"embeddable":true,"href":"https:\/\/itameriprojekti.fi\/sv\/wp-json\/wp\/v2\/users\/2"}],"replies":[{"embeddable":true,"href":"https:\/\/itameriprojekti.fi\/sv\/wp-json\/wp\/v2\/comments?post=291"}],"version-history":[{"count":1,"href":"https:\/\/itameriprojekti.fi\/sv\/wp-json\/wp\/v2\/posts\/291\/revisions"}],"predecessor-version":[{"id":574,"href":"https:\/\/itameriprojekti.fi\/sv\/wp-json\/wp\/v2\/posts\/291\/revisions\/574"}],"wp:featuredmedia":[{"embeddable":true,"href":"https:\/\/itameriprojekti.fi\/sv\/wp-json\/wp\/v2\/media\/292"}],"wp:attachment":[{"href":"https:\/\/itameriprojekti.fi\/sv\/wp-json\/wp\/v2\/media?parent=291"}],"wp:term":[{"taxonomy":"category","embeddable":true,"href":"https:\/\/itameriprojekti.fi\/sv\/wp-json\/wp\/v2\/categories?post=291"},{"taxonomy":"post_tag","embeddable":true,"href":"https:\/\/itameriprojekti.fi\/sv\/wp-json\/wp\/v2\/tags?post=291"}],"curies":[{"name":"wp","href":"https:\/\/api.w.org\/{rel}","templated":true}]}}